{"id":35427,"date":"2021-05-11T13:59:09","date_gmt":"2021-05-11T16:59:09","guid":{"rendered":"https:\/\/www.lasrosas.com.ar\/portal\/?p=35427"},"modified":"2021-05-15T11:47:34","modified_gmt":"2021-05-15T14:47:34","slug":"macarena-achaga","status":"publish","type":"post","link":"https:\/\/www.lasrosas.com.ar\/portal\/macarena-achaga\/","title":{"rendered":"MACARENA ACHAGA"},"content":{"rendered":"<p><b><i>Se puso en la piel de Michelle Salas, la hija del Sol de M\u00e9xico, y atrap\u00f3 al planeta entero con su interpretaci\u00f3n en la segunda entrega de \u201cLuis Miguel, la serie\u201d. Con ra\u00edces bien argentinas, logr\u00f3 consagrarse como un \u00edcono de la nueva generaci\u00f3n de actrices. Tiene en claro lo que quiere y no acepta \u2013ni enuncia- un no por respuesta. Nos damos el gusto de tener a Macarena Achaga, como COVER PROFILE.\u00a0<\/i><\/b><\/p>\n<p><img decoding=\"async\" class=\"aligncenter wp-image-35437 size-medium lazyload\" data-src=\"https:\/\/www.lasrosas.com.ar\/portal\/wp-content\/uploads\/LM-S2_02-GreenFlannel_00560_R-640x960.jpg\" alt=\"\" width=\"640\" height=\"960\" data-srcset=\"https:\/\/www.lasrosas.com.ar\/portal\/wp-content\/uploads\/LM-S2_02-GreenFlannel_00560_R-640x960.jpg 640w, https:\/\/www.lasrosas.com.ar\/portal\/wp-content\/uploads\/LM-S2_02-GreenFlannel_00560_R-1280x1920.jpg 1280w\" data-sizes=\"(max-width: 640px) 100vw, 640px\" src=\"data:image\/svg+xml;base64,PHN2ZyB3aWR0aD0iMSIgaGVpZ2h0PSIxIiB4bWxucz0iaHR0cDovL3d3dy53My5vcmcvMjAwMC9zdmciPjwvc3ZnPg==\" style=\"--smush-placeholder-width: 640px; --smush-placeholder-aspect-ratio: 640\/960;\" \/><\/p>\n<p>&nbsp;<\/p>\n<ul>\n<li aria-level=\"1\"><b>\u00bfC\u00f3mo te enteraste que ibas a formar parte del elenco de Luis Miguel, la serie \u2013 Temporada 2?<\/b><\/li>\n<\/ul>\n<p><span style=\"font-weight: 400;\">Me entere en una llamada llena de emoci\u00f3n. Fueron muchos meses de casting. Hasta \u00faltimo momento fue una lucha, todo el proceso, fue muy bonito. De a poquito fui acerc\u00e1ndome a Michelle. Por ejemplo, el \u00faltimo type lo mande desde Turqu\u00eda, desde un ba\u00f1o, a las doce de la noche, el \u00fanico lugar que ten\u00eda luz, es importante empezar y terminar las cosas (risas).\u00a0<\/span><\/p>\n<p>&nbsp;<\/p>\n<ul>\n<li aria-level=\"1\"><b>\u00bfC\u00f3mo fue componer a Michelle Salas?\u00a0<\/b><\/li>\n<\/ul>\n<p><span style=\"font-weight: 400;\">Fue un desaf\u00edo porque es una mujer muy ic\u00f3nica en M\u00e9xico.\u00a0 Yo la conozco, es una mujer con mucha personalidad, desde el principio era arriesgado porque yo sab\u00eda lo que era. Me tome este papel con mucha responsabilidad para poder contar mi humilde interpretaci\u00f3n de lo que fue Michelle en los a\u00f1os en los que ella no ten\u00eda voz y no habl\u00f3, de alguna forma. Quise respetar mucho su persona y tambi\u00e9n porque es un personaje en el que estoy inspirada en una persona en una etapa en la que nadie la vio y deja mucho en la imaginaci\u00f3n porque no deja de ser un personaje.\u00a0<\/span><\/p>\n<blockquote><p><img decoding=\"async\" class=\"aligncenter wp-image-35432 size-thumbnail lazyload\" data-src=\"https:\/\/www.lasrosas.com.ar\/portal\/wp-content\/uploads\/LuisMiguel-TheSeries_Season2_Episode3_00_25_14_21_R_v2-640x480.jpg\" alt=\"\" width=\"640\" height=\"480\" src=\"data:image\/svg+xml;base64,PHN2ZyB3aWR0aD0iMSIgaGVpZ2h0PSIxIiB4bWxucz0iaHR0cDovL3d3dy53My5vcmcvMjAwMC9zdmciPjwvc3ZnPg==\" style=\"--smush-placeholder-width: 640px; --smush-placeholder-aspect-ratio: 640\/480;\" \/><\/p>\n<p><em>\u201cInterpretar a Michelle Salas fue un desaf\u00edo, porque es una mujer muy ic\u00f3nica en M\u00e9xico, me tome este papel con mucha responsabilidad y quise respetar mucho su persona\u201d<\/em><\/p><\/blockquote>\n<p>&nbsp;<\/p>\n<ul>\n<li aria-level=\"1\"><b>\u00bfQu\u00e9 tiene Michelle que se refleja en Macarena?\u00a0<\/b><\/li>\n<\/ul>\n<p><span style=\"font-weight: 400;\">Nos parecemos mucho, lo poco que la conozco me parece una mujer que no acepta un \u201cno\u201d por respuesta. Si te soy s\u00faper sincera, esta carrera est\u00e1 llena de \u201cnos\u201d \u00f3sea, son la mayor\u00eda. Siento que de alguna forma es una especie de prop\u00f3sito de vida para m\u00ed: que lo personajes que interpreto tengan estas cualidades, mujeres que enserio se tomaron su vida de manera \u00fanica, tomaron las riendas y decidieron contar su historia. Ojala que yo inspire a hacerlo tambi\u00e9n. Que los dem\u00e1s digan \u201cyo tambi\u00e9n quiero ser fuerte y usar mi voz para defender lo que creo\u201d. Las similitudes son muchas y si logramos sentarnos a conversar nos vamos a sentir gratas.\u00a0<\/span><\/p>\n<blockquote>\n<div id=\"attachment_35433\" style=\"width: 650px\" class=\"wp-caption aligncenter\"><img decoding=\"async\" aria-describedby=\"caption-attachment-35433\" class=\"wp-image-35433 size-thumbnail lazyload\" data-src=\"https:\/\/www.lasrosas.com.ar\/portal\/wp-content\/uploads\/LM_203-SC44_0010_R-640x480.jpg\" alt=\"\" width=\"640\" height=\"480\" src=\"data:image\/svg+xml;base64,PHN2ZyB3aWR0aD0iMSIgaGVpZ2h0PSIxIiB4bWxucz0iaHR0cDovL3d3dy53My5vcmcvMjAwMC9zdmciPjwvc3ZnPg==\" style=\"--smush-placeholder-width: 640px; --smush-placeholder-aspect-ratio: 640\/480;\" \/><p id=\"caption-attachment-35433\" class=\"wp-caption-text\"><em>\u201cEs una especie de prop\u00f3sito de vida para m\u00ed que los personajes que interpreto tengan estas cualidades, mujeres que enserio se tomaron su vida de manera \u00fanica, tomaron las riendas y decidieron contar su historia\u201d<\/em><\/p><\/div><\/blockquote>\n<ul>\n<li aria-level=\"1\"><b>\u00bfC\u00f3mo proyectas tu carrera?\u00a0<\/b><\/li>\n<\/ul>\n<p><span style=\"font-weight: 400;\">En realidad mi carrera ha sido un descubrir. Yo siempre supe que ten\u00eda que hacer algo. Empec\u00e9 a los 15, fui descubriendo y construyendo. Es como la base del iceberg, fueron tantos a\u00f1os de no tener un peso no conocer a nadie, descubrir todo sola a 7mil km de mi familia que siempre est\u00e1n conmigo porque no dejan que mis valores cambien y que tenga los pies sobre el piso.\u00a0 Las ra\u00edces son muy importantes, eso me hace ser quien soy hoy y me hace poder interpretar los personajes que interpreto hoy. Yo nunca le digo \u201cno\u201d a nada, si vos me dec\u00eds vamos a saltar ac\u00e1, yo te digo que s\u00ed. Voy a tener miedo, s\u00ed, pero lo voy a hacer igual porque quiero terminar mi vida y decir \u201cya lo hice todo. No me quede con ganas de nada\u201d.<\/span><\/p>\n<blockquote>\n<div id=\"attachment_35439\" style=\"width: 650px\" class=\"wp-caption aligncenter\"><img decoding=\"async\" aria-describedby=\"caption-attachment-35439\" class=\"wp-image-35439 size-medium lazyload\" data-src=\"https:\/\/www.lasrosas.com.ar\/portal\/wp-content\/uploads\/LM-S2_04-GreySuit_01489_R-640x960.jpg\" alt=\"\" width=\"640\" height=\"960\" data-srcset=\"https:\/\/www.lasrosas.com.ar\/portal\/wp-content\/uploads\/LM-S2_04-GreySuit_01489_R-640x960.jpg 640w, https:\/\/www.lasrosas.com.ar\/portal\/wp-content\/uploads\/LM-S2_04-GreySuit_01489_R-1280x1920.jpg 1280w\" data-sizes=\"(max-width: 640px) 100vw, 640px\" src=\"data:image\/svg+xml;base64,PHN2ZyB3aWR0aD0iMSIgaGVpZ2h0PSIxIiB4bWxucz0iaHR0cDovL3d3dy53My5vcmcvMjAwMC9zdmciPjwvc3ZnPg==\" style=\"--smush-placeholder-width: 640px; --smush-placeholder-aspect-ratio: 640\/960;\" \/><p id=\"caption-attachment-35439\" class=\"wp-caption-text\"><em>\u201cQuiero terminar mi vida y decir ya lo hice todo. No me quede con ganas de nada\u201d<\/em><\/p><\/div><\/blockquote>\n<p><b>#LOSELEGIDOSDEMACA<\/b><\/p>\n<p><b>-\u00bfQu\u00e9 es lo mejor del elenco es?\u00a0<\/b><\/p>\n<p>La sincron\u00eda<\/p>\n<p><strong>-\u00bfQu\u00e9 fue lo que mas te cost\u00f3?<\/strong><\/p>\n<p><span style=\"font-weight: 400;\">Lo que mas me costo fue la distancia con mi familia durante la pandemia<\/span><\/p>\n<p><b>-\u00bfQu\u00e9 te ense\u00f1o este personaje? <\/b><\/p>\n<p><span style=\"font-weight: 400;\">Este personaje me ense\u00f1o a pelear por lo que creo<\/span><\/p>\n<p><b>-\u00bfQu\u00e9 es lo que m\u00e1s te divierte de grabar? <\/b><\/p>\n<p><span style=\"font-weight: 400;\">Lo que me divierte es contar historias que no me pasaron necesariamente\u00a0<\/span><\/p>\n<p><b>&#8211; \u00bfC\u00f3mo es la serie? <\/b><\/p>\n<p><span style=\"font-weight: 400;\">La serie es \u00a1una bomba!\u00a0<\/span><\/p>\n<p><b>&#8211; Si te tuvieras que definir en pocas palabras\u00a0<\/b><\/p>\n<p><span style=\"font-weight: 400;\">Soy una exploradora\u00a0<\/span><\/p>\n<blockquote>\n<div id=\"attachment_35434\" style=\"width: 650px\" class=\"wp-caption aligncenter\"><img decoding=\"async\" aria-describedby=\"caption-attachment-35434\" class=\"wp-image-35434 size-thumbnail lazyload\" data-src=\"https:\/\/www.lasrosas.com.ar\/portal\/wp-content\/uploads\/LM_203-SC16_0010_R_-640x480.jpeg\" alt=\"\" width=\"640\" height=\"480\" src=\"data:image\/svg+xml;base64,PHN2ZyB3aWR0aD0iMSIgaGVpZ2h0PSIxIiB4bWxucz0iaHR0cDovL3d3dy53My5vcmcvMjAwMC9zdmciPjwvc3ZnPg==\" style=\"--smush-placeholder-width: 640px; --smush-placeholder-aspect-ratio: 640\/480;\" \/><p id=\"caption-attachment-35434\" class=\"wp-caption-text\"><em>\u201cMi carrera ha sido un descubrir\u201d <\/em><\/p><\/div><\/blockquote>\n<!-- AddThis Advanced Settings generic via filter on the_content --><!-- AddThis Share Buttons generic via filter on the_content -->","protected":false},"excerpt":{"rendered":"<p>Se puso en la piel de Michelle Salas, la hija del Sol de M\u00e9xico, y atrap\u00f3 al planeta entero con su interpretaci\u00f3n en la segunda entrega de \u201cLuis Miguel, la serie\u201d. Con ra\u00edces bien argentinas, logr\u00f3 consagrarse como un \u00edcono de la nueva generaci\u00f3n de actrices. Tiene en claro lo que quiere y no acepta [&hellip;]<!-- AddThis Advanced Settings generic via filter on get_the_excerpt --><!-- AddThis Share Buttons generic via filter on get_the_excerpt --><\/p>\n","protected":false},"author":6,"featured_media":35430,"comment_status":"closed","ping_status":"open","sticky":false,"template":"","format":"standard","meta":{"_acf_changed":false,"om_disable_all_campaigns":false,"_monsterinsights_skip_tracking":false,"_monsterinsights_sitenote_active":false,"_monsterinsights_sitenote_note":"","_monsterinsights_sitenote_category":0,"_uf_show_specific_survey":0,"_uf_disable_surveys":false,"footnotes":""},"categories":[236,234,29,100,38],"tags":[],"class_list":["post-35427","post","type-post","status-publish","format-standard","has-post-thumbnail","hentry","category-cover-tapa","category-trend","category-revista","category-noticias","category-entrevistas"],"acf":[],"aioseo_notices":[],"_links":{"self":[{"href":"https:\/\/www.lasrosas.com.ar\/portal\/wp-json\/wp\/v2\/posts\/35427","targetHints":{"allow":["GET"]}}],"collection":[{"href":"https:\/\/www.lasrosas.com.ar\/portal\/wp-json\/wp\/v2\/posts"}],"about":[{"href":"https:\/\/www.lasrosas.com.ar\/portal\/wp-json\/wp\/v2\/types\/post"}],"author":[{"embeddable":true,"href":"https:\/\/www.lasrosas.com.ar\/portal\/wp-json\/wp\/v2\/users\/6"}],"replies":[{"embeddable":true,"href":"https:\/\/www.lasrosas.com.ar\/portal\/wp-json\/wp\/v2\/comments?post=35427"}],"version-history":[{"count":0,"href":"https:\/\/www.lasrosas.com.ar\/portal\/wp-json\/wp\/v2\/posts\/35427\/revisions"}],"wp:featuredmedia":[{"embeddable":true,"href":"https:\/\/www.lasrosas.com.ar\/portal\/wp-json\/wp\/v2\/media\/35430"}],"wp:attachment":[{"href":"https:\/\/www.lasrosas.com.ar\/portal\/wp-json\/wp\/v2\/media?parent=35427"}],"wp:term":[{"taxonomy":"category","embeddable":true,"href":"https:\/\/www.lasrosas.com.ar\/portal\/wp-json\/wp\/v2\/categories?post=35427"},{"taxonomy":"post_tag","embeddable":true,"href":"https:\/\/www.lasrosas.com.ar\/portal\/wp-json\/wp\/v2\/tags?post=35427"}],"curies":[{"name":"wp","href":"https:\/\/api.w.org\/{rel}","templated":true}]}}