{"id":35299,"date":"2021-05-06T14:27:10","date_gmt":"2021-05-06T17:27:10","guid":{"rendered":"https:\/\/www.lasrosas.com.ar\/portal\/?p=35299"},"modified":"2021-05-06T14:27:10","modified_gmt":"2021-05-06T17:27:10","slug":"el-cumpleanos-del-nino-real","status":"publish","type":"post","link":"https:\/\/www.lasrosas.com.ar\/portal\/el-cumpleanos-del-nino-real\/","title":{"rendered":"EL CUMPLEA\u00d1OS DEL NI\u00d1O REAL"},"content":{"rendered":"<p><span>El hijo del\u00a0<\/span><span>pr\u00edncipe <strong>Harry<\/strong><\/span><strong>\u00a0y\u00a0Meghan Markle<\/strong><span>\u00a0cumple dos a\u00f1os y, aunque est\u00e1 e ni\u00f1o real se encuentre lejos de la familia real, recibi\u00f3\u00a0mucho amor.<\/span><\/p>\n<p>La cuenta oficial de la Familia Real, que representa a la\u00a0<strong>Reina Isabel II<\/strong>\u00a0, comparti\u00f3 una dulce foto familiar de Harry y Meghan con su hijo reci\u00e9n nacido en el Castillo de Windsor, deseando a Archie Mountbatten-Windsor un muy feliz segundo cumplea\u00f1os hoy.<\/p>\n<p>Tanto como el pr\u00edncipe Carlos, Kate Middleton, el pr\u00edncipe William, entre otros miembros de la realeza expresaron y celebraron los dos a\u00f1os de Archie.<\/p>\n\r\n\t\t<style type='text\/css'>\r\n\t\t\t#gallery-1 {\r\n\t\t\t\tmargin: auto;\r\n\t\t\t}\r\n\t\t\t#gallery-1 .gallery-item {\r\n\t\t\t\tfloat: left;\r\n\t\t\t\tmargin-top: 10px;\r\n\t\t\t\ttext-align: center;\r\n\t\t\t\twidth: 33%;\r\n\t\t\t}\r\n\t\t\t#gallery-1 img {\r\n\t\t\t\tborder: 2px solid #cfcfcf;\r\n\t\t\t}\r\n\t\t\t#gallery-1 .gallery-caption {\r\n\t\t\t\tmargin-left: 0;\r\n\t\t\t}\r\n\t\t<\/style>\r\n\t\t<!-- see gallery_shortcode() in wp-includes\/media.php -->\n\t\t<div id='gallery-1' class='gallery galleryid-35299 gallery-columns-3 gallery-size-large gallery1'><script type=\"text\/javascript\">\r\n\/\/ <![CDATA[\r\n\tjQuery(document).ready(function () {\r\n\t\tjQuery(\".gallery1 a\").attr(\"rel\",\"gallery1\");\t\r\n\t\tjQuery('a[rel=\"gallery1\"]').colorbox({maxWidth:\"95%\", maxHeight:\"95%\",title: function(){ return jQuery(this).children().attr(\"alt\"); }, });\r\n\t});\r\n\/\/ ]]>\r\n<\/script>\n<dl class=\"gallery-item\">\n<dt class=\"gallery-icon\">\r\n<a href=\"https:\/\/www.lasrosas.com.ar\/portal\/wp-content\/uploads\/WhatsApp-Image-2021-05-06-at-14.16.27.jpeg\" title=\"\" rel=\"gallery1\"><img decoding=\"async\" data-src=\"https:\/\/www.lasrosas.com.ar\/portal\/wp-content\/uploads\/WhatsApp-Image-2021-05-06-at-14.16.27.jpeg\" width=\"643\" height=\"1024\" alt=\"\" src=\"data:image\/svg+xml;base64,PHN2ZyB3aWR0aD0iMSIgaGVpZ2h0PSIxIiB4bWxucz0iaHR0cDovL3d3dy53My5vcmcvMjAwMC9zdmciPjwvc3ZnPg==\" class=\"lazyload\" style=\"--smush-placeholder-width: 643px; --smush-placeholder-aspect-ratio: 643\/1024;\" \/><\/a>\r\n<\/dt><\/dl><dl class=\"gallery-item\">\n<dt class=\"gallery-icon\">\r\n<a href=\"https:\/\/www.lasrosas.com.ar\/portal\/wp-content\/uploads\/WhatsApp-Image-2021-05-06-at-14.16.27-1.jpeg\" title=\"\" rel=\"gallery1\"><img decoding=\"async\" data-src=\"https:\/\/www.lasrosas.com.ar\/portal\/wp-content\/uploads\/WhatsApp-Image-2021-05-06-at-14.16.27-1.jpeg\" width=\"642\" height=\"1024\" alt=\"\" src=\"data:image\/svg+xml;base64,PHN2ZyB3aWR0aD0iMSIgaGVpZ2h0PSIxIiB4bWxucz0iaHR0cDovL3d3dy53My5vcmcvMjAwMC9zdmciPjwvc3ZnPg==\" class=\"lazyload\" style=\"--smush-placeholder-width: 642px; --smush-placeholder-aspect-ratio: 642\/1024;\" \/><\/a>\r\n<\/dt><\/dl><dl class=\"gallery-item\">\n<dt class=\"gallery-icon\">\r\n<a href=\"https:\/\/www.lasrosas.com.ar\/portal\/wp-content\/uploads\/WhatsApp-Image-2021-05-06-at-14.05.40-1.jpeg\" title=\"\" rel=\"gallery1\"><img decoding=\"async\" data-src=\"https:\/\/www.lasrosas.com.ar\/portal\/wp-content\/uploads\/WhatsApp-Image-2021-05-06-at-14.05.40-1.jpeg\" width=\"645\" height=\"1024\" alt=\"\" src=\"data:image\/svg+xml;base64,PHN2ZyB3aWR0aD0iMSIgaGVpZ2h0PSIxIiB4bWxucz0iaHR0cDovL3d3dy53My5vcmcvMjAwMC9zdmciPjwvc3ZnPg==\" class=\"lazyload\" style=\"--smush-placeholder-width: 645px; --smush-placeholder-aspect-ratio: 645\/1024;\" \/><\/a>\r\n<\/dt><\/dl><br style=\"clear: both\" \/>\r\n\t\t<\/div>\n\n<p>&nbsp;<\/p>\n<p>Dato no menor la realeza brit\u00e1nica suele celebrar los cumplea\u00f1os difundiendo nuevas fotos, pero este a\u00f1o la tradici\u00f3n cambio ya realizaron sus saludos por la cuenta de Twitter oficial.<\/p>\n<p>Recordemos tambi\u00e9n que los mensajes se producen en medio de una tensi\u00f3n contaste entre la familia real y los duques de Sussex, sin dejar de lado que la pareja en tomo la decisi\u00f3n de renunciar como miembros reales en el a\u00f1o 2020, pero\u00a0la decisi\u00f3n se hizo oficial a principios de este a\u00f1o.<\/p>\n<p><span>Harry se reuni\u00f3 recientemente con su familia<\/span><span>\u00a0para el \u00edntimo funeral de su abuelo, el pr\u00edncipe Felipe.\u00a0<\/span><\/p>\n<!-- AddThis Advanced Settings generic via filter on the_content --><!-- AddThis Share Buttons generic via filter on the_content -->","protected":false},"excerpt":{"rendered":"<p>El hijo del\u00a0pr\u00edncipe Harry\u00a0y\u00a0Meghan Markle\u00a0cumple dos a\u00f1os y, aunque est\u00e1 e ni\u00f1o real se encuentre lejos de la familia real, recibi\u00f3\u00a0mucho amor. La cuenta oficial de la Familia Real, que representa a la\u00a0Reina Isabel II\u00a0, comparti\u00f3 una dulce foto familiar de Harry y Meghan con su hijo reci\u00e9n nacido en el Castillo de Windsor, deseando [&hellip;]<!-- AddThis Advanced Settings generic via filter on get_the_excerpt --><!-- AddThis Share Buttons generic via filter on get_the_excerpt --><\/p>\n","protected":false},"author":6,"featured_media":35310,"comment_status":"closed","ping_status":"open","sticky":false,"template":"","format":"standard","meta":{"_acf_changed":false,"om_disable_all_campaigns":false,"_monsterinsights_skip_tracking":false,"_monsterinsights_sitenote_active":false,"_monsterinsights_sitenote_note":"","_monsterinsights_sitenote_category":0,"_uf_show_specific_survey":0,"_uf_disable_surveys":false,"footnotes":""},"categories":[100],"tags":[],"class_list":["post-35299","post","type-post","status-publish","format-standard","has-post-thumbnail","hentry","category-noticias"],"acf":[],"aioseo_notices":[],"_links":{"self":[{"href":"https:\/\/www.lasrosas.com.ar\/portal\/wp-json\/wp\/v2\/posts\/35299","targetHints":{"allow":["GET"]}}],"collection":[{"href":"https:\/\/www.lasrosas.com.ar\/portal\/wp-json\/wp\/v2\/posts"}],"about":[{"href":"https:\/\/www.lasrosas.com.ar\/portal\/wp-json\/wp\/v2\/types\/post"}],"author":[{"embeddable":true,"href":"https:\/\/www.lasrosas.com.ar\/portal\/wp-json\/wp\/v2\/users\/6"}],"replies":[{"embeddable":true,"href":"https:\/\/www.lasrosas.com.ar\/portal\/wp-json\/wp\/v2\/comments?post=35299"}],"version-history":[{"count":0,"href":"https:\/\/www.lasrosas.com.ar\/portal\/wp-json\/wp\/v2\/posts\/35299\/revisions"}],"wp:featuredmedia":[{"embeddable":true,"href":"https:\/\/www.lasrosas.com.ar\/portal\/wp-json\/wp\/v2\/media\/35310"}],"wp:attachment":[{"href":"https:\/\/www.lasrosas.com.ar\/portal\/wp-json\/wp\/v2\/media?parent=35299"}],"wp:term":[{"taxonomy":"category","embeddable":true,"href":"https:\/\/www.lasrosas.com.ar\/portal\/wp-json\/wp\/v2\/categories?post=35299"},{"taxonomy":"post_tag","embeddable":true,"href":"https:\/\/www.lasrosas.com.ar\/portal\/wp-json\/wp\/v2\/tags?post=35299"}],"curies":[{"name":"wp","href":"https:\/\/api.w.org\/{rel}","templated":true}]}}