{"id":35034,"date":"2021-04-30T12:55:51","date_gmt":"2021-04-30T15:55:51","guid":{"rendered":"https:\/\/www.lasrosas.com.ar\/portal\/?p=35034"},"modified":"2021-04-30T12:55:51","modified_gmt":"2021-04-30T15:55:51","slug":"la-ley-y-el-orden-uve-por-campanella-ya-esta-lista","status":"publish","type":"post","link":"https:\/\/www.lasrosas.com.ar\/portal\/la-ley-y-el-orden-uve-por-campanella-ya-esta-lista\/","title":{"rendered":"LA LEY Y EL ORDEN UVE, POR CAMPANELLA YA EST\u00c1 LISTA!"},"content":{"rendered":"<div dir=\"ltr\">\n<div><span style=\"color: #000000;\"><em><strong>El aclamado director argentino\u00a0Juan Jos\u00e9 Campanella\u00a0dirigi\u00f3 el 9no episodio\u00a0\u201cLa Vuelta del Hijo Pr\u00f3digo\u201d\u00a0de la hist\u00f3rica temporada 22 de\u00a0\u00a8La Ley y el Orden UVE\u00a8\u00a0que estrenar\u00e1\u00a0este\u00a0pr\u00f3ximo martes 04 de mayo\u00a0a trav\u00e9s de\u00a0UNIVERSAL TV\u00a0en Argentina y toda Latinoam\u00e9rica.<\/strong><\/em><\/span><\/div>\n<div><\/div>\n<p>Del aclamado productor de series dram\u00e1ticas y ganador Emmy\u00ae,\u00a0Dick Wolf,\u00a0\u00a8La Ley y el Orden: UVE\u00a8\u00a0estrenar\u00e1 un nuevo episodio de su hist\u00f3rica temporada n\u00famero 22,\u00a0<u>convirti\u00e9ndose en la serie de acci\u00f3n de horario estelar m\u00e1s larga de todos los tiempos<\/u>, con el aclamado director argentino\u00a0Juan Jos\u00e9 Campanella\u00a0como director invitado.<\/div>\n<div dir=\"ltr\"><b>\u00a0<\/b><\/div>\n<div dir=\"ltr\">\n\r\n\t\t<style type='text\/css'>\r\n\t\t\t#gallery-1 {\r\n\t\t\t\tmargin: auto;\r\n\t\t\t}\r\n\t\t\t#gallery-1 .gallery-item {\r\n\t\t\t\tfloat: left;\r\n\t\t\t\tmargin-top: 10px;\r\n\t\t\t\ttext-align: center;\r\n\t\t\t\twidth: 50%;\r\n\t\t\t}\r\n\t\t\t#gallery-1 img {\r\n\t\t\t\tborder: 2px solid #cfcfcf;\r\n\t\t\t}\r\n\t\t\t#gallery-1 .gallery-caption {\r\n\t\t\t\tmargin-left: 0;\r\n\t\t\t}\r\n\t\t<\/style>\r\n\t\t<!-- see gallery_shortcode() in wp-includes\/media.php -->\n\t\t<div id='gallery-1' class='gallery galleryid-35034 gallery-columns-2 gallery-size-medium gallery1'><script type=\"text\/javascript\">\r\n\/\/ <![CDATA[\r\n\tjQuery(document).ready(function () {\r\n\t\tjQuery(\".gallery1 a\").attr(\"rel\",\"gallery1\");\t\r\n\t\tjQuery('a[rel=\"gallery1\"]').colorbox({maxWidth:\"95%\", maxHeight:\"95%\",title: function(){ return jQuery(this).children().attr(\"alt\"); }, });\r\n\t});\r\n\/\/ ]]>\r\n<\/script>\n<dl class=\"gallery-item\">\n<dt class=\"gallery-icon\">\r\n<a href=\"https:\/\/www.lasrosas.com.ar\/portal\/wp-content\/uploads\/Captura-de-pantalla-2021-04-29-a-las-09.38.50.png\" title=\"\" rel=\"gallery1\"><img decoding=\"async\" data-src=\"https:\/\/www.lasrosas.com.ar\/portal\/wp-content\/uploads\/Captura-de-pantalla-2021-04-29-a-las-09.38.50-960x638.png\" width=\"960\" height=\"638\" alt=\"\" src=\"data:image\/svg+xml;base64,PHN2ZyB3aWR0aD0iMSIgaGVpZ2h0PSIxIiB4bWxucz0iaHR0cDovL3d3dy53My5vcmcvMjAwMC9zdmciPjwvc3ZnPg==\" class=\"lazyload\" style=\"--smush-placeholder-width: 960px; --smush-placeholder-aspect-ratio: 960\/638;\" \/><\/a>\r\n<\/dt><\/dl><dl class=\"gallery-item\">\n<dt class=\"gallery-icon\">\r\n<a href=\"https:\/\/www.lasrosas.com.ar\/portal\/wp-content\/uploads\/Captura-de-pantalla-2021-04-29-a-las-09.38.36.png\" title=\"\" rel=\"gallery1\"><img decoding=\"async\" data-src=\"https:\/\/www.lasrosas.com.ar\/portal\/wp-content\/uploads\/Captura-de-pantalla-2021-04-29-a-las-09.38.36-960x642.png\" width=\"960\" height=\"642\" alt=\"\" src=\"data:image\/svg+xml;base64,PHN2ZyB3aWR0aD0iMSIgaGVpZ2h0PSIxIiB4bWxucz0iaHR0cDovL3d3dy53My5vcmcvMjAwMC9zdmciPjwvc3ZnPg==\" class=\"lazyload\" style=\"--smush-placeholder-width: 960px; --smush-placeholder-aspect-ratio: 960\/642;\" \/><\/a>\r\n<\/dt><\/dl><br style=\"clear: both\" \/>\r\n\t\t<\/div>\n\n<\/div>\n<div dir=\"ltr\">Juan Jos\u00e9 Campanella, director argentino ganador del Oscar a Mejor Pel\u00edcula Extranjera, ser\u00e1 el responsable del episodio que marcar\u00e1 el retorno de Christopher Meloni a la Unidad de V\u00edctimas Especiales. Lo que los fan\u00e1ticos tanto esperaban.<\/div>\n<!-- AddThis Advanced Settings generic via filter on the_content --><!-- AddThis Share Buttons generic via filter on the_content -->","protected":false},"excerpt":{"rendered":"<p>El aclamado director argentino\u00a0Juan Jos\u00e9 Campanella\u00a0dirigi\u00f3 el 9no episodio\u00a0\u201cLa Vuelta del Hijo Pr\u00f3digo\u201d\u00a0de la hist\u00f3rica temporada 22 de\u00a0\u00a8La Ley y el Orden UVE\u00a8\u00a0que estrenar\u00e1\u00a0este\u00a0pr\u00f3ximo martes 04 de mayo\u00a0a trav\u00e9s de\u00a0UNIVERSAL TV\u00a0en Argentina y toda Latinoam\u00e9rica. Del aclamado productor de series dram\u00e1ticas y ganador Emmy\u00ae,\u00a0Dick Wolf,\u00a0\u00a8La Ley y el Orden: UVE\u00a8\u00a0estrenar\u00e1 un nuevo episodio de su [&hellip;]<!-- AddThis Advanced Settings generic via filter on get_the_excerpt --><!-- AddThis Share Buttons generic via filter on get_the_excerpt --><\/p>\n","protected":false},"author":6,"featured_media":35035,"comment_status":"closed","ping_status":"open","sticky":false,"template":"","format":"standard","meta":{"_acf_changed":false,"om_disable_all_campaigns":false,"_monsterinsights_skip_tracking":false,"_monsterinsights_sitenote_active":false,"_monsterinsights_sitenote_note":"","_monsterinsights_sitenote_category":0,"_uf_show_specific_survey":0,"_uf_disable_surveys":false,"footnotes":""},"categories":[100],"tags":[],"class_list":["post-35034","post","type-post","status-publish","format-standard","has-post-thumbnail","hentry","category-noticias"],"acf":[],"aioseo_notices":[],"_links":{"self":[{"href":"https:\/\/www.lasrosas.com.ar\/portal\/wp-json\/wp\/v2\/posts\/35034","targetHints":{"allow":["GET"]}}],"collection":[{"href":"https:\/\/www.lasrosas.com.ar\/portal\/wp-json\/wp\/v2\/posts"}],"about":[{"href":"https:\/\/www.lasrosas.com.ar\/portal\/wp-json\/wp\/v2\/types\/post"}],"author":[{"embeddable":true,"href":"https:\/\/www.lasrosas.com.ar\/portal\/wp-json\/wp\/v2\/users\/6"}],"replies":[{"embeddable":true,"href":"https:\/\/www.lasrosas.com.ar\/portal\/wp-json\/wp\/v2\/comments?post=35034"}],"version-history":[{"count":0,"href":"https:\/\/www.lasrosas.com.ar\/portal\/wp-json\/wp\/v2\/posts\/35034\/revisions"}],"wp:featuredmedia":[{"embeddable":true,"href":"https:\/\/www.lasrosas.com.ar\/portal\/wp-json\/wp\/v2\/media\/35035"}],"wp:attachment":[{"href":"https:\/\/www.lasrosas.com.ar\/portal\/wp-json\/wp\/v2\/media?parent=35034"}],"wp:term":[{"taxonomy":"category","embeddable":true,"href":"https:\/\/www.lasrosas.com.ar\/portal\/wp-json\/wp\/v2\/categories?post=35034"},{"taxonomy":"post_tag","embeddable":true,"href":"https:\/\/www.lasrosas.com.ar\/portal\/wp-json\/wp\/v2\/tags?post=35034"}],"curies":[{"name":"wp","href":"https:\/\/api.w.org\/{rel}","templated":true}]}}