{"id":34996,"date":"2021-04-29T14:38:35","date_gmt":"2021-04-29T17:38:35","guid":{"rendered":"https:\/\/www.lasrosas.com.ar\/portal\/?p=34996"},"modified":"2021-04-29T14:38:35","modified_gmt":"2021-04-29T17:38:35","slug":"ya-llega-designers-buenos-aires-digital-edition-aw21","status":"publish","type":"post","link":"https:\/\/www.lasrosas.com.ar\/portal\/ya-llega-designers-buenos-aires-digital-edition-aw21\/","title":{"rendered":"YA LLEGA DESIGNERS BUENOS AIRES DIGITAL EDITION \/ AW21"},"content":{"rendered":"<p>Luego del \u00e9xito de su primera edici\u00f3n virtual, Designers Buenos Aires presenta una nueva semana de la moda digital que reunir\u00e1 a los dise\u00f1adores m\u00e1s prestigiosos del pa\u00eds. Del 29 de abril al 5 de mayo, se dar\u00e1n a conocer las colecciones oto\u00f1o-invierno 2021 de los referentes de la industria, a trav\u00e9s de innovadores desles virtuales y fashion lms.<\/p>\n<p>En l\u00ednea con los formatos digitales que el aislamiento impuso a nivel global, Designers Buenos Aires refuerza su apuesta por el talento nacional con contenidos que desaf\u00edan los l\u00edmites de la nueva normalidad. Su 18\u00b0 edici\u00f3n estar\u00e1 compuesta por las presentaciones de Tramando, Cala, JT, Chain, Ram\u00edrez, Evangelina Bomparola y Kost\u00fcme -que al mismo tiempo celebra sus 20 a\u00f1os de trayectoria-. En\u00a0conjunto con destacados directores y productores, cada una de las rmas mostrar\u00e1 su propuesta para la nueva temporada con piezas audiovisuales, a trav\u00e9s del perl de Instagram de @designersba.<\/p>\n<!-- AddThis Advanced Settings generic via filter on the_content --><!-- AddThis Share Buttons generic via filter on the_content -->","protected":false},"excerpt":{"rendered":"<p>Luego del \u00e9xito de su primera edici\u00f3n virtual, Designers Buenos Aires presenta una nueva semana de la moda digital que reunir\u00e1 a los dise\u00f1adores m\u00e1s prestigiosos del pa\u00eds. Del 29 de abril al 5 de mayo, se dar\u00e1n a conocer las colecciones oto\u00f1o-invierno 2021 de los referentes de la industria, a trav\u00e9s de innovadores desles [&hellip;]<!-- AddThis Advanced Settings generic via filter on get_the_excerpt --><!-- AddThis Share Buttons generic via filter on get_the_excerpt --><\/p>\n","protected":false},"author":6,"featured_media":35002,"comment_status":"closed","ping_status":"open","sticky":false,"template":"","format":"standard","meta":{"_acf_changed":false,"om_disable_all_campaigns":false,"_monsterinsights_skip_tracking":false,"_monsterinsights_sitenote_active":false,"_monsterinsights_sitenote_note":"","_monsterinsights_sitenote_category":0,"_uf_show_specific_survey":0,"_uf_disable_surveys":false,"footnotes":""},"categories":[100],"tags":[],"class_list":["post-34996","post","type-post","status-publish","format-standard","has-post-thumbnail","hentry","category-noticias"],"acf":[],"aioseo_notices":[],"_links":{"self":[{"href":"https:\/\/www.lasrosas.com.ar\/portal\/wp-json\/wp\/v2\/posts\/34996","targetHints":{"allow":["GET"]}}],"collection":[{"href":"https:\/\/www.lasrosas.com.ar\/portal\/wp-json\/wp\/v2\/posts"}],"about":[{"href":"https:\/\/www.lasrosas.com.ar\/portal\/wp-json\/wp\/v2\/types\/post"}],"author":[{"embeddable":true,"href":"https:\/\/www.lasrosas.com.ar\/portal\/wp-json\/wp\/v2\/users\/6"}],"replies":[{"embeddable":true,"href":"https:\/\/www.lasrosas.com.ar\/portal\/wp-json\/wp\/v2\/comments?post=34996"}],"version-history":[{"count":0,"href":"https:\/\/www.lasrosas.com.ar\/portal\/wp-json\/wp\/v2\/posts\/34996\/revisions"}],"wp:featuredmedia":[{"embeddable":true,"href":"https:\/\/www.lasrosas.com.ar\/portal\/wp-json\/wp\/v2\/media\/35002"}],"wp:attachment":[{"href":"https:\/\/www.lasrosas.com.ar\/portal\/wp-json\/wp\/v2\/media?parent=34996"}],"wp:term":[{"taxonomy":"category","embeddable":true,"href":"https:\/\/www.lasrosas.com.ar\/portal\/wp-json\/wp\/v2\/categories?post=34996"},{"taxonomy":"post_tag","embeddable":true,"href":"https:\/\/www.lasrosas.com.ar\/portal\/wp-json\/wp\/v2\/tags?post=34996"}],"curies":[{"name":"wp","href":"https:\/\/api.w.org\/{rel}","templated":true}]}}