{"id":34792,"date":"2021-04-21T18:19:54","date_gmt":"2021-04-21T21:19:54","guid":{"rendered":"https:\/\/www.lasrosas.com.ar\/portal\/?p=34792"},"modified":"2021-04-21T18:19:54","modified_gmt":"2021-04-21T21:19:54","slug":"ushuaia-invierno-2021-en-cordoba","status":"publish","type":"post","link":"https:\/\/www.lasrosas.com.ar\/portal\/ushuaia-invierno-2021-en-cordoba\/","title":{"rendered":"USHUAIA, INVIERNO 2021, EN C\u00d3RDOBA"},"content":{"rendered":"<div dir=\"auto\"><em>POR: Marcelo Lopez- @marcelolopezcba<\/em><\/div>\n<div dir=\"auto\"><\/div>\n<div dir=\"auto\">Contin\u00faa la promoci\u00f3n del destino Ushuaia para la pr\u00f3xima temporada invernal que llevan adelante de manera conjunta la Municipalidad de Ushuaia, a trav\u00e9s de la Secretar\u00eda de Turismo, \u00a0y la Agencia de Desarrollo Ushuaia Bureau. En C\u00f3rdoba y con la participaci\u00f3n de 98 operadores tur\u00edsticos, bajo la modalidad presencial y v\u00eda zoom, Ushuaia present\u00f3 sus atractivos para la temporada invernal, la calidad de los servicios, los protocolos vigentes y las medidas de bioseguridad implementadas que le valieron el sello Safe Travel.<\/div>\n<div dir=\"auto\">El secretario de Turismo de Ushuaia, David Ferreyra, resalt\u00f3 la importancia de la promoci\u00f3n que se lleva adelante en distintos puntos del pa\u00eds. \u201cHa sido una reuni\u00f3n muy importante con 48 operadores presenciales m\u00e1s 50 a trav\u00e9s del zoom, con gran participaci\u00f3n y mucho intercambio, mucho inter\u00e9s. Tenemos un compromiso muy grande con nuestra ciudad, que es \u00fanica y que est\u00e1 cada d\u00eda m\u00e1s linda y compartimos con todos los sectores del turismo, las agencias, la hoteler\u00eda, los alojamientos, la gastronom\u00eda y los comerciantes ese compromiso\u201d, dijo Ferreyra. \u201cPor eso estamos llevando adelante esta promoci\u00f3n de manera conjunta y es muy bien recibida en todas las presentaciones\u201d, indic\u00f3.<\/div>\n<div dir=\"auto\"><img decoding=\"async\" class=\"aligncenter size-full wp-image-34794 lazyload\" data-src=\"https:\/\/www.lasrosas.com.ar\/portal\/wp-content\/uploads\/dac4d14a-bb79-430d-904f-3839b5c5bcba.jpg\" alt=\"\" width=\"1280\" height=\"854\" data-srcset=\"https:\/\/www.lasrosas.com.ar\/portal\/wp-content\/uploads\/dac4d14a-bb79-430d-904f-3839b5c5bcba.jpg 1280w, https:\/\/www.lasrosas.com.ar\/portal\/wp-content\/uploads\/dac4d14a-bb79-430d-904f-3839b5c5bcba-960x641.jpg 960w\" data-sizes=\"(max-width: 1280px) 100vw, 1280px\" src=\"data:image\/svg+xml;base64,PHN2ZyB3aWR0aD0iMSIgaGVpZ2h0PSIxIiB4bWxucz0iaHR0cDovL3d3dy53My5vcmcvMjAwMC9zdmciPjwvc3ZnPg==\" style=\"--smush-placeholder-width: 1280px; --smush-placeholder-aspect-ratio: 1280\/854;\" \/><\/div>\n<div dir=\"auto\">Esteban Aviles, presidente de la Agencia C\u00f3rdoba Turismo destac\u00f3 el trabajo que ha presentado por el equipo que conforman la representaci\u00f3n de Ushuaia, \u201ctanto p\u00fablica como privada\u201d El Presidente de la Agencia C\u00f3rdoba Turismo destac\u00f3 los v\u00ednculos que unen a ambas ciudades y asegur\u00f3 que \u201cya estamos trabajando en recuperar la conectividad, que es determinante para el producto de Ushuaia, y tambi\u00e9n para el cordob\u00e9s\u201d.<\/div>\n<div dir=\"auto\">\u201cNos llevamos la mejor imagen de c\u00f3mo han jerarquizado los servicios y sus propuestas\u201d, asegur\u00f3 Aviles tras la presentaci\u00f3n del equipo de Ushuaia encargado de la promoci\u00f3n y remarc\u00f3 que \u201cen el encuentro estuvieron presentes todas las C\u00e1maras m\u00e1s importantes de la provincia de C\u00f3rdoba\u201d.<\/div>\n<!-- AddThis Advanced Settings generic via filter on the_content --><!-- AddThis Share Buttons generic via filter on the_content -->","protected":false},"excerpt":{"rendered":"<p>POR: Marcelo Lopez- @marcelolopezcba Contin\u00faa la promoci\u00f3n del destino Ushuaia para la pr\u00f3xima temporada invernal que llevan adelante de manera conjunta la Municipalidad de Ushuaia, a trav\u00e9s de la Secretar\u00eda de Turismo, \u00a0y la Agencia de Desarrollo Ushuaia Bureau. En C\u00f3rdoba y con la participaci\u00f3n de 98 operadores tur\u00edsticos, bajo la modalidad presencial y v\u00eda [&hellip;]<!-- AddThis Advanced Settings generic via filter on get_the_excerpt --><!-- AddThis Share Buttons generic via filter on get_the_excerpt --><\/p>\n","protected":false},"author":6,"featured_media":34793,"comment_status":"closed","ping_status":"open","sticky":false,"template":"","format":"standard","meta":{"_acf_changed":false,"om_disable_all_campaigns":false,"_monsterinsights_skip_tracking":false,"_monsterinsights_sitenote_active":false,"_monsterinsights_sitenote_note":"","_monsterinsights_sitenote_category":0,"_uf_show_specific_survey":0,"_uf_disable_surveys":false,"footnotes":""},"categories":[33],"tags":[],"class_list":["post-34792","post","type-post","status-publish","format-standard","has-post-thumbnail","hentry","category-las-rosas-trip"],"acf":[],"aioseo_notices":[],"_links":{"self":[{"href":"https:\/\/www.lasrosas.com.ar\/portal\/wp-json\/wp\/v2\/posts\/34792","targetHints":{"allow":["GET"]}}],"collection":[{"href":"https:\/\/www.lasrosas.com.ar\/portal\/wp-json\/wp\/v2\/posts"}],"about":[{"href":"https:\/\/www.lasrosas.com.ar\/portal\/wp-json\/wp\/v2\/types\/post"}],"author":[{"embeddable":true,"href":"https:\/\/www.lasrosas.com.ar\/portal\/wp-json\/wp\/v2\/users\/6"}],"replies":[{"embeddable":true,"href":"https:\/\/www.lasrosas.com.ar\/portal\/wp-json\/wp\/v2\/comments?post=34792"}],"version-history":[{"count":0,"href":"https:\/\/www.lasrosas.com.ar\/portal\/wp-json\/wp\/v2\/posts\/34792\/revisions"}],"wp:featuredmedia":[{"embeddable":true,"href":"https:\/\/www.lasrosas.com.ar\/portal\/wp-json\/wp\/v2\/media\/34793"}],"wp:attachment":[{"href":"https:\/\/www.lasrosas.com.ar\/portal\/wp-json\/wp\/v2\/media?parent=34792"}],"wp:term":[{"taxonomy":"category","embeddable":true,"href":"https:\/\/www.lasrosas.com.ar\/portal\/wp-json\/wp\/v2\/categories?post=34792"},{"taxonomy":"post_tag","embeddable":true,"href":"https:\/\/www.lasrosas.com.ar\/portal\/wp-json\/wp\/v2\/tags?post=34792"}],"curies":[{"name":"wp","href":"https:\/\/api.w.org\/{rel}","templated":true}]}}