{"id":34418,"date":"2021-04-08T12:56:10","date_gmt":"2021-04-08T15:56:10","guid":{"rendered":"https:\/\/www.lasrosas.com.ar\/portal\/?p=34418"},"modified":"2021-04-08T12:56:10","modified_gmt":"2021-04-08T15:56:10","slug":"umarket-presenta-pet-club-la-primera-coleccion-de-prendas-fashionistas-para-mascotas","status":"publish","type":"post","link":"https:\/\/www.lasrosas.com.ar\/portal\/umarket-presenta-pet-club-la-primera-coleccion-de-prendas-fashionistas-para-mascotas\/","title":{"rendered":"\u00dcMARKET PRESENTA PET CL\u00dcB, LA PRIMERA COLECCI\u00d3N DE PRENDAS FASHIONISTAS PARA MASCOTAS"},"content":{"rendered":"<p><strong><em>Una l\u00ednea pensada para brindarle confort a los perros y gatos que habitan en todas las casas y retribuirles un poco de todo el cari\u00f1o y amor que dan a diario.<\/em><\/strong><\/p>\n<p>Buenos Aires, Diciembre 2020. La marca \u00dcMARKET, creada por Julio Kim y pensada como un nuevo concepto de tienda online con productos curados y pensados para esta nueva normalidad, lanza PET CL\u00dcB, una colecci\u00f3n de prendas pensadas para agasajar a las mascotas y retribuirles todo ese amor que ellos brindan d\u00eda a d\u00eda. Esta nueva marca es ideal para las personas fashionistas que quieren que sus mascotas luzcan igual de bien, para aquellos perros y gatos que cosechan muchos followers en redes sociales y buscan la mejor foto para cautivar o simplemente para cualquiera que quiera mimar a su compa\u00f1ero fiel.<\/p>\n\r\n\t\t<style type='text\/css'>\r\n\t\t\t#gallery-1 {\r\n\t\t\t\tmargin: auto;\r\n\t\t\t}\r\n\t\t\t#gallery-1 .gallery-item {\r\n\t\t\t\tfloat: left;\r\n\t\t\t\tmargin-top: 10px;\r\n\t\t\t\ttext-align: center;\r\n\t\t\t\twidth: 50%;\r\n\t\t\t}\r\n\t\t\t#gallery-1 img {\r\n\t\t\t\tborder: 2px solid #cfcfcf;\r\n\t\t\t}\r\n\t\t\t#gallery-1 .gallery-caption {\r\n\t\t\t\tmargin-left: 0;\r\n\t\t\t}\r\n\t\t<\/style>\r\n\t\t<!-- see gallery_shortcode() in wp-includes\/media.php -->\n\t\t<div id='gallery-1' class='gallery galleryid-34418 gallery-columns-2 gallery-size-medium gallery1'><script type=\"text\/javascript\">\r\n\/\/ <![CDATA[\r\n\tjQuery(document).ready(function () {\r\n\t\tjQuery(\".gallery1 a\").attr(\"rel\",\"gallery1\");\t\r\n\t\tjQuery('a[rel=\"gallery1\"]').colorbox({maxWidth:\"95%\", maxHeight:\"95%\",title: function(){ return jQuery(this).children().attr(\"alt\"); }, });\r\n\t});\r\n\/\/ ]]>\r\n<\/script>\n<dl class=\"gallery-item\">\n<dt class=\"gallery-icon\">\r\n<a href=\"https:\/\/www.lasrosas.com.ar\/portal\/wp-content\/uploads\/thepetclub-00416.jpg\" title=\"\" rel=\"gallery1\"><img decoding=\"async\" data-src=\"https:\/\/www.lasrosas.com.ar\/portal\/wp-content\/uploads\/thepetclub-00416.jpg\" width=\"600\" height=\"800\" alt=\"\" src=\"data:image\/svg+xml;base64,PHN2ZyB3aWR0aD0iMSIgaGVpZ2h0PSIxIiB4bWxucz0iaHR0cDovL3d3dy53My5vcmcvMjAwMC9zdmciPjwvc3ZnPg==\" class=\"lazyload\" style=\"--smush-placeholder-width: 600px; --smush-placeholder-aspect-ratio: 600\/800;\" \/><\/a>\r\n<\/dt><\/dl><dl class=\"gallery-item\">\n<dt class=\"gallery-icon\">\r\n<a href=\"https:\/\/www.lasrosas.com.ar\/portal\/wp-content\/uploads\/thepetclub-00422.jpg\" title=\"\" rel=\"gallery1\"><img decoding=\"async\" data-src=\"https:\/\/www.lasrosas.com.ar\/portal\/wp-content\/uploads\/thepetclub-00422.jpg\" width=\"600\" height=\"800\" alt=\"\" src=\"data:image\/svg+xml;base64,PHN2ZyB3aWR0aD0iMSIgaGVpZ2h0PSIxIiB4bWxucz0iaHR0cDovL3d3dy53My5vcmcvMjAwMC9zdmciPjwvc3ZnPg==\" class=\"lazyload\" style=\"--smush-placeholder-width: 600px; --smush-placeholder-aspect-ratio: 600\/800;\" \/><\/a>\r\n<\/dt><\/dl><br style=\"clear: both\" \/>\r\n\t\t<\/div>\n\n<p>Durante la \u00e9poca de encierro la relaci\u00f3n de las mascotas con las personas se increment\u00f3 de manera exponencial y as\u00ed se redise\u00f1aron los v\u00ednculos que hab\u00eda entre ellos. Es por eso que desde \u00dcMARKET analizaron y entendieron que una buena opci\u00f3n para celebrar esta nueva normalidad de convivencia tan cercana, ameritaba que estos animales tambi\u00e9n tengan prendas dise\u00f1adas que sigan l\u00edneas de tendencias y que tengan calidad en las telas y en la confecci\u00f3n.<\/p>\n<p>\u201cEstamos en constante crecimiento y expansi\u00f3n con el grupo de marcas de la empresa. Nuestro desaf\u00edo es adaptarnos, buscar nuevas formas de salir adelante y motivar a cada departamento para estar siempre generando ideas, adem\u00e1s de avanzar trabajando en conjunto para cumplir objetivos. Por eso se nos ocurri\u00f3 la idea de lanzar PET CL\u00dcB para que nuestras mascotas puedan tener un estilo de vida m\u00e1s confortable al igual que los humanos.\u201d, coment\u00f3 Nicol\u00e1s Pollola Gerente General.<\/p>\n\r\n\t\t<style type='text\/css'>\r\n\t\t\t#gallery-2 {\r\n\t\t\t\tmargin: auto;\r\n\t\t\t}\r\n\t\t\t#gallery-2 .gallery-item {\r\n\t\t\t\tfloat: left;\r\n\t\t\t\tmargin-top: 10px;\r\n\t\t\t\ttext-align: center;\r\n\t\t\t\twidth: 33%;\r\n\t\t\t}\r\n\t\t\t#gallery-2 img {\r\n\t\t\t\tborder: 2px solid #cfcfcf;\r\n\t\t\t}\r\n\t\t\t#gallery-2 .gallery-caption {\r\n\t\t\t\tmargin-left: 0;\r\n\t\t\t}\r\n\t\t<\/style>\r\n\t\t<!-- see gallery_shortcode() in wp-includes\/media.php -->\n\t\t<div id='gallery-2' class='gallery galleryid-34418 gallery-columns-3 gallery-size-medium gallery1'><script type=\"text\/javascript\">\r\n\/\/ <![CDATA[\r\n\tjQuery(document).ready(function () {\r\n\t\tjQuery(\".gallery1 a\").attr(\"rel\",\"gallery1\");\t\r\n\t\tjQuery('a[rel=\"gallery1\"]').colorbox({maxWidth:\"95%\", maxHeight:\"95%\",title: function(){ return jQuery(this).children().attr(\"alt\"); }, });\r\n\t});\r\n\/\/ ]]>\r\n<\/script>\n<dl class=\"gallery-item\">\n<dt class=\"gallery-icon\">\r\n<a href=\"https:\/\/www.lasrosas.com.ar\/portal\/wp-content\/uploads\/thepetclub-00195.jpg\" title=\"\" rel=\"gallery1\"><img decoding=\"async\" data-src=\"https:\/\/www.lasrosas.com.ar\/portal\/wp-content\/uploads\/thepetclub-00195.jpg\" width=\"600\" height=\"800\" alt=\"\" src=\"data:image\/svg+xml;base64,PHN2ZyB3aWR0aD0iMSIgaGVpZ2h0PSIxIiB4bWxucz0iaHR0cDovL3d3dy53My5vcmcvMjAwMC9zdmciPjwvc3ZnPg==\" class=\"lazyload\" style=\"--smush-placeholder-width: 600px; --smush-placeholder-aspect-ratio: 600\/800;\" \/><\/a>\r\n<\/dt><\/dl><dl class=\"gallery-item\">\n<dt class=\"gallery-icon\">\r\n<a href=\"https:\/\/www.lasrosas.com.ar\/portal\/wp-content\/uploads\/thepetclub-00258-2.jpg\" title=\"\" rel=\"gallery1\"><img decoding=\"async\" data-src=\"https:\/\/www.lasrosas.com.ar\/portal\/wp-content\/uploads\/thepetclub-00258-2.jpg\" width=\"600\" height=\"800\" alt=\"\" src=\"data:image\/svg+xml;base64,PHN2ZyB3aWR0aD0iMSIgaGVpZ2h0PSIxIiB4bWxucz0iaHR0cDovL3d3dy53My5vcmcvMjAwMC9zdmciPjwvc3ZnPg==\" class=\"lazyload\" style=\"--smush-placeholder-width: 600px; --smush-placeholder-aspect-ratio: 600\/800;\" \/><\/a>\r\n<\/dt><\/dl><dl class=\"gallery-item\">\n<dt class=\"gallery-icon\">\r\n<a href=\"https:\/\/www.lasrosas.com.ar\/portal\/wp-content\/uploads\/thepetclub-00374.jpg\" title=\"\" rel=\"gallery1\"><img decoding=\"async\" data-src=\"https:\/\/www.lasrosas.com.ar\/portal\/wp-content\/uploads\/thepetclub-00374.jpg\" width=\"600\" height=\"800\" alt=\"\" src=\"data:image\/svg+xml;base64,PHN2ZyB3aWR0aD0iMSIgaGVpZ2h0PSIxIiB4bWxucz0iaHR0cDovL3d3dy53My5vcmcvMjAwMC9zdmciPjwvc3ZnPg==\" class=\"lazyload\" style=\"--smush-placeholder-width: 600px; --smush-placeholder-aspect-ratio: 600\/800;\" \/><\/a>\r\n<\/dt><\/dl><br style=\"clear: both\" \/>\r\n\t\t<\/div>\n\n<p>PET CL\u00dcB ofrece un total de 25 prendas que son tanto para perros y gatos y que contempla todo el universo de tama\u00f1os y razas de las mascotas. La idea es una colecci\u00f3n que tienda a la inclusividad y que cualquiera fuese la raza, pueda optar por una prenda de esta marca.<\/p>\n<p>Sobre este lanzamiento las dise\u00f1adoras comentan \u201cEs un proyecto que surge ante la necesidad de vestir a los animales que son parte de nuestra familia, nuestros amigos, compa\u00f1eros. Pensamos que son mini personas que nos acompa\u00f1an en nuestra vida. Creamos un universo compuesto por hoodies, pantalones, remeras, colchones. Todo para que nuestras mascotas se sientan parte de nuestra vida\u201d<\/p>\n<p>La colecci\u00f3n incluye desde buzos en versiones camufladas o colores plenos, camisas en denim o estilo hawaiano, pantalones, capas, bandoleras para collares y accesorios como las lonas multiuso.<\/p>\n<!-- AddThis Advanced Settings generic via filter on the_content --><!-- AddThis Share Buttons generic via filter on the_content -->","protected":false},"excerpt":{"rendered":"<p>Una l\u00ednea pensada para brindarle confort a los perros y gatos que habitan en todas las casas y retribuirles un poco de todo el cari\u00f1o y amor que dan a diario. Buenos Aires, Diciembre 2020. La marca \u00dcMARKET, creada por Julio Kim y pensada como un nuevo concepto de tienda online con productos curados y [&hellip;]<!-- AddThis Advanced Settings generic via filter on get_the_excerpt --><!-- AddThis Share Buttons generic via filter on get_the_excerpt --><\/p>\n","protected":false},"author":6,"featured_media":34424,"comment_status":"closed","ping_status":"open","sticky":false,"template":"","format":"standard","meta":{"_acf_changed":false,"om_disable_all_campaigns":false,"_monsterinsights_skip_tracking":false,"_monsterinsights_sitenote_active":false,"_monsterinsights_sitenote_note":"","_monsterinsights_sitenote_category":0,"_uf_show_specific_survey":0,"_uf_disable_surveys":false,"footnotes":""},"categories":[100],"tags":[],"class_list":["post-34418","post","type-post","status-publish","format-standard","has-post-thumbnail","hentry","category-noticias"],"acf":[],"aioseo_notices":[],"_links":{"self":[{"href":"https:\/\/www.lasrosas.com.ar\/portal\/wp-json\/wp\/v2\/posts\/34418","targetHints":{"allow":["GET"]}}],"collection":[{"href":"https:\/\/www.lasrosas.com.ar\/portal\/wp-json\/wp\/v2\/posts"}],"about":[{"href":"https:\/\/www.lasrosas.com.ar\/portal\/wp-json\/wp\/v2\/types\/post"}],"author":[{"embeddable":true,"href":"https:\/\/www.lasrosas.com.ar\/portal\/wp-json\/wp\/v2\/users\/6"}],"replies":[{"embeddable":true,"href":"https:\/\/www.lasrosas.com.ar\/portal\/wp-json\/wp\/v2\/comments?post=34418"}],"version-history":[{"count":0,"href":"https:\/\/www.lasrosas.com.ar\/portal\/wp-json\/wp\/v2\/posts\/34418\/revisions"}],"wp:featuredmedia":[{"embeddable":true,"href":"https:\/\/www.lasrosas.com.ar\/portal\/wp-json\/wp\/v2\/media\/34424"}],"wp:attachment":[{"href":"https:\/\/www.lasrosas.com.ar\/portal\/wp-json\/wp\/v2\/media?parent=34418"}],"wp:term":[{"taxonomy":"category","embeddable":true,"href":"https:\/\/www.lasrosas.com.ar\/portal\/wp-json\/wp\/v2\/categories?post=34418"},{"taxonomy":"post_tag","embeddable":true,"href":"https:\/\/www.lasrosas.com.ar\/portal\/wp-json\/wp\/v2\/tags?post=34418"}],"curies":[{"name":"wp","href":"https:\/\/api.w.org\/{rel}","templated":true}]}}