{"id":34305,"date":"2021-04-05T11:55:26","date_gmt":"2021-04-05T14:55:26","guid":{"rendered":"https:\/\/www.lasrosas.com.ar\/portal\/?p=34305"},"modified":"2021-04-05T11:55:26","modified_gmt":"2021-04-05T14:55:26","slug":"cambio-de-fecha-del-bafweek-2021","status":"publish","type":"post","link":"https:\/\/www.lasrosas.com.ar\/portal\/cambio-de-fecha-del-bafweek-2021\/","title":{"rendered":"CAMBIO DE FECHA DEL BAFWEEK 2021"},"content":{"rendered":"<div>BAFWEEK anuncia que el evento m\u00e1s importante de la moda argentina cuya fecha estaba pautada para el jueves 8 de abril se realizar\u00e1 el\u00a0<b><u>mi\u00e9rcoles 7 de abril<\/u><\/b>\u00a0por condiciones clim\u00e1ticas desfavorables. El Sistema Meteorol\u00f3gico Nacional pronostica altas probabilidades de lluvias a partir del jueves de la presente semana, por ello las autoridades de BAFWEEK han tomado la decisi\u00f3n de adelantar un d\u00eda el evento y garantizar las condiciones ideales para un evento al aire libre.<\/div>\n<div><\/div>\n<div>El\u00a0<b><u>mi\u00e9rcoles 7 de abril a las 21:00 hs<\/u><\/b>, la pista central de La Rural ser\u00e1 testigo de un \u00fanico fashion show donde marcas l\u00edderes, dise\u00f1adores consagrados y talentos emergentes convivir\u00e1n en simult\u00e1neo.<\/div>\n<div><img decoding=\"async\" class=\"aligncenter  wp-image-34306 lazyload\" data-src=\"https:\/\/www.lasrosas.com.ar\/portal\/wp-content\/uploads\/BAF_AW21_GRILLA-reprogramada-1.jpg\" alt=\"\" width=\"634\" height=\"634\" data-srcset=\"https:\/\/www.lasrosas.com.ar\/portal\/wp-content\/uploads\/BAF_AW21_GRILLA-reprogramada-1.jpg 1080w, https:\/\/www.lasrosas.com.ar\/portal\/wp-content\/uploads\/BAF_AW21_GRILLA-reprogramada-1-960x960.jpg 960w\" data-sizes=\"(max-width: 634px) 100vw, 634px\" src=\"data:image\/svg+xml;base64,PHN2ZyB3aWR0aD0iMSIgaGVpZ2h0PSIxIiB4bWxucz0iaHR0cDovL3d3dy53My5vcmcvMjAwMC9zdmciPjwvc3ZnPg==\" style=\"--smush-placeholder-width: 634px; --smush-placeholder-aspect-ratio: 634\/634;\" \/><\/div>\n<div><\/div>\n<div>El evento ser\u00e1 presencial con capacidad limitada cumpliendo todos los protocolos sanitarios vigentes y se podr\u00e1 acceder a los tickets \u00fanicamente a trav\u00e9s de los dise\u00f1adores y sponsors. Asimismo, el p\u00fablico podr\u00e1 ver el evento en vivo a trav\u00e9s de Flow por el canal canal 605.<\/div>\n<!-- AddThis Advanced Settings generic via filter on the_content --><!-- AddThis Share Buttons generic via filter on the_content -->","protected":false},"excerpt":{"rendered":"<p>BAFWEEK anuncia que el evento m\u00e1s importante de la moda argentina cuya fecha estaba pautada para el jueves 8 de abril se realizar\u00e1 el\u00a0mi\u00e9rcoles 7 de abril\u00a0por condiciones clim\u00e1ticas desfavorables. El Sistema Meteorol\u00f3gico Nacional pronostica altas probabilidades de lluvias a partir del jueves de la presente semana, por ello las autoridades de BAFWEEK han tomado [&hellip;]<!-- AddThis Advanced Settings generic via filter on get_the_excerpt --><!-- AddThis Share Buttons generic via filter on get_the_excerpt --><\/p>\n","protected":false},"author":6,"featured_media":34307,"comment_status":"closed","ping_status":"open","sticky":false,"template":"","format":"standard","meta":{"_acf_changed":false,"om_disable_all_campaigns":false,"_monsterinsights_skip_tracking":false,"_monsterinsights_sitenote_active":false,"_monsterinsights_sitenote_note":"","_monsterinsights_sitenote_category":0,"_uf_show_specific_survey":0,"_uf_disable_surveys":false,"footnotes":""},"categories":[100],"tags":[],"class_list":["post-34305","post","type-post","status-publish","format-standard","has-post-thumbnail","hentry","category-noticias"],"acf":[],"aioseo_notices":[],"_links":{"self":[{"href":"https:\/\/www.lasrosas.com.ar\/portal\/wp-json\/wp\/v2\/posts\/34305","targetHints":{"allow":["GET"]}}],"collection":[{"href":"https:\/\/www.lasrosas.com.ar\/portal\/wp-json\/wp\/v2\/posts"}],"about":[{"href":"https:\/\/www.lasrosas.com.ar\/portal\/wp-json\/wp\/v2\/types\/post"}],"author":[{"embeddable":true,"href":"https:\/\/www.lasrosas.com.ar\/portal\/wp-json\/wp\/v2\/users\/6"}],"replies":[{"embeddable":true,"href":"https:\/\/www.lasrosas.com.ar\/portal\/wp-json\/wp\/v2\/comments?post=34305"}],"version-history":[{"count":0,"href":"https:\/\/www.lasrosas.com.ar\/portal\/wp-json\/wp\/v2\/posts\/34305\/revisions"}],"wp:featuredmedia":[{"embeddable":true,"href":"https:\/\/www.lasrosas.com.ar\/portal\/wp-json\/wp\/v2\/media\/34307"}],"wp:attachment":[{"href":"https:\/\/www.lasrosas.com.ar\/portal\/wp-json\/wp\/v2\/media?parent=34305"}],"wp:term":[{"taxonomy":"category","embeddable":true,"href":"https:\/\/www.lasrosas.com.ar\/portal\/wp-json\/wp\/v2\/categories?post=34305"},{"taxonomy":"post_tag","embeddable":true,"href":"https:\/\/www.lasrosas.com.ar\/portal\/wp-json\/wp\/v2\/tags?post=34305"}],"curies":[{"name":"wp","href":"https:\/\/api.w.org\/{rel}","templated":true}]}}