{"id":34070,"date":"2021-03-26T11:34:15","date_gmt":"2021-03-26T14:34:15","guid":{"rendered":"https:\/\/www.lasrosas.com.ar\/portal\/?p=34070"},"modified":"2021-03-26T11:34:15","modified_gmt":"2021-03-26T14:34:15","slug":"premio-nacional-soy-arquitecta","status":"publish","type":"post","link":"https:\/\/www.lasrosas.com.ar\/portal\/premio-nacional-soy-arquitecta\/","title":{"rendered":"PREMIO NACIONAL SOY ARQUITECTA"},"content":{"rendered":"<p><i><span style=\"font-weight: 400;\">Por: Claudia Faena &#8211; claudiafaena@gmail.com<\/span><\/i><\/p>\n<p><strong><i>\u00bfPor qu\u00e9 dar el premio de soy arquitecta? Para avalar y comunicar el trabajo de tantas arquitectas que trabajan de manera silenciosa, creativa e innovadora, creando una versi\u00f3n mejorada de la realidad con sus obras.<\/i><\/strong><\/p>\n<p><span style=\"font-weight: 400;\">Las ciencias de las percepci\u00f3n nos ense\u00f1an, que uno ve s\u00f3lo lo que conoce. Nos dan de ejemplo que los nativos americanos no vieron las carabelas de Col\u00f3n hasta que su cham\u00e1n, que ten\u00eda una visi\u00f3n m\u00e1s abierta de la realidad, se las mostr\u00f3. As\u00ed funcionamos, vemos lo que esperamos ver, lo conocido. Por eso queremos mostrarle al mundo avalando con nuestra mirada y apoyo el trabajo de tantas colegas que realizan su trabajo de manera an\u00f3nima. Queremos mostrarle al mundo que ese trabajo existe y es valioso. Queremos de alguna manera cada una ser la chamana de la otra. Porque as\u00ed funciona la sororidad, yo estoy para vos y vos estas para mi, y as\u00ed somos cada una un poco mejor.\u00a0<\/span><\/p>\n<p><span style=\"font-weight: 400;\">Los cient\u00edficos para validar su trabajo, lo tienen que publicar en revistas reconocidas y que al resto de la comunidad cient\u00edfica les parezca bien su hallazgo y as\u00ed validarlo. Eso pas\u00f3 con las vacunas del Covid por ejemplo. Hay una medida de lo hecho sin necesidad de mayores explicaciones. Queremos que nuestro hacer hable por si mismo sin necesitar ser declamatorio y para que ello suceda hay que medir lo que hacemos. Pensamos que este premio puede dar una medida al hacer de las arquitectas. Por eso lo dividimos en todas las formas del hacer que encontramos en este grupo variado de profesionales arquitectas que es Soy Arquitecta. Descubrimos juntas que el hacer de una arquitecta no es s\u00f3lo hacer proyecto y direcci\u00f3n de obras. Descubrimos tambi\u00e9n que esta producci\u00f3n variada enriquece nuestra profesi\u00f3n , la expande y crea m\u00faltiples visiones de la realidad, creando una nueva y superadora de la anterior.\u00a0<\/span><\/p>\n<p><span style=\"font-weight: 400;\">Muchos colegas varones me preguntaron por qu\u00e9 dar un premio solo a mujeres? Porque hasta ahora se estuvieron dando premios solo a hombres, otorgado por jurados formados por hombres, donde las mujeres s\u00f3lo entraban a trav\u00e9s de sus socios, que en muchos casos luego las invisiblizaban. No es que querramos seguir dividiendo al mundo en dos, de ninguna manera es de nuestro inter\u00e9s transformar el patriarcado en matriarcado, queremos que no haya diferencia en contratar a una mujer o un hombre arquitecto. Y para cambiar la forma de ver las cosas hay que mostrar lo nuevo , que en este caso ser\u00eda las obras de todo tipo hechas por mujeres.\u00a0<\/span><\/p>\n<p><span style=\"font-weight: 400;\">Como dice Elon Musk, el fundador de Tesla que cre\u00f3 el cohete que lleg\u00f3 hace poco a Marte. \u201cNo puedo recordar con lo que no puedo conectar\u201d.\u00a0<\/span><span style=\"font-weight: 400;\">Yo agregar\u00eda: \u201cno puedo recordar lo que no conozco. \u201c<\/span><\/p>\n<p>&nbsp;<\/p>\n<!-- AddThis Advanced Settings generic via filter on the_content --><!-- AddThis Share Buttons generic via filter on the_content -->","protected":false},"excerpt":{"rendered":"<p>Por: Claudia Faena &#8211; claudiafaena@gmail.com \u00bfPor qu\u00e9 dar el premio de soy arquitecta? Para avalar y comunicar el trabajo de tantas arquitectas que trabajan de manera silenciosa, creativa e innovadora, creando una versi\u00f3n mejorada de la realidad con sus obras. Las ciencias de las percepci\u00f3n nos ense\u00f1an, que uno ve s\u00f3lo lo que conoce. Nos [&hellip;]<!-- AddThis Advanced Settings generic via filter on get_the_excerpt --><!-- AddThis Share Buttons generic via filter on get_the_excerpt --><\/p>\n","protected":false},"author":6,"featured_media":34071,"comment_status":"closed","ping_status":"open","sticky":false,"template":"","format":"standard","meta":{"_acf_changed":false,"om_disable_all_campaigns":false,"_monsterinsights_skip_tracking":false,"_monsterinsights_sitenote_active":false,"_monsterinsights_sitenote_note":"","_monsterinsights_sitenote_category":0,"_uf_show_specific_survey":0,"_uf_disable_surveys":false,"footnotes":""},"categories":[31],"tags":[],"class_list":["post-34070","post","type-post","status-publish","format-standard","has-post-thumbnail","hentry","category-arquitectura-decoracion"],"acf":[],"aioseo_notices":[],"_links":{"self":[{"href":"https:\/\/www.lasrosas.com.ar\/portal\/wp-json\/wp\/v2\/posts\/34070","targetHints":{"allow":["GET"]}}],"collection":[{"href":"https:\/\/www.lasrosas.com.ar\/portal\/wp-json\/wp\/v2\/posts"}],"about":[{"href":"https:\/\/www.lasrosas.com.ar\/portal\/wp-json\/wp\/v2\/types\/post"}],"author":[{"embeddable":true,"href":"https:\/\/www.lasrosas.com.ar\/portal\/wp-json\/wp\/v2\/users\/6"}],"replies":[{"embeddable":true,"href":"https:\/\/www.lasrosas.com.ar\/portal\/wp-json\/wp\/v2\/comments?post=34070"}],"version-history":[{"count":0,"href":"https:\/\/www.lasrosas.com.ar\/portal\/wp-json\/wp\/v2\/posts\/34070\/revisions"}],"wp:featuredmedia":[{"embeddable":true,"href":"https:\/\/www.lasrosas.com.ar\/portal\/wp-json\/wp\/v2\/media\/34071"}],"wp:attachment":[{"href":"https:\/\/www.lasrosas.com.ar\/portal\/wp-json\/wp\/v2\/media?parent=34070"}],"wp:term":[{"taxonomy":"category","embeddable":true,"href":"https:\/\/www.lasrosas.com.ar\/portal\/wp-json\/wp\/v2\/categories?post=34070"},{"taxonomy":"post_tag","embeddable":true,"href":"https:\/\/www.lasrosas.com.ar\/portal\/wp-json\/wp\/v2\/tags?post=34070"}],"curies":[{"name":"wp","href":"https:\/\/api.w.org\/{rel}","templated":true}]}}