{"id":34002,"date":"2021-03-25T12:43:23","date_gmt":"2021-03-25T15:43:23","guid":{"rendered":"https:\/\/www.lasrosas.com.ar\/portal\/?p=34002"},"modified":"2021-03-25T12:43:23","modified_gmt":"2021-03-25T15:43:23","slug":"que-es-la-fibra-alimentaria-y-cuales-son-sus-beneficios","status":"publish","type":"post","link":"https:\/\/www.lasrosas.com.ar\/portal\/que-es-la-fibra-alimentaria-y-cuales-son-sus-beneficios\/","title":{"rendered":"\u00bfQU\u00c9 ES LA FIBRA ALIMENTARIA Y CU\u00c1LES SON SUS BENEFICIOS?"},"content":{"rendered":"<p><strong><em>Laura Romano, Licenciada en Nutrici\u00f3n y creadora de la firma <\/em><a href=\"https:\/\/www.instagram.com\/integra.ok\/\"><em>\u00cdntegra<\/em><\/a><em>, habla sobre esta fuente que tiene como cualidad principal brindar saciedad por m\u00e1s tiempo<\/em><\/strong><\/p>\n<p>\u201cLa fibra es un compuesto que se encuentra en los alimentos de origen vegetal y que el cuerpo no es capaz de digerir ni absorber. Al permanecer en el aparato digestivo sin poder ser degradada retrasa la digesti\u00f3n del resto de los nutrientes porque est\u00e1 all\u00ed \u201cestorbando\u201d cuando se degradan los hidratos de carbono, prote\u00ednas y grasas\u201d comenta la especialista Laura Romano y quien est\u00e1 detr\u00e1s de la cuenta <a href=\"https:\/\/www.instagram.com\/integralnutricion\/\">Integral Nutrici\u00f3n<\/a> en Instagram.<\/p>\n<p><img decoding=\"async\" class=\"aligncenter  wp-image-34003 lazyload\" data-src=\"https:\/\/www.lasrosas.com.ar\/portal\/wp-content\/uploads\/I\u0301ntegra-III.jpeg\" alt=\"\" width=\"853\" height=\"853\" src=\"data:image\/svg+xml;base64,PHN2ZyB3aWR0aD0iMSIgaGVpZ2h0PSIxIiB4bWxucz0iaHR0cDovL3d3dy53My5vcmcvMjAwMC9zdmciPjwvc3ZnPg==\" style=\"--smush-placeholder-width: 853px; --smush-placeholder-aspect-ratio: 853\/853;\" \/><\/p>\n<p>Esto es favorable porque, al retrasar la digesti\u00f3n de los carbohidratos, la glucosa llega a la sangre de forma m\u00e1s lenta, lo que evita que se produzcan picos de glucemia. \u201cPor esta raz\u00f3n es es ideal para los diab\u00e9ticos\u201d.<\/p>\n<p>Al permanecer m\u00e1s tiempo en el est\u00f3mago, se estar\u00e1 m\u00e1s saciado por m\u00e1s tiempo y el cuerpo gastar\u00e1 m\u00e1s energ\u00eda durante la digesti\u00f3n. A su vez, atrae agua y aumenta el volumen de las heces, permitiendo que se regule el tr\u00e1nsito intestinal.<\/p>\n<p><img decoding=\"async\" class=\"aligncenter  wp-image-34004 lazyload\" data-src=\"https:\/\/www.lasrosas.com.ar\/portal\/wp-content\/uploads\/I\u0301ntegra-barrita-sin-TACC.-Ara\u0301ndanos.jpg\" alt=\"\" width=\"678\" height=\"1157\" data-srcset=\"https:\/\/www.lasrosas.com.ar\/portal\/wp-content\/uploads\/I\u0301ntegra-barrita-sin-TACC.-Ara\u0301ndanos.jpg 3523w, https:\/\/www.lasrosas.com.ar\/portal\/wp-content\/uploads\/I\u0301ntegra-barrita-sin-TACC.-Ara\u0301ndanos-563x960.jpg 563w, https:\/\/www.lasrosas.com.ar\/portal\/wp-content\/uploads\/I\u0301ntegra-barrita-sin-TACC.-Ara\u0301ndanos-1125x1920.jpg 1125w\" data-sizes=\"(max-width: 678px) 100vw, 678px\" src=\"data:image\/svg+xml;base64,PHN2ZyB3aWR0aD0iMSIgaGVpZ2h0PSIxIiB4bWxucz0iaHR0cDovL3d3dy53My5vcmcvMjAwMC9zdmciPjwvc3ZnPg==\" style=\"--smush-placeholder-width: 678px; --smush-placeholder-aspect-ratio: 678\/1157;\" \/><\/p>\n<p>Por otro lado, seg\u00fan Romano, es el alimento por excelencia de las bacterias que viven en el intestino (microbiota) y, mantener esta flora en buenas condiciones, es favorable no s\u00f3lo para el aparato digestivo sino para todo el cuerpo.<\/p>\n<p>\u201cUn \u00faltimo beneficio y no menos importante es que la fibra contribuye a mantener un peso saludable, ya que ayuda a estar m\u00e1s tiempo saciados y, por ende, comer menos\u201d. Los alimentos fuentes de fibra tienen un alto contenido de agua, lo que brinda m\u00e1s volumen y ayuda a controlar mucho m\u00e1s las porciones.<\/p>\n<p><strong>\u00bfQu\u00e9 alimentos son fuente de fibra?<\/strong><\/p>\n<ul>\n<li>Frutas y verduras, m\u00e1s a\u00fan si tienen c\u00e1scara<\/li>\n<li>Legumbres (porotos, garbanzos, lentejas, arvejas)<\/li>\n<li>Cereales integrales (avena, arroz yaman\u00ed, harina integral, cebada, centeno, trigo burgol)<\/li>\n<\/ul>\n<p>&nbsp;<\/p>\n<p>Si se tiene gastritis cr\u00f3nica, colon irritable o alguna enfermedad gastro intestinal consultar al m\u00e9dico porque es probable que haya que limitar el consumo,<\/p>\n<!-- AddThis Advanced Settings generic via filter on the_content --><!-- AddThis Share Buttons generic via filter on the_content -->","protected":false},"excerpt":{"rendered":"<p>Laura Romano, Licenciada en Nutrici\u00f3n y creadora de la firma \u00cdntegra, habla sobre esta fuente que tiene como cualidad principal brindar saciedad por m\u00e1s tiempo \u201cLa fibra es un compuesto que se encuentra en los alimentos de origen vegetal y que el cuerpo no es capaz de digerir ni absorber. Al permanecer en el aparato [&hellip;]<!-- AddThis Advanced Settings generic via filter on get_the_excerpt --><!-- AddThis Share Buttons generic via filter on get_the_excerpt --><\/p>\n","protected":false},"author":6,"featured_media":34005,"comment_status":"closed","ping_status":"open","sticky":false,"template":"","format":"standard","meta":{"_acf_changed":false,"om_disable_all_campaigns":false,"_monsterinsights_skip_tracking":false,"_monsterinsights_sitenote_active":false,"_monsterinsights_sitenote_note":"","_monsterinsights_sitenote_category":0,"_uf_show_specific_survey":0,"_uf_disable_surveys":false,"footnotes":""},"categories":[376],"tags":[],"class_list":["post-34002","post","type-post","status-publish","format-standard","has-post-thumbnail","hentry","category-lifestyle"],"acf":[],"aioseo_notices":[],"_links":{"self":[{"href":"https:\/\/www.lasrosas.com.ar\/portal\/wp-json\/wp\/v2\/posts\/34002","targetHints":{"allow":["GET"]}}],"collection":[{"href":"https:\/\/www.lasrosas.com.ar\/portal\/wp-json\/wp\/v2\/posts"}],"about":[{"href":"https:\/\/www.lasrosas.com.ar\/portal\/wp-json\/wp\/v2\/types\/post"}],"author":[{"embeddable":true,"href":"https:\/\/www.lasrosas.com.ar\/portal\/wp-json\/wp\/v2\/users\/6"}],"replies":[{"embeddable":true,"href":"https:\/\/www.lasrosas.com.ar\/portal\/wp-json\/wp\/v2\/comments?post=34002"}],"version-history":[{"count":0,"href":"https:\/\/www.lasrosas.com.ar\/portal\/wp-json\/wp\/v2\/posts\/34002\/revisions"}],"wp:featuredmedia":[{"embeddable":true,"href":"https:\/\/www.lasrosas.com.ar\/portal\/wp-json\/wp\/v2\/media\/34005"}],"wp:attachment":[{"href":"https:\/\/www.lasrosas.com.ar\/portal\/wp-json\/wp\/v2\/media?parent=34002"}],"wp:term":[{"taxonomy":"category","embeddable":true,"href":"https:\/\/www.lasrosas.com.ar\/portal\/wp-json\/wp\/v2\/categories?post=34002"},{"taxonomy":"post_tag","embeddable":true,"href":"https:\/\/www.lasrosas.com.ar\/portal\/wp-json\/wp\/v2\/tags?post=34002"}],"curies":[{"name":"wp","href":"https:\/\/api.w.org\/{rel}","templated":true}]}}