{"id":3346,"date":"2018-03-19T08:30:30","date_gmt":"2018-03-19T11:30:30","guid":{"rendered":"https:\/\/www.lasrosas.com.ar\/portal\/?p=3346"},"modified":"2018-03-31T08:58:22","modified_gmt":"2018-03-31T11:58:22","slug":"que-el-frio-no-aburra","status":"publish","type":"post","link":"https:\/\/www.lasrosas.com.ar\/portal\/que-el-frio-no-aburra\/","title":{"rendered":"ESPECIAL COLECCIONES: QUE EL FR\u00cdO NO ABURRA"},"content":{"rendered":"<h3><span style=\"color: #000000;\">Los abrigos han sido, hist\u00f3ricamente,\u00a0 un atuendo indispensable para hombres y mujeres. B\u00e1sicamente, la necesidad de cubrirnos del fr\u00edo nos lleva a tener que utilizar una campera, saco, tapado, un sobretodo, algo que nos brinde la comodidad suficiente para disfrutar\u00a0 del oto\u00f1o e invierno. Ahora bien, \u00bfqu\u00e9 nos depara la moda en esta temporada 2018? \u00a1Tom\u00e1 nota!<\/span><\/h3>\n<p><span style=\"color: #000000;\"><strong>POR MAR\u00cdA FLORENCIA LANTER<\/strong><\/span><\/p>\n\r\n\t\t<style type='text\/css'>\r\n\t\t\t#gallery-1 {\r\n\t\t\t\tmargin: auto;\r\n\t\t\t}\r\n\t\t\t#gallery-1 .gallery-item {\r\n\t\t\t\tfloat: left;\r\n\t\t\t\tmargin-top: 10px;\r\n\t\t\t\ttext-align: center;\r\n\t\t\t\twidth: 50%;\r\n\t\t\t}\r\n\t\t\t#gallery-1 img {\r\n\t\t\t\tborder: 2px solid #cfcfcf;\r\n\t\t\t}\r\n\t\t\t#gallery-1 .gallery-caption {\r\n\t\t\t\tmargin-left: 0;\r\n\t\t\t}\r\n\t\t<\/style>\r\n\t\t<!-- see gallery_shortcode() in wp-includes\/media.php -->\n\t\t<div id='gallery-1' class='gallery galleryid-3346 gallery-columns-2 gallery-size-thumbnail gallery1'><script type=\"text\/javascript\">\r\n\/\/ <![CDATA[\r\n\tjQuery(document).ready(function () {\r\n\t\tjQuery(\".gallery1 a\").attr(\"rel\",\"gallery1\");\t\r\n\t\tjQuery('a[rel=\"gallery1\"]').colorbox({maxWidth:\"95%\", maxHeight:\"95%\",title: function(){ return jQuery(this).children().attr(\"alt\"); }, });\r\n\t});\r\n\/\/ ]]>\r\n<\/script>\n<dl class=\"gallery-item\">\n<dt class=\"gallery-icon\">\r\n<a href=\"https:\/\/www.lasrosas.com.ar\/portal\/wp-content\/uploads\/Foto2-3.jpg\" title=\"\" rel=\"gallery1\"><img decoding=\"async\" data-src=\"https:\/\/www.lasrosas.com.ar\/portal\/wp-content\/uploads\/Foto2-3.jpg\" width=\"620\" height=\"459\" alt=\"\" src=\"data:image\/svg+xml;base64,PHN2ZyB3aWR0aD0iMSIgaGVpZ2h0PSIxIiB4bWxucz0iaHR0cDovL3d3dy53My5vcmcvMjAwMC9zdmciPjwvc3ZnPg==\" class=\"lazyload\" style=\"--smush-placeholder-width: 620px; --smush-placeholder-aspect-ratio: 620\/459;\" \/><\/a>\r\n<\/dt><\/dl><dl class=\"gallery-item\">\n<dt class=\"gallery-icon\">\r\n<a href=\"https:\/\/www.lasrosas.com.ar\/portal\/wp-content\/uploads\/Foto1-2.jpg\" title=\"\" rel=\"gallery1\"><img decoding=\"async\" data-src=\"https:\/\/www.lasrosas.com.ar\/portal\/wp-content\/uploads\/Foto1-2.jpg\" width=\"620\" height=\"459\" alt=\"\" src=\"data:image\/svg+xml;base64,PHN2ZyB3aWR0aD0iMSIgaGVpZ2h0PSIxIiB4bWxucz0iaHR0cDovL3d3dy53My5vcmcvMjAwMC9zdmciPjwvc3ZnPg==\" class=\"lazyload\" style=\"--smush-placeholder-width: 620px; --smush-placeholder-aspect-ratio: 620\/459;\" \/><\/a>\r\n<\/dt><\/dl><br style=\"clear: both\" \/>\r\n\t\t<\/div>\n\n<p><span style=\"color: #000000;\">Puede resultar raro, pero este a\u00f1o se vienen las renovaciones de estilos cl\u00e1sicos, adaptados a tendencias que se usaban en los a\u00f1os noventa. Para empezar, los cortes predominantes ser\u00e1n los tapados largos hasta los tobillos o por debajo de las rodillas. Los botones no estar\u00e1n dentro de los accesorios t\u00edpicos, por el contario, los cinturones ser\u00e1n los protagonistas.<\/span><\/p>\n<p><img decoding=\"async\" class=\"alignnone size-full wp-image-3348 lazyload\" data-src=\"https:\/\/www.lasrosas.com.ar\/portal\/wp-content\/uploads\/Abrigos2.jpg\" alt=\"\" width=\"750\" height=\"350\" src=\"data:image\/svg+xml;base64,PHN2ZyB3aWR0aD0iMSIgaGVpZ2h0PSIxIiB4bWxucz0iaHR0cDovL3d3dy53My5vcmcvMjAwMC9zdmciPjwvc3ZnPg==\" style=\"--smush-placeholder-width: 750px; --smush-placeholder-aspect-ratio: 750\/350;\" \/><\/p>\n<p><span style=\"color: #000000;\">Los colores y estampados no tendr\u00e1n l\u00edmites: se usar\u00e1n tonalidades fuertes y pasteles, con dise\u00f1os escoceses, cuadriculados, lisos, con dibujos y adornos extras. Las texturas tendr\u00e1n sus diversas variantes, permitiendo una libertad al momento de elegir, aunque se destacan los pa\u00f1os, las pieles sint\u00e9ticas y los cueros.<\/span><\/p>\n<p><img decoding=\"async\" class=\"alignnone size-full wp-image-3347 lazyload\" data-src=\"https:\/\/www.lasrosas.com.ar\/portal\/wp-content\/uploads\/Abrigos1.jpg\" alt=\"\" width=\"750\" height=\"350\" src=\"data:image\/svg+xml;base64,PHN2ZyB3aWR0aD0iMSIgaGVpZ2h0PSIxIiB4bWxucz0iaHR0cDovL3d3dy53My5vcmcvMjAwMC9zdmciPjwvc3ZnPg==\" style=\"--smush-placeholder-width: 750px; --smush-placeholder-aspect-ratio: 750\/350;\" \/><\/p>\n<p><span style=\"color: #000000;\">Finalmente, hay tres <strong>\u201cmust\u201d<\/strong> que no pueden faltar: los sacos estilos sastre masculinos, los sobretodos <strong>\u201coverside\u201d<\/strong>, y las camperas inflables, todos combinables con cualquier <strong>\u201coutfit\u201d<\/strong>. No hay excusas: \u00a1la moda se renueva y los abrigos tambi\u00e9n!<\/span><\/p>\n<!-- AddThis Advanced Settings generic via filter on the_content --><!-- AddThis Share Buttons generic via filter on the_content -->","protected":false},"excerpt":{"rendered":"<p>Los abrigos han sido, hist\u00f3ricamente,\u00a0 un atuendo indispensable para hombres y mujeres. B\u00e1sicamente, la necesidad de cubrirnos del fr\u00edo nos lleva a tener que utilizar una campera, saco, tapado, un sobretodo, algo que nos brinde la comodidad suficiente para disfrutar\u00a0 del oto\u00f1o e invierno. Ahora bien, \u00bfqu\u00e9 nos depara la moda en esta temporada 2018? [&hellip;]<!-- AddThis Advanced Settings generic via filter on get_the_excerpt --><!-- AddThis Share Buttons generic via filter on get_the_excerpt --><\/p>\n","protected":false},"author":6,"featured_media":3351,"comment_status":"closed","ping_status":"open","sticky":false,"template":"","format":"standard","meta":{"_acf_changed":false,"om_disable_all_campaigns":false,"_monsterinsights_skip_tracking":false,"_monsterinsights_sitenote_active":false,"_monsterinsights_sitenote_note":"","_monsterinsights_sitenote_category":0,"_uf_show_specific_survey":0,"_uf_disable_surveys":false,"footnotes":""},"categories":[100,35],"tags":[44,126,62,58,64],"class_list":["post-3346","post","type-post","status-publish","format-standard","has-post-thumbnail","hentry","category-noticias","category-especiales","tag-buenos-aires","tag-inspiracion","tag-marcas","tag-moda","tag-tendencias"],"acf":[],"aioseo_notices":[],"_links":{"self":[{"href":"https:\/\/www.lasrosas.com.ar\/portal\/wp-json\/wp\/v2\/posts\/3346","targetHints":{"allow":["GET"]}}],"collection":[{"href":"https:\/\/www.lasrosas.com.ar\/portal\/wp-json\/wp\/v2\/posts"}],"about":[{"href":"https:\/\/www.lasrosas.com.ar\/portal\/wp-json\/wp\/v2\/types\/post"}],"author":[{"embeddable":true,"href":"https:\/\/www.lasrosas.com.ar\/portal\/wp-json\/wp\/v2\/users\/6"}],"replies":[{"embeddable":true,"href":"https:\/\/www.lasrosas.com.ar\/portal\/wp-json\/wp\/v2\/comments?post=3346"}],"version-history":[{"count":0,"href":"https:\/\/www.lasrosas.com.ar\/portal\/wp-json\/wp\/v2\/posts\/3346\/revisions"}],"wp:featuredmedia":[{"embeddable":true,"href":"https:\/\/www.lasrosas.com.ar\/portal\/wp-json\/wp\/v2\/media\/3351"}],"wp:attachment":[{"href":"https:\/\/www.lasrosas.com.ar\/portal\/wp-json\/wp\/v2\/media?parent=3346"}],"wp:term":[{"taxonomy":"category","embeddable":true,"href":"https:\/\/www.lasrosas.com.ar\/portal\/wp-json\/wp\/v2\/categories?post=3346"},{"taxonomy":"post_tag","embeddable":true,"href":"https:\/\/www.lasrosas.com.ar\/portal\/wp-json\/wp\/v2\/tags?post=3346"}],"curies":[{"name":"wp","href":"https:\/\/api.w.org\/{rel}","templated":true}]}}