{"id":33446,"date":"2021-03-08T16:00:18","date_gmt":"2021-03-08T19:00:18","guid":{"rendered":"https:\/\/www.lasrosas.com.ar\/portal\/?p=33446"},"modified":"2021-03-08T16:00:18","modified_gmt":"2021-03-08T19:00:18","slug":"la-palabra-de-meghan-markle-sobre-la-realeza","status":"publish","type":"post","link":"https:\/\/www.lasrosas.com.ar\/portal\/la-palabra-de-meghan-markle-sobre-la-realeza\/","title":{"rendered":"LA PALABRA DE MEGHAN MARKLE SOBRE LA REALEZA"},"content":{"rendered":"<p>POR: Agostina Furlani- @agostinafurlani<\/p>\n<p><strong><em>La pareja m\u00e1s aclamada del pa\u00eds brit\u00e1nico, decidi\u00f3 no callarse m\u00e1s y contar todos los detalles de su distanciamiento con la corona real.\u00a0<\/em><\/strong><\/p>\n<p>En una entrevista con Oprah Winfrey, Meghan habl\u00f3 de su paso por la realeza y c\u00f3mo fue el proceso de retirada que debieron pasar para finalmente, ser independientes de ellos. Markle, en la extensa nota, cont\u00f3 que tuvo varios pensamiento<em>s suicidas debido a los malos momentos que pasaba viviendo all\u00ed y c\u00f3mo no consigui\u00f3 la ayuda que ella necesitaba en ese entonces.\u00a0\u201cNo s\u00e9 c\u00f3mo esperan que despu\u00e9s de todo este tiempo todav\u00eda permanezcamos callados si la monarqu\u00eda perpet\u00faa falsedades sobre nosotros\u00a0y si corremos el riesgo de perder cosas. Bueno, ya se ha perdido bastante&#8230;Es realmente liberador tener el derecho y el privilegio, en cierto modo, de decir \u2018s\u00ed, estoy preparada para hablar\u2019 \u00ab.\u00a0<\/em><\/p>\n<p><img decoding=\"async\" class=\"aligncenter  wp-image-33448 lazyload\" data-src=\"https:\/\/www.lasrosas.com.ar\/portal\/wp-content\/uploads\/harry-meghan-oprah-entrevista.jpg\" alt=\"\" width=\"727\" height=\"448\" data-srcset=\"https:\/\/www.lasrosas.com.ar\/portal\/wp-content\/uploads\/harry-meghan-oprah-entrevista.jpg 1200w, https:\/\/www.lasrosas.com.ar\/portal\/wp-content\/uploads\/harry-meghan-oprah-entrevista-960x592.jpg 960w\" data-sizes=\"(max-width: 727px) 100vw, 727px\" src=\"data:image\/svg+xml;base64,PHN2ZyB3aWR0aD0iMSIgaGVpZ2h0PSIxIiB4bWxucz0iaHR0cDovL3d3dy53My5vcmcvMjAwMC9zdmciPjwvc3ZnPg==\" style=\"--smush-placeholder-width: 727px; --smush-placeholder-aspect-ratio: 727\/448;\" \/><\/p>\n<p>Adem\u00e1s, relat\u00f3 lo que debi\u00f3 escuchar al quedar embarazada de Archie, el primer hijo de la pareja. La actriz le revel\u00f3 a Oprah que fue realmente duro darse con la noticia de que su hijo no iba a tener la seguridad correspondientes, que no llevar\u00eda el t\u00edtulo de pr\u00edncipe y que adem\u00e1s, el entorno s\u00f3lo se preocupase por el tono de piel que el peque\u00f1o tendr\u00eda. <strong><em>\u00abdurante todos esos meses en los que nos hablaban sobre si recibir\u00eda un t\u00edtulo tambi\u00e9n hablaban sobre cu\u00e1n oscura ser\u00eda su piel\u00bb.\u00a0<\/em><\/strong><\/p>\n<p>A la charla, minutos m\u00e1s tarde, se sum\u00f3 el pr\u00edncipe Harry. All\u00ed habl\u00f3 de su madre y de la comprensi\u00f3n que tiene para con ella por los duros momentos que debi\u00f3 haber sufrido.\u00a0<em>\u201cEstoy realmente aliviado y feliz de estar sentado aqu\u00ed, hablando contigo, con mi esposa a mi lado. Porque no puedo ni empezar a imaginarme c\u00f3mo debe haber sido para ella (Lady Di) pasar por este proceso sola. Todos esos a\u00f1os atr\u00e1s. Porque ha sido incre\u00edblemente dif\u00edcil para los dos, pero al menos nos ten\u00edamos el uno al otro\u201d<\/em><\/p>\n<!-- AddThis Advanced Settings generic via filter on the_content --><!-- AddThis Share Buttons generic via filter on the_content -->","protected":false},"excerpt":{"rendered":"<p>POR: Agostina Furlani- @agostinafurlani La pareja m\u00e1s aclamada del pa\u00eds brit\u00e1nico, decidi\u00f3 no callarse m\u00e1s y contar todos los detalles de su distanciamiento con la corona real.\u00a0 En una entrevista con Oprah Winfrey, Meghan habl\u00f3 de su paso por la realeza y c\u00f3mo fue el proceso de retirada que debieron pasar para finalmente, ser independientes [&hellip;]<!-- AddThis Advanced Settings generic via filter on get_the_excerpt --><!-- AddThis Share Buttons generic via filter on get_the_excerpt --><\/p>\n","protected":false},"author":6,"featured_media":33447,"comment_status":"closed","ping_status":"open","sticky":false,"template":"","format":"standard","meta":{"_acf_changed":false,"om_disable_all_campaigns":false,"_monsterinsights_skip_tracking":false,"_monsterinsights_sitenote_active":false,"_monsterinsights_sitenote_note":"","_monsterinsights_sitenote_category":0,"_uf_show_specific_survey":0,"_uf_disable_surveys":false,"footnotes":""},"categories":[234,100],"tags":[],"class_list":["post-33446","post","type-post","status-publish","format-standard","has-post-thumbnail","hentry","category-trend","category-noticias"],"acf":[],"aioseo_notices":[],"_links":{"self":[{"href":"https:\/\/www.lasrosas.com.ar\/portal\/wp-json\/wp\/v2\/posts\/33446","targetHints":{"allow":["GET"]}}],"collection":[{"href":"https:\/\/www.lasrosas.com.ar\/portal\/wp-json\/wp\/v2\/posts"}],"about":[{"href":"https:\/\/www.lasrosas.com.ar\/portal\/wp-json\/wp\/v2\/types\/post"}],"author":[{"embeddable":true,"href":"https:\/\/www.lasrosas.com.ar\/portal\/wp-json\/wp\/v2\/users\/6"}],"replies":[{"embeddable":true,"href":"https:\/\/www.lasrosas.com.ar\/portal\/wp-json\/wp\/v2\/comments?post=33446"}],"version-history":[{"count":0,"href":"https:\/\/www.lasrosas.com.ar\/portal\/wp-json\/wp\/v2\/posts\/33446\/revisions"}],"wp:featuredmedia":[{"embeddable":true,"href":"https:\/\/www.lasrosas.com.ar\/portal\/wp-json\/wp\/v2\/media\/33447"}],"wp:attachment":[{"href":"https:\/\/www.lasrosas.com.ar\/portal\/wp-json\/wp\/v2\/media?parent=33446"}],"wp:term":[{"taxonomy":"category","embeddable":true,"href":"https:\/\/www.lasrosas.com.ar\/portal\/wp-json\/wp\/v2\/categories?post=33446"},{"taxonomy":"post_tag","embeddable":true,"href":"https:\/\/www.lasrosas.com.ar\/portal\/wp-json\/wp\/v2\/tags?post=33446"}],"curies":[{"name":"wp","href":"https:\/\/api.w.org\/{rel}","templated":true}]}}