{"id":33266,"date":"2021-03-03T13:09:18","date_gmt":"2021-03-03T16:09:18","guid":{"rendered":"https:\/\/www.lasrosas.com.ar\/portal\/?p=33266"},"modified":"2021-03-03T13:09:18","modified_gmt":"2021-03-03T16:09:18","slug":"un-nuevo-trailer-de-sky-rojo-destaca-a-lali-esposito","status":"publish","type":"post","link":"https:\/\/www.lasrosas.com.ar\/portal\/un-nuevo-trailer-de-sky-rojo-destaca-a-lali-esposito\/","title":{"rendered":"UN NUEVO TRAILER DE SKY ROJO, DESTACA A LALI ESPOSITO!"},"content":{"rendered":"<p><strong><em>La actriz argentina est\u00e1 a punto de estrenar la nueva serie espa\u00f1ola de Netflix y ya podemos reproducir las primeras im\u00e1genes.<\/em><\/strong><\/p>\n<p>El trailer de la producci\u00f3n de \u00abLa Casa de Papel\u00bb, ya lanz\u00f3 su nuevo proyecto a las plataformas digitales. Sus protagonistas se encargar\u00e1n de llevar este film a una de las propuestas m\u00e1s vistas del 2021. Sky Rojo cuenta la historia de\u00a0Coral, Wendy y Gina, tres prostitutas que deben huir de un crimen que cometieron. Las jovenes asesinaron al proxeneta del club donde ellas trabajan y las consecuencias ser\u00e1n muy graves. La temporada estar\u00e1 compuesta por ocho cap\u00edtulos de 30 minutos aproximados y ser\u00e1 publicada el pr\u00f3ximo 19 de marzo.<\/p>\n<p><iframe data-src=\"https:\/\/www.youtube.com\/embed\/fz3gEe8iDWU\" width=\"560\" height=\"315\" frameborder=\"0\" allowfullscreen=\"allowfullscreen\" src=\"data:image\/svg+xml;base64,PHN2ZyB3aWR0aD0iMSIgaGVpZ2h0PSIxIiB4bWxucz0iaHR0cDovL3d3dy53My5vcmcvMjAwMC9zdmciPjwvc3ZnPg==\" class=\"lazyload\" data-load-mode=\"1\"><\/iframe><\/p>\n<!-- AddThis Advanced Settings generic via filter on the_content --><!-- AddThis Share Buttons generic via filter on the_content -->","protected":false},"excerpt":{"rendered":"<p>La actriz argentina est\u00e1 a punto de estrenar la nueva serie espa\u00f1ola de Netflix y ya podemos reproducir las primeras im\u00e1genes. El trailer de la producci\u00f3n de \u00abLa Casa de Papel\u00bb, ya lanz\u00f3 su nuevo proyecto a las plataformas digitales. Sus protagonistas se encargar\u00e1n de llevar este film a una de las propuestas m\u00e1s vistas [&hellip;]<!-- AddThis Advanced Settings generic via filter on get_the_excerpt --><!-- AddThis Share Buttons generic via filter on get_the_excerpt --><\/p>\n","protected":false},"author":6,"featured_media":33267,"comment_status":"closed","ping_status":"open","sticky":false,"template":"","format":"standard","meta":{"_acf_changed":false,"om_disable_all_campaigns":false,"_monsterinsights_skip_tracking":false,"_monsterinsights_sitenote_active":false,"_monsterinsights_sitenote_note":"","_monsterinsights_sitenote_category":0,"_uf_show_specific_survey":0,"_uf_disable_surveys":false,"footnotes":""},"categories":[234,100],"tags":[],"class_list":["post-33266","post","type-post","status-publish","format-standard","has-post-thumbnail","hentry","category-trend","category-noticias"],"acf":[],"aioseo_notices":[],"_links":{"self":[{"href":"https:\/\/www.lasrosas.com.ar\/portal\/wp-json\/wp\/v2\/posts\/33266","targetHints":{"allow":["GET"]}}],"collection":[{"href":"https:\/\/www.lasrosas.com.ar\/portal\/wp-json\/wp\/v2\/posts"}],"about":[{"href":"https:\/\/www.lasrosas.com.ar\/portal\/wp-json\/wp\/v2\/types\/post"}],"author":[{"embeddable":true,"href":"https:\/\/www.lasrosas.com.ar\/portal\/wp-json\/wp\/v2\/users\/6"}],"replies":[{"embeddable":true,"href":"https:\/\/www.lasrosas.com.ar\/portal\/wp-json\/wp\/v2\/comments?post=33266"}],"version-history":[{"count":0,"href":"https:\/\/www.lasrosas.com.ar\/portal\/wp-json\/wp\/v2\/posts\/33266\/revisions"}],"wp:featuredmedia":[{"embeddable":true,"href":"https:\/\/www.lasrosas.com.ar\/portal\/wp-json\/wp\/v2\/media\/33267"}],"wp:attachment":[{"href":"https:\/\/www.lasrosas.com.ar\/portal\/wp-json\/wp\/v2\/media?parent=33266"}],"wp:term":[{"taxonomy":"category","embeddable":true,"href":"https:\/\/www.lasrosas.com.ar\/portal\/wp-json\/wp\/v2\/categories?post=33266"},{"taxonomy":"post_tag","embeddable":true,"href":"https:\/\/www.lasrosas.com.ar\/portal\/wp-json\/wp\/v2\/tags?post=33266"}],"curies":[{"name":"wp","href":"https:\/\/api.w.org\/{rel}","templated":true}]}}