{"id":33256,"date":"2021-03-03T12:29:12","date_gmt":"2021-03-03T15:29:12","guid":{"rendered":"https:\/\/www.lasrosas.com.ar\/portal\/?p=33256"},"modified":"2021-03-03T12:29:12","modified_gmt":"2021-03-03T15:29:12","slug":"muy-pronto-llegan-los-latin-music-awards-2021","status":"publish","type":"post","link":"https:\/\/www.lasrosas.com.ar\/portal\/muy-pronto-llegan-los-latin-music-awards-2021\/","title":{"rendered":"MUY PRONTO LLEGAN LOS LATIN MUSIC AWARDS 2021"},"content":{"rendered":"<p><em><strong>Bad Bunny, Ozuna, Anuel AA, Camilo, Banda MS, Black Eyed Peas, Christian Nodal, Eslab\u00f3n Armado, Natanael Cano, Maluma, Reik, Shakira, y Snoop Dogg se encuentran entre los m\u00e1s nominados.<\/strong><\/em><\/p>\n<p>Los artistas colombianos J Balvin y Karol G dominan las nominaciones a los premios \u201cLatin American Music Awards\u201d (Latin AMAs) 2021. La lista completa de los nominados se encuentra en LatinAMAs.com, la p\u00e1gina web oficial de los \u201cLatin AMAs\u201d 2021. La ceremonia, que est\u00e1 programada<br \/>\npara el jueves, 15 de abrilen el BB&amp;amp;T Center de Sunrise, Florida, ser\u00e1 transmitida de forma exclusiva para toda Latinoam\u00e9rica a trav\u00e9s de Telemundo Internacional.<br \/>\nLa premiaci\u00f3n, una vez m\u00e1s, rendir\u00e1 homenaje a los artistas latinoamericanos m\u00e1s influyentes e ic\u00f3nicos de la actualidad, seg\u00fan la votaci\u00f3n de los fans en 25 categor\u00edas que incluyen los g\u00e9neros de m\u00fasica Pop, Urbana, Tropical, Regional Mexicana, as\u00ed como Artista Favorito Crossover, Colaboraci\u00f3n del A\u00f1o, Artista Social del A\u00f1o, Video Favorito y la nueva adici\u00f3n de Concierto Virtual Favorito.<\/p>\n\r\n\t\t<style type='text\/css'>\r\n\t\t\t#gallery-1 {\r\n\t\t\t\tmargin: auto;\r\n\t\t\t}\r\n\t\t\t#gallery-1 .gallery-item {\r\n\t\t\t\tfloat: left;\r\n\t\t\t\tmargin-top: 10px;\r\n\t\t\t\ttext-align: center;\r\n\t\t\t\twidth: 20%;\r\n\t\t\t}\r\n\t\t\t#gallery-1 img {\r\n\t\t\t\tborder: 2px solid #cfcfcf;\r\n\t\t\t}\r\n\t\t\t#gallery-1 .gallery-caption {\r\n\t\t\t\tmargin-left: 0;\r\n\t\t\t}\r\n\t\t<\/style>\r\n\t\t<!-- see gallery_shortcode() in wp-includes\/media.php -->\n\t\t<div id='gallery-1' class='gallery galleryid-33256 gallery-columns-5 gallery-size-medium gallery1'><script type=\"text\/javascript\">\r\n\/\/ <![CDATA[\r\n\tjQuery(document).ready(function () {\r\n\t\tjQuery(\".gallery1 a\").attr(\"rel\",\"gallery1\");\t\r\n\t\tjQuery('a[rel=\"gallery1\"]').colorbox({maxWidth:\"95%\", maxHeight:\"95%\",title: function(){ return jQuery(this).children().attr(\"alt\"); }, });\r\n\t});\r\n\/\/ ]]>\r\n<\/script>\n<dl class=\"gallery-item\">\n<dt class=\"gallery-icon\">\r\n<a href=\"https:\/\/www.lasrosas.com.ar\/portal\/wp-content\/uploads\/KAROL-G-Photo-_EST1977-1282x1920.jpg\" title=\"\" rel=\"gallery1\"><img decoding=\"async\" data-src=\"https:\/\/www.lasrosas.com.ar\/portal\/wp-content\/uploads\/KAROL-G-Photo-_EST1977-641x960.jpg\" width=\"641\" height=\"960\" alt=\"\" src=\"data:image\/svg+xml;base64,PHN2ZyB3aWR0aD0iMSIgaGVpZ2h0PSIxIiB4bWxucz0iaHR0cDovL3d3dy53My5vcmcvMjAwMC9zdmciPjwvc3ZnPg==\" class=\"lazyload\" style=\"--smush-placeholder-width: 641px; --smush-placeholder-aspect-ratio: 641\/960;\" \/><\/a>\r\n<\/dt><\/dl><dl class=\"gallery-item\">\n<dt class=\"gallery-icon\">\r\n<a href=\"https:\/\/www.lasrosas.com.ar\/portal\/wp-content\/uploads\/J-BALVIN-Photo-PND_5105-copy-1281x1920.jpg\" title=\"\" rel=\"gallery1\"><img decoding=\"async\" data-src=\"https:\/\/www.lasrosas.com.ar\/portal\/wp-content\/uploads\/J-BALVIN-Photo-PND_5105-copy-641x960.jpg\" width=\"641\" height=\"960\" alt=\"\" src=\"data:image\/svg+xml;base64,PHN2ZyB3aWR0aD0iMSIgaGVpZ2h0PSIxIiB4bWxucz0iaHR0cDovL3d3dy53My5vcmcvMjAwMC9zdmciPjwvc3ZnPg==\" class=\"lazyload\" style=\"--smush-placeholder-width: 641px; --smush-placeholder-aspect-ratio: 641\/960;\" \/><\/a>\r\n<\/dt><\/dl><dl class=\"gallery-item\">\n<dt class=\"gallery-icon\">\r\n<a href=\"https:\/\/www.lasrosas.com.ar\/portal\/wp-content\/uploads\/Doja-Cat-Photo-DC_03-Garden_1494_RT-2-1313x1920.jpg\" title=\"\" rel=\"gallery1\"><img decoding=\"async\" data-src=\"https:\/\/www.lasrosas.com.ar\/portal\/wp-content\/uploads\/Doja-Cat-Photo-DC_03-Garden_1494_RT-2-657x960.jpg\" width=\"657\" height=\"960\" alt=\"\" src=\"data:image\/svg+xml;base64,PHN2ZyB3aWR0aD0iMSIgaGVpZ2h0PSIxIiB4bWxucz0iaHR0cDovL3d3dy53My5vcmcvMjAwMC9zdmciPjwvc3ZnPg==\" class=\"lazyload\" style=\"--smush-placeholder-width: 657px; --smush-placeholder-aspect-ratio: 657\/960;\" \/><\/a>\r\n<\/dt><\/dl><dl class=\"gallery-item\">\n<dt class=\"gallery-icon\">\r\n<a href=\"https:\/\/www.lasrosas.com.ar\/portal\/wp-content\/uploads\/Camilo-Photo-1-1280x1920.jpg\" title=\"\" rel=\"gallery1\"><img decoding=\"async\" data-src=\"https:\/\/www.lasrosas.com.ar\/portal\/wp-content\/uploads\/Camilo-Photo-1-640x960.jpg\" width=\"640\" height=\"960\" alt=\"\" src=\"data:image\/svg+xml;base64,PHN2ZyB3aWR0aD0iMSIgaGVpZ2h0PSIxIiB4bWxucz0iaHR0cDovL3d3dy53My5vcmcvMjAwMC9zdmciPjwvc3ZnPg==\" class=\"lazyload\" style=\"--smush-placeholder-width: 640px; --smush-placeholder-aspect-ratio: 640\/960;\" \/><\/a>\r\n<\/dt><\/dl><dl class=\"gallery-item\">\n<dt class=\"gallery-icon\">\r\n<a href=\"https:\/\/www.lasrosas.com.ar\/portal\/wp-content\/uploads\/Becky-G-Photo-1281x1920.jpg\" title=\"\" rel=\"gallery1\"><img decoding=\"async\" data-src=\"https:\/\/www.lasrosas.com.ar\/portal\/wp-content\/uploads\/Becky-G-Photo-641x960.jpg\" width=\"641\" height=\"960\" alt=\"\" src=\"data:image\/svg+xml;base64,PHN2ZyB3aWR0aD0iMSIgaGVpZ2h0PSIxIiB4bWxucz0iaHR0cDovL3d3dy53My5vcmcvMjAwMC9zdmciPjwvc3ZnPg==\" class=\"lazyload\" style=\"--smush-placeholder-width: 641px; --smush-placeholder-aspect-ratio: 641\/960;\" \/><\/a>\r\n<\/dt><\/dl><br style=\"clear: both\" \/>\r\n\t\t<\/div>\n\n<p>Gracias a su disco Colores y a su exitosa colaboraci\u00f3n \u201cRitmo (Bad Boys For Life)\u201d con elmultipremiado grupo Black Eyed Peas, J Balvin tiene nueve nominaciones, que incluyen Artista, \u00c1lbum, Sencillo, Colaboraci\u00f3n y Artista Social del A\u00f1o. Compartiendo el honor se encuentra su compatriota Karol G, tambi\u00e9n con nueve nominaciones, que incluyen Artista, Sencillo, Artista Social y Colaboraci\u00f3n del A\u00f1o, gracias a sus colaboraciones en \u201cTusa\u201d con Nicky Minaj y \u201cCaramelo\u201d junto a Ozuna y Myke Towers.<br \/>\nEl puertorrique\u00f1o Bad Bunny, quien le sigue con ocho nominaciones que incluyen Artista, Sencillo, \u00c1lbum y Colaboraci\u00f3n Social del A\u00f1o, ha sido reconocido principalmente por su \u00e1lbum YHLQMDLG y por el tema \u201cYo perreo sola\u201d, mientras que su compatriota Ozuna tiene siete nominaciones que incluye Artista y Colaboraci\u00f3n del A\u00f1o, Video y Concierto Virtual Favorito, gracias a su tema \u201cCaramelo\u201d, su video \u201cDel Mar\u201d y su concierto virtual \u201c#Latinosunidos\u201d.<br \/>\nLe siguen con el mayor n\u00famero de nominaciones: Anuel AA y Camilo (6); Banda MS, Black Eyed Peas Christian Nodal, Eslab\u00f3n Armado, y Natanael Cano (5); Maluma, Reik, Shakira, y Snoop Dogg (4); Carlos Vives, Lenin Ram\u00edrez, Los Dos Carnales, Myke Towers, Nicky Minaj, Prince Royce, y The Weeknd (3); \u00c1ngela Aguilar, Anitta, Daddy Yankee, Farruko, Grupo Firme, Juanes, Junior H, Ricky Martin, y Romeo Santos (2).<\/p>\n\r\n\t\t<style type='text\/css'>\r\n\t\t\t#gallery-2 {\r\n\t\t\t\tmargin: auto;\r\n\t\t\t}\r\n\t\t\t#gallery-2 .gallery-item {\r\n\t\t\t\tfloat: left;\r\n\t\t\t\tmargin-top: 10px;\r\n\t\t\t\ttext-align: center;\r\n\t\t\t\twidth: 50%;\r\n\t\t\t}\r\n\t\t\t#gallery-2 img {\r\n\t\t\t\tborder: 2px solid #cfcfcf;\r\n\t\t\t}\r\n\t\t\t#gallery-2 .gallery-caption {\r\n\t\t\t\tmargin-left: 0;\r\n\t\t\t}\r\n\t\t<\/style>\r\n\t\t<!-- see gallery_shortcode() in wp-includes\/media.php -->\n\t\t<div id='gallery-2' class='gallery galleryid-33256 gallery-columns-2 gallery-size-medium gallery1'><script type=\"text\/javascript\">\r\n\/\/ <![CDATA[\r\n\tjQuery(document).ready(function () {\r\n\t\tjQuery(\".gallery1 a\").attr(\"rel\",\"gallery1\");\t\r\n\t\tjQuery('a[rel=\"gallery1\"]').colorbox({maxWidth:\"95%\", maxHeight:\"95%\",title: function(){ return jQuery(this).children().attr(\"alt\"); }, });\r\n\t});\r\n\/\/ ]]>\r\n<\/script>\n<dl class=\"gallery-item\">\n<dt class=\"gallery-icon\">\r\n<a href=\"https:\/\/www.lasrosas.com.ar\/portal\/wp-content\/uploads\/NATTI-NATASHA-Photo-Promo-Natti-2021-1920x1280.jpg\" title=\"\" rel=\"gallery1\"><img decoding=\"async\" data-src=\"https:\/\/www.lasrosas.com.ar\/portal\/wp-content\/uploads\/NATTI-NATASHA-Photo-Promo-Natti-2021-960x640.jpg\" width=\"960\" height=\"640\" alt=\"\" src=\"data:image\/svg+xml;base64,PHN2ZyB3aWR0aD0iMSIgaGVpZ2h0PSIxIiB4bWxucz0iaHR0cDovL3d3dy53My5vcmcvMjAwMC9zdmciPjwvc3ZnPg==\" class=\"lazyload\" style=\"--smush-placeholder-width: 960px; --smush-placeholder-aspect-ratio: 960\/640;\" \/><\/a>\r\n<\/dt><\/dl><dl class=\"gallery-item\">\n<dt class=\"gallery-icon\">\r\n<a href=\"https:\/\/www.lasrosas.com.ar\/portal\/wp-content\/uploads\/CARDI-B-Photo-200801_Cardi_Day_10057-Edit-Edit-1920x1280.jpg\" title=\"\" rel=\"gallery1\"><img decoding=\"async\" data-src=\"https:\/\/www.lasrosas.com.ar\/portal\/wp-content\/uploads\/CARDI-B-Photo-200801_Cardi_Day_10057-Edit-Edit-960x640.jpg\" width=\"960\" height=\"640\" alt=\"\" src=\"data:image\/svg+xml;base64,PHN2ZyB3aWR0aD0iMSIgaGVpZ2h0PSIxIiB4bWxucz0iaHR0cDovL3d3dy53My5vcmcvMjAwMC9zdmciPjwvc3ZnPg==\" class=\"lazyload\" style=\"--smush-placeholder-width: 960px; --smush-placeholder-aspect-ratio: 960\/640;\" \/><\/a>\r\n<\/dt><\/dl><br style=\"clear: both\" \/>\r\n\t\t<\/div>\n\n<!-- AddThis Advanced Settings generic via filter on the_content --><!-- AddThis Share Buttons generic via filter on the_content -->","protected":false},"excerpt":{"rendered":"<p>Bad Bunny, Ozuna, Anuel AA, Camilo, Banda MS, Black Eyed Peas, Christian Nodal, Eslab\u00f3n Armado, Natanael Cano, Maluma, Reik, Shakira, y Snoop Dogg se encuentran entre los m\u00e1s nominados. Los artistas colombianos J Balvin y Karol G dominan las nominaciones a los premios \u201cLatin American Music Awards\u201d (Latin AMAs) 2021. La lista completa de los [&hellip;]<!-- AddThis Advanced Settings generic via filter on get_the_excerpt --><!-- AddThis Share Buttons generic via filter on get_the_excerpt --><\/p>\n","protected":false},"author":6,"featured_media":33264,"comment_status":"closed","ping_status":"open","sticky":false,"template":"","format":"standard","meta":{"_acf_changed":false,"om_disable_all_campaigns":false,"_monsterinsights_skip_tracking":false,"_monsterinsights_sitenote_active":false,"_monsterinsights_sitenote_note":"","_monsterinsights_sitenote_category":0,"_uf_show_specific_survey":0,"_uf_disable_surveys":false,"footnotes":""},"categories":[234,100],"tags":[],"class_list":["post-33256","post","type-post","status-publish","format-standard","has-post-thumbnail","hentry","category-trend","category-noticias"],"acf":[],"aioseo_notices":[],"_links":{"self":[{"href":"https:\/\/www.lasrosas.com.ar\/portal\/wp-json\/wp\/v2\/posts\/33256","targetHints":{"allow":["GET"]}}],"collection":[{"href":"https:\/\/www.lasrosas.com.ar\/portal\/wp-json\/wp\/v2\/posts"}],"about":[{"href":"https:\/\/www.lasrosas.com.ar\/portal\/wp-json\/wp\/v2\/types\/post"}],"author":[{"embeddable":true,"href":"https:\/\/www.lasrosas.com.ar\/portal\/wp-json\/wp\/v2\/users\/6"}],"replies":[{"embeddable":true,"href":"https:\/\/www.lasrosas.com.ar\/portal\/wp-json\/wp\/v2\/comments?post=33256"}],"version-history":[{"count":0,"href":"https:\/\/www.lasrosas.com.ar\/portal\/wp-json\/wp\/v2\/posts\/33256\/revisions"}],"wp:featuredmedia":[{"embeddable":true,"href":"https:\/\/www.lasrosas.com.ar\/portal\/wp-json\/wp\/v2\/media\/33264"}],"wp:attachment":[{"href":"https:\/\/www.lasrosas.com.ar\/portal\/wp-json\/wp\/v2\/media?parent=33256"}],"wp:term":[{"taxonomy":"category","embeddable":true,"href":"https:\/\/www.lasrosas.com.ar\/portal\/wp-json\/wp\/v2\/categories?post=33256"},{"taxonomy":"post_tag","embeddable":true,"href":"https:\/\/www.lasrosas.com.ar\/portal\/wp-json\/wp\/v2\/tags?post=33256"}],"curies":[{"name":"wp","href":"https:\/\/api.w.org\/{rel}","templated":true}]}}