{"id":32643,"date":"2021-02-09T13:42:19","date_gmt":"2021-02-09T16:42:19","guid":{"rendered":"https:\/\/www.lasrosas.com.ar\/portal\/?p=32643"},"modified":"2021-02-09T13:46:03","modified_gmt":"2021-02-09T16:46:03","slug":"de-aniversario-y-estreno","status":"publish","type":"post","link":"https:\/\/www.lasrosas.com.ar\/portal\/de-aniversario-y-estreno\/","title":{"rendered":"\u00a1DE ANIVERSARIO Y ESTRENO!"},"content":{"rendered":"<p><span style=\"font-weight: 400;\">En el d\u00eda en que Evaluna Montaner y Camilo Echeverry cumplen un a\u00f1o de casados, la pareja decidi\u00f3 celebrarlo de la mejor manera, con el estreno de la canci\u00f3n \u201cUno M\u00e1s Uno\u201d de ella.\u00a0<\/span><\/p>\n<p><span style=\"font-weight: 400;\">La canci\u00f3n es una balada inspirada en la relaci\u00f3n y presencia de Dios en la vida de la cantante. Y el videoclip que acompa\u00f1a tiene como escenario la playa, en donde aparece la artista cantando y tocando el piano. Adem\u00e1s, el final del video cuenta con la presencia del mism\u00edsimo Camilo.\u00a0 <\/span><\/p>\n<p><em><strong>Escuch\u00e1 la nueva canci\u00f3n de Evaluna ac\u00e1!<\/strong><\/em><\/p>\n<p><iframe title=\"Evaluna Montaner - Uno M\u00e1s Uno (Official Video)\" width=\"500\" height=\"281\" data-src=\"https:\/\/www.youtube.com\/embed\/VnSPbKLo8cg?feature=oembed\" frameborder=\"0\" allow=\"accelerometer; autoplay; clipboard-write; encrypted-media; gyroscope; picture-in-picture; web-share\" referrerpolicy=\"strict-origin-when-cross-origin\" allowfullscreen src=\"data:image\/svg+xml;base64,PHN2ZyB3aWR0aD0iMSIgaGVpZ2h0PSIxIiB4bWxucz0iaHR0cDovL3d3dy53My5vcmcvMjAwMC9zdmciPjwvc3ZnPg==\" class=\"lazyload\" data-load-mode=\"1\"><\/iframe><\/p>\n<!-- AddThis Advanced Settings generic via filter on the_content --><!-- AddThis Share Buttons generic via filter on the_content -->","protected":false},"excerpt":{"rendered":"<p>En el d\u00eda en que Evaluna Montaner y Camilo Echeverry cumplen un a\u00f1o de casados, la pareja decidi\u00f3 celebrarlo de la mejor manera, con el estreno de la canci\u00f3n \u201cUno M\u00e1s Uno\u201d de ella.\u00a0 La canci\u00f3n es una balada inspirada en la relaci\u00f3n y presencia de Dios en la vida de la cantante. Y el [&hellip;]<!-- AddThis Advanced Settings generic via filter on get_the_excerpt --><!-- AddThis Share Buttons generic via filter on get_the_excerpt --><\/p>\n","protected":false},"author":6,"featured_media":32645,"comment_status":"closed","ping_status":"open","sticky":false,"template":"","format":"standard","meta":{"_acf_changed":false,"om_disable_all_campaigns":false,"_monsterinsights_skip_tracking":false,"_monsterinsights_sitenote_active":false,"_monsterinsights_sitenote_note":"","_monsterinsights_sitenote_category":0,"_uf_show_specific_survey":0,"_uf_disable_surveys":false,"footnotes":""},"categories":[234,100],"tags":[429,428,430],"class_list":["post-32643","post","type-post","status-publish","format-standard","has-post-thumbnail","hentry","category-trend","category-noticias","tag-camilo","tag-evaluna","tag-uno-mas-uno"],"acf":[],"aioseo_notices":[],"_links":{"self":[{"href":"https:\/\/www.lasrosas.com.ar\/portal\/wp-json\/wp\/v2\/posts\/32643","targetHints":{"allow":["GET"]}}],"collection":[{"href":"https:\/\/www.lasrosas.com.ar\/portal\/wp-json\/wp\/v2\/posts"}],"about":[{"href":"https:\/\/www.lasrosas.com.ar\/portal\/wp-json\/wp\/v2\/types\/post"}],"author":[{"embeddable":true,"href":"https:\/\/www.lasrosas.com.ar\/portal\/wp-json\/wp\/v2\/users\/6"}],"replies":[{"embeddable":true,"href":"https:\/\/www.lasrosas.com.ar\/portal\/wp-json\/wp\/v2\/comments?post=32643"}],"version-history":[{"count":0,"href":"https:\/\/www.lasrosas.com.ar\/portal\/wp-json\/wp\/v2\/posts\/32643\/revisions"}],"wp:featuredmedia":[{"embeddable":true,"href":"https:\/\/www.lasrosas.com.ar\/portal\/wp-json\/wp\/v2\/media\/32645"}],"wp:attachment":[{"href":"https:\/\/www.lasrosas.com.ar\/portal\/wp-json\/wp\/v2\/media?parent=32643"}],"wp:term":[{"taxonomy":"category","embeddable":true,"href":"https:\/\/www.lasrosas.com.ar\/portal\/wp-json\/wp\/v2\/categories?post=32643"},{"taxonomy":"post_tag","embeddable":true,"href":"https:\/\/www.lasrosas.com.ar\/portal\/wp-json\/wp\/v2\/tags?post=32643"}],"curies":[{"name":"wp","href":"https:\/\/api.w.org\/{rel}","templated":true}]}}