{"id":31798,"date":"2021-01-14T16:39:27","date_gmt":"2021-01-14T19:39:27","guid":{"rendered":"https:\/\/www.lasrosas.com.ar\/portal\/?p=31798"},"modified":"2021-01-18T09:18:12","modified_gmt":"2021-01-18T12:18:12","slug":"covergirl-cande-molfese","status":"publish","type":"post","link":"https:\/\/www.lasrosas.com.ar\/portal\/covergirl-cande-molfese\/","title":{"rendered":"#COVERGIRL: CANDE MOLFESE"},"content":{"rendered":"<p><strong><i>Es una de las actrices consagradas, de Argentina, para el mundo. Utiliza su garganta para enamorar o\u00eddos y sus redes sociales para concientizar y entretener. Ella es parte de la nueva generaci\u00f3n que rompe con los paradigmas y elije qu\u00e9 s\u00ed, y que no. Nuestra COVER GIRL irrumpe en escena y va por todo. Ella es Cande Molfese.\u00a0<\/i><\/strong><\/p>\n<p><img decoding=\"async\" class=\"aligncenter wp-image-31802 lazyload\" data-src=\"https:\/\/www.lasrosas.com.ar\/portal\/wp-content\/uploads\/IMG_0890r.jpg\" alt=\"\" width=\"700\" height=\"518\" data-srcset=\"https:\/\/www.lasrosas.com.ar\/portal\/wp-content\/uploads\/IMG_0890r.jpg 3528w, https:\/\/www.lasrosas.com.ar\/portal\/wp-content\/uploads\/IMG_0890r-960x710.jpg 960w, https:\/\/www.lasrosas.com.ar\/portal\/wp-content\/uploads\/IMG_0890r-1920x1419.jpg 1920w\" data-sizes=\"(max-width: 700px) 100vw, 700px\" src=\"data:image\/svg+xml;base64,PHN2ZyB3aWR0aD0iMSIgaGVpZ2h0PSIxIiB4bWxucz0iaHR0cDovL3d3dy53My5vcmcvMjAwMC9zdmciPjwvc3ZnPg==\" style=\"--smush-placeholder-width: 700px; --smush-placeholder-aspect-ratio: 700\/518;\" \/><\/p>\n<p><b>\u00bfCu\u00e1ndo decidiste ser actriz?<\/b><span style=\"font-weight: 400;\"> Decid\u00ed ser actriz desde chiquita. Cuando mi mama vio que ten\u00eda potencial para esto, al toque me mando a estudiar y estuvo aconsej\u00e1ndome\u00a0 al igual que una de mis hermanas que actualmente es mi manager. Era como un juego hasta que termine el colegio y decid\u00ed dedicarme profesionalmente, me anote en la carrera de comedia musical y de ah\u00ed nunca pare.\u00a0<\/span><\/p>\n<p><b>Sos una gran cantante \u00bfC\u00f3mo fueron tus comienzos?<\/b><span style=\"font-weight: 400;\"> Cantar es una de las cosas que m\u00e1s me gusta hacer y la que menos hago. Aunque en el 2020 fue lo que m\u00e1s se me topo en el camino, asique lo recontra disfrute. La garganta es un musculo asique lo m\u00e1s importante es estudiar\u00a0 y estar ah\u00ed entrenando, eso es lo que hace que uno pueda crecer como artista y cantante. No me considero una gran cantante pero soy una apasionada de la m\u00fasica.\u00a0<\/span><b>\u00bfQu\u00e9 signific\u00f3 \u201cVioletta\u201d en tu carrera?<\/b><span style=\"font-weight: 400;\"> Obviamente violeta fue un antes y un despu\u00e9s en mi vida porque fue el comienzo de mi carrera. Me marco para siempre, fue empezar trabajando con Disney, con un elenco tremendo, con profesionales, fue una escuela. Aprend\u00ed todo: desde como pararme al frente de c\u00e1mara, como mirar la c\u00e1mara, como hacer un copete, viaje por todo el mundo. Toda mi vida la voy a recordar y lo voy a tener en mi coraz\u00f3n porque fue el comienzo de toda esta carrera que estoy transitando hace 11 a\u00f1os.\u00a0<\/span><\/p>\n\r\n\t\t<style type='text\/css'>\r\n\t\t\t#gallery-1 {\r\n\t\t\t\tmargin: auto;\r\n\t\t\t}\r\n\t\t\t#gallery-1 .gallery-item {\r\n\t\t\t\tfloat: left;\r\n\t\t\t\tmargin-top: 10px;\r\n\t\t\t\ttext-align: center;\r\n\t\t\t\twidth: 50%;\r\n\t\t\t}\r\n\t\t\t#gallery-1 img {\r\n\t\t\t\tborder: 2px solid #cfcfcf;\r\n\t\t\t}\r\n\t\t\t#gallery-1 .gallery-caption {\r\n\t\t\t\tmargin-left: 0;\r\n\t\t\t}\r\n\t\t<\/style>\r\n\t\t<!-- see gallery_shortcode() in wp-includes\/media.php -->\n\t\t<div id='gallery-1' class='gallery galleryid-31798 gallery-columns-2 gallery-size-medium gallery1'><script type=\"text\/javascript\">\r\n\/\/ <![CDATA[\r\n\tjQuery(document).ready(function () {\r\n\t\tjQuery(\".gallery1 a\").attr(\"rel\",\"gallery1\");\t\r\n\t\tjQuery('a[rel=\"gallery1\"]').colorbox({maxWidth:\"95%\", maxHeight:\"95%\",title: function(){ return jQuery(this).children().attr(\"alt\"); }, });\r\n\t});\r\n\/\/ ]]>\r\n<\/script>\n<dl class=\"gallery-item\">\n<dt class=\"gallery-icon\">\r\n<a href=\"https:\/\/www.lasrosas.com.ar\/portal\/wp-content\/uploads\/IMG_0939r-1920x1280.jpg\" title=\"\" rel=\"gallery1\"><img decoding=\"async\" data-src=\"https:\/\/www.lasrosas.com.ar\/portal\/wp-content\/uploads\/IMG_0939r-960x640.jpg\" width=\"960\" height=\"640\" alt=\"\" src=\"data:image\/svg+xml;base64,PHN2ZyB3aWR0aD0iMSIgaGVpZ2h0PSIxIiB4bWxucz0iaHR0cDovL3d3dy53My5vcmcvMjAwMC9zdmciPjwvc3ZnPg==\" class=\"lazyload\" style=\"--smush-placeholder-width: 960px; --smush-placeholder-aspect-ratio: 960\/640;\" \/><\/a>\r\n<\/dt><\/dl><dl class=\"gallery-item\">\n<dt class=\"gallery-icon\">\r\n<a href=\"https:\/\/www.lasrosas.com.ar\/portal\/wp-content\/uploads\/IMG_0933r-1920x1280.jpg\" title=\"\" rel=\"gallery1\"><img decoding=\"async\" data-src=\"https:\/\/www.lasrosas.com.ar\/portal\/wp-content\/uploads\/IMG_0933r-960x640.jpg\" width=\"960\" height=\"640\" alt=\"\" src=\"data:image\/svg+xml;base64,PHN2ZyB3aWR0aD0iMSIgaGVpZ2h0PSIxIiB4bWxucz0iaHR0cDovL3d3dy53My5vcmcvMjAwMC9zdmciPjwvc3ZnPg==\" class=\"lazyload\" style=\"--smush-placeholder-width: 960px; --smush-placeholder-aspect-ratio: 960\/640;\" \/><\/a>\r\n<\/dt><\/dl><br style=\"clear: both\" \/>\r\n\t\t<\/div>\n\n<blockquote><p><em>\u201cCreo que hay muchos mandatos impuestos por una cuesti\u00f3n cultural y del deber ser y yo estoy tratando de romper con todas esas estructuras\u201d.\u00a0<\/em><\/p><\/blockquote>\n<p><b>En una nota dijiste que no te gustar\u00eda seguir el mandato de \u201ccasarse y tener hijos\u201d \u00bfSentis que la sociedad, a\u00fan, sobrevalora esta decisi\u00f3n?<\/b><span style=\"font-weight: 400;\">\u00a0 Sinceramente con el tema de esa nota, lo sostengo y lo creo. Creo que hay muchos mandatos impuestos por una cuesti\u00f3n cultural y del deber ser y yo estoy tratando de romper con todas esas estructuras, no es que juzgo a la gente que se casa y tiene hijes, simplemente es una opini\u00f3n personal. Hablo desde lo que a m\u00ed me pasa, de esta sensaci\u00f3n de \u201cno se\u201d y digo no s\u00e9 porque uno todo el tiempo va evolucionando y hoy es mi pensamiento esto de que no quiero casarme ni tener hijos. Tampoco tengo con quien, esa es la realidad. Pero cuando ten\u00eda con quien tampoco o era lo que deseaba. Hoy es esto lo que pasa y me pasa fervientemente por el cuerpo\u00a0 y no puedo no hacerme cargo, creo que traer un hije al mundo con todo lo que estamos viviendo no es la forma, pero es una apreciaci\u00f3n personal.\u00a0<\/span><\/p>\n<p><b>Las redes sociales lo son todo \u00bfC\u00f3mo llevas el rol de influencer?<\/b><span style=\"font-weight: 400;\"> Soy una bendecida de tener a los seguidores del otro lado, siempre lo digo. Me siento s\u00faper afortunada trato de usar las redes sociales como un canal positivo, esa es mi forma. Las cosas que comunico son cosas que me importan y que tienen valor. Obviamente las redes son un arma de doble filo pero bueno, yo las tomo como un trabajo. Desde mi lugar trato de dejar algo positivo. No me molesta que me diga influencer porque en alg\u00fan punto lo soy.\u00a0<\/span><\/p>\n\r\n\t\t<style type='text\/css'>\r\n\t\t\t#gallery-2 {\r\n\t\t\t\tmargin: auto;\r\n\t\t\t}\r\n\t\t\t#gallery-2 .gallery-item {\r\n\t\t\t\tfloat: left;\r\n\t\t\t\tmargin-top: 10px;\r\n\t\t\t\ttext-align: center;\r\n\t\t\t\twidth: 33%;\r\n\t\t\t}\r\n\t\t\t#gallery-2 img {\r\n\t\t\t\tborder: 2px solid #cfcfcf;\r\n\t\t\t}\r\n\t\t\t#gallery-2 .gallery-caption {\r\n\t\t\t\tmargin-left: 0;\r\n\t\t\t}\r\n\t\t<\/style>\r\n\t\t<!-- see gallery_shortcode() in wp-includes\/media.php -->\n\t\t<div id='gallery-2' class='gallery galleryid-31798 gallery-columns-3 gallery-size-medium gallery1'><script type=\"text\/javascript\">\r\n\/\/ <![CDATA[\r\n\tjQuery(document).ready(function () {\r\n\t\tjQuery(\".gallery1 a\").attr(\"rel\",\"gallery1\");\t\r\n\t\tjQuery('a[rel=\"gallery1\"]').colorbox({maxWidth:\"95%\", maxHeight:\"95%\",title: function(){ return jQuery(this).children().attr(\"alt\"); }, });\r\n\t});\r\n\/\/ ]]>\r\n<\/script>\n<dl class=\"gallery-item\">\n<dt class=\"gallery-icon\">\r\n<a href=\"https:\/\/www.lasrosas.com.ar\/portal\/wp-content\/uploads\/IMG_0837r-1920x1280.jpg\" title=\"\" rel=\"gallery1\"><img decoding=\"async\" data-src=\"https:\/\/www.lasrosas.com.ar\/portal\/wp-content\/uploads\/IMG_0837r-960x640.jpg\" width=\"960\" height=\"640\" alt=\"\" src=\"data:image\/svg+xml;base64,PHN2ZyB3aWR0aD0iMSIgaGVpZ2h0PSIxIiB4bWxucz0iaHR0cDovL3d3dy53My5vcmcvMjAwMC9zdmciPjwvc3ZnPg==\" class=\"lazyload\" style=\"--smush-placeholder-width: 960px; --smush-placeholder-aspect-ratio: 960\/640;\" \/><\/a>\r\n<\/dt><\/dl><dl class=\"gallery-item\">\n<dt class=\"gallery-icon\">\r\n<a href=\"https:\/\/www.lasrosas.com.ar\/portal\/wp-content\/uploads\/IMG_0846r-1920x1280.jpg\" title=\"\" rel=\"gallery1\"><img decoding=\"async\" data-src=\"https:\/\/www.lasrosas.com.ar\/portal\/wp-content\/uploads\/IMG_0846r-960x640.jpg\" width=\"960\" height=\"640\" alt=\"\" src=\"data:image\/svg+xml;base64,PHN2ZyB3aWR0aD0iMSIgaGVpZ2h0PSIxIiB4bWxucz0iaHR0cDovL3d3dy53My5vcmcvMjAwMC9zdmciPjwvc3ZnPg==\" class=\"lazyload\" style=\"--smush-placeholder-width: 960px; --smush-placeholder-aspect-ratio: 960\/640;\" \/><\/a>\r\n<\/dt><\/dl><dl class=\"gallery-item\">\n<dt class=\"gallery-icon\">\r\n<a href=\"https:\/\/www.lasrosas.com.ar\/portal\/wp-content\/uploads\/IMG_0831r-1920x1280.jpg\" title=\"\" rel=\"gallery1\"><img decoding=\"async\" data-src=\"https:\/\/www.lasrosas.com.ar\/portal\/wp-content\/uploads\/IMG_0831r-960x640.jpg\" width=\"960\" height=\"640\" alt=\"\" src=\"data:image\/svg+xml;base64,PHN2ZyB3aWR0aD0iMSIgaGVpZ2h0PSIxIiB4bWxucz0iaHR0cDovL3d3dy53My5vcmcvMjAwMC9zdmciPjwvc3ZnPg==\" class=\"lazyload\" style=\"--smush-placeholder-width: 960px; --smush-placeholder-aspect-ratio: 960\/640;\" \/><\/a>\r\n<\/dt><\/dl><br style=\"clear: both\" \/>\r\n\t\t<\/div>\n\n<blockquote><p><em>\u201cCuando me hice vegetariana lo hice m\u00e1s por algo m\u00edo (\u2026) Hoy en d\u00eda levanto bandera y me considero una persona apasionada de la naturaleza, del medio ambiente y de los animales (\u2026)\u00a0 El futuro es por ah\u00ed\u201d.<\/em><\/p><\/blockquote>\n<p><b>\u00bfC\u00f3mo te llevas con lo haters?<\/b><span style=\"font-weight: 400;\"> \u00a0 Los haters siempre van a estar, son las reglas del juego. No significa que lo tome con liviandad. Tuve momentos de mi carrera donde la pase bastante mal porque recib\u00eda much\u00edsimas agresiones y sufr\u00eda un mont\u00f3n. Era muy chica no ten\u00eda las herramientas que tengo hoy y no estaba preparada para afrontar ciertas situaciones pero hoy la verdad se apagaron un mont\u00f3n y tampoco los tengo.\u00a0<\/span><\/p>\n<p><b>En tu Instagram haces recetas vegetarianas \u00bfC\u00f3mo te sumergiste en el mundo vegetariano?<\/b><span style=\"font-weight: 400;\"> Soy vegetariana hace 6 a\u00f1os y fue algo que me cambio la vida. En su momento cuando me hice vegetariana lo hice m\u00e1s por algo m\u00edo, f\u00edsico, de sentirme mejor, por una cuesti\u00f3n de mejorar mi organismo. Hoy en d\u00eda levanto bandera y me considero una persona apasionada de la naturaleza, del medio ambiente y de los animales, entonces tambi\u00e9n no solo lo hago por un bien m\u00edo sino por un bien medioambiental. Asique para mi es algo s\u00faper importante. El futuro es por ah\u00ed. Entiendo que son tiempos largos y que no todo el mundo lo puede vivir as\u00ed.\u00a0<\/span><\/p>\n<p><b>\u00bfQu\u00e9 proyectos te gustar\u00eda concretar? \u00bfHay alguno en tratativas?<\/b><span style=\"font-weight: 400;\">\u00a0 Con respecto a los proyectos que me gustar\u00eda concretar son muchos, la verdad es que trato de vivir d\u00eda a d\u00eda y proyecto por proyecto. Me encantar\u00eda seguir haciendo cine, tuve la posibilidad de hacer tres pel\u00edculas y me di cuenta que el cine tiene \u201cese no s\u00e9 que\u201d que hace que uno este muy concentrado: tener muy poco tiempo y mucho que desarrollar. El teatro tambi\u00e9n es algo que me encanta. Proyectos siempre tengo y por suerte estoy acompa\u00f1ada de gente que me ayuda\u00a0 a encaminar todo eso.\u00a0<\/span><\/p>\n\r\n\t\t<style type='text\/css'>\r\n\t\t\t#gallery-3 {\r\n\t\t\t\tmargin: auto;\r\n\t\t\t}\r\n\t\t\t#gallery-3 .gallery-item {\r\n\t\t\t\tfloat: left;\r\n\t\t\t\tmargin-top: 10px;\r\n\t\t\t\ttext-align: center;\r\n\t\t\t\twidth: 50%;\r\n\t\t\t}\r\n\t\t\t#gallery-3 img {\r\n\t\t\t\tborder: 2px solid #cfcfcf;\r\n\t\t\t}\r\n\t\t\t#gallery-3 .gallery-caption {\r\n\t\t\t\tmargin-left: 0;\r\n\t\t\t}\r\n\t\t<\/style>\r\n\t\t<!-- see gallery_shortcode() in wp-includes\/media.php -->\n\t\t<div id='gallery-3' class='gallery galleryid-31798 gallery-columns-2 gallery-size-medium gallery1'><script type=\"text\/javascript\">\r\n\/\/ <![CDATA[\r\n\tjQuery(document).ready(function () {\r\n\t\tjQuery(\".gallery1 a\").attr(\"rel\",\"gallery1\");\t\r\n\t\tjQuery('a[rel=\"gallery1\"]').colorbox({maxWidth:\"95%\", maxHeight:\"95%\",title: function(){ return jQuery(this).children().attr(\"alt\"); }, });\r\n\t});\r\n\/\/ ]]>\r\n<\/script>\n<dl class=\"gallery-item\">\n<dt class=\"gallery-icon\">\r\n<a href=\"https:\/\/www.lasrosas.com.ar\/portal\/wp-content\/uploads\/IMG_0926r-1920x1280.jpg\" title=\"\" rel=\"gallery1\"><img decoding=\"async\" data-src=\"https:\/\/www.lasrosas.com.ar\/portal\/wp-content\/uploads\/IMG_0926r-960x640.jpg\" width=\"960\" height=\"640\" alt=\"\" src=\"data:image\/svg+xml;base64,PHN2ZyB3aWR0aD0iMSIgaGVpZ2h0PSIxIiB4bWxucz0iaHR0cDovL3d3dy53My5vcmcvMjAwMC9zdmciPjwvc3ZnPg==\" class=\"lazyload\" style=\"--smush-placeholder-width: 960px; --smush-placeholder-aspect-ratio: 960\/640;\" \/><\/a>\r\n<\/dt><\/dl><dl class=\"gallery-item\">\n<dt class=\"gallery-icon\">\r\n<a href=\"https:\/\/www.lasrosas.com.ar\/portal\/wp-content\/uploads\/IMG_0920r-1920x1280.jpg\" title=\"\" rel=\"gallery1\"><img decoding=\"async\" data-src=\"https:\/\/www.lasrosas.com.ar\/portal\/wp-content\/uploads\/IMG_0920r-960x640.jpg\" width=\"960\" height=\"640\" alt=\"\" src=\"data:image\/svg+xml;base64,PHN2ZyB3aWR0aD0iMSIgaGVpZ2h0PSIxIiB4bWxucz0iaHR0cDovL3d3dy53My5vcmcvMjAwMC9zdmciPjwvc3ZnPg==\" class=\"lazyload\" style=\"--smush-placeholder-width: 960px; --smush-placeholder-aspect-ratio: 960\/640;\" \/><\/a>\r\n<\/dt><\/dl><br style=\"clear: both\" \/>\r\n\t\t<\/div>\n\n<p>&nbsp;<\/p>\n<blockquote><p><em>\u201cLe digo \u201cNO\u201d a esos planes que uno hace por compromiso. He aprendido a decir que no. Me escucho\u201d.<\/em><\/p><\/blockquote>\n<p>&nbsp;<\/p>\n<p>&nbsp;<\/p>\n<p><b>#LOSELEGIDOS<\/b><\/p>\n<p><b>\u00bfUn detalle que te enamore?<\/b><span style=\"font-weight: 400;\"> Lo simple, invitarme a comer, un regalito<\/span><\/p>\n<p><b>\u00bfLo mejor de ser famosa?<\/b><span style=\"font-weight: 400;\"> Los canjes\u00a0 por supuesto! Los emprendedores porque uno puede ayudar pero a la vez recib\u00eds regalitos.<\/span><\/p>\n<p><b>\u00bfEl peor momento del d\u00eda?<\/b><span style=\"font-weight: 400;\"> 7 y media de la tarde 8. El horario de las brujas dice mi mam\u00e1 porque me agarra como la angustia, es raro.\u00a0<\/span><\/p>\n<p><b>\u00bfQu\u00e9 cosas te enojan?<\/b><span style=\"font-weight: 400;\"> El desorden, la impuntualidad, la mentira. Soy un poco enojona. Pero con una sonrisa la careteo (risas)\u00a0<\/span><\/p>\n<p><b>\u00bfA qu\u00e9 le dec\u00eds NO?<\/b><span style=\"font-weight: 400;\"> A esos planes que uno hace por compromiso. He aprendido a decir que no. Me escucho.<\/span><\/p>\n<p><b>\u00bfQui\u00e9n te inspira?<\/b><span style=\"font-weight: 400;\"> Me inspiran las mujeres que tengo a mi alrededor. Mi mam\u00e1, mis hermanas, somos una familia de mujeres.\u00a0<\/span><\/p>\n<p><b>\u00bfQu\u00e9 te causa gracia?<\/b><span style=\"font-weight: 400;\"> Soy una buena reidora, tengo un humor f\u00e1cil. Lo simple.\u00a0<\/span><\/p>\n<p><b>\u00bfSi tuvieras que pedir tres deseos que pedir\u00edas?<\/b><span style=\"font-weight: 400;\"> Que se termine la \u00e9poca del Covid-19, salud que es lo m\u00e1s importante y compartir con la gente que uno quiere.\u00a0<\/span><\/p>\n<p><img decoding=\"async\" class=\"aligncenter wp-image-31800 lazyload\" data-src=\"https:\/\/www.lasrosas.com.ar\/portal\/wp-content\/uploads\/IMG_0795r.jpg\" alt=\"\" width=\"750\" height=\"500\" data-srcset=\"https:\/\/www.lasrosas.com.ar\/portal\/wp-content\/uploads\/IMG_0795r.jpg 4104w, https:\/\/www.lasrosas.com.ar\/portal\/wp-content\/uploads\/IMG_0795r-960x640.jpg 960w, https:\/\/www.lasrosas.com.ar\/portal\/wp-content\/uploads\/IMG_0795r-1920x1280.jpg 1920w\" data-sizes=\"(max-width: 750px) 100vw, 750px\" src=\"data:image\/svg+xml;base64,PHN2ZyB3aWR0aD0iMSIgaGVpZ2h0PSIxIiB4bWxucz0iaHR0cDovL3d3dy53My5vcmcvMjAwMC9zdmciPjwvc3ZnPg==\" style=\"--smush-placeholder-width: 750px; --smush-placeholder-aspect-ratio: 750\/500;\" \/><\/p>\n<p>&nbsp;<\/p>\n<blockquote><p><em>\u201cSoy una apasionada de la m\u00fasica\u201d.<\/em><\/p><\/blockquote>\n<p>&nbsp;<\/p>\n<p><b>#PINGPONG<\/b><\/p>\n<p><span style=\"font-weight: 400;\">\u00bfActuar o cantar?<\/span><strong> Actuar<\/strong><\/p>\n<p><span style=\"font-weight: 400;\">\u00bfMakeUp o cara lavada?<\/span><span style=\"font-weight: 400;\">\u00a0 <strong>Cara lavada<\/strong><\/span><\/p>\n<p><span style=\"font-weight: 400;\">\u00bfFicci\u00f3n o realidad?<\/span><strong> Realidad<\/strong><\/p>\n<p><span style=\"font-weight: 400;\">\u00bfDetr\u00e1s o adelante del tel\u00f3n?<\/span><strong> Adelante del tel\u00f3n\u00a0<\/strong><\/p>\n<p><span style=\"font-weight: 400;\">\u00bfFotos o videos?<\/span><strong> Fotos<\/strong><\/p>\n<p><span style=\"font-weight: 400;\">\u00bfA capella o con pista?<\/span><strong> Con pista!\u00a0<\/strong><\/p>\n<p><span style=\"font-weight: 400;\">\u00bfSola o acompa\u00f1ada?<\/span><strong> Sola<\/strong><\/p>\n<p><span style=\"font-weight: 400;\">\u00bfSalado o dulce?<\/span><strong> Dulce!<\/strong><\/p>\n<p><img decoding=\"async\" class=\"aligncenter wp-image-31801 lazyload\" data-src=\"https:\/\/www.lasrosas.com.ar\/portal\/wp-content\/uploads\/IMG_0797r.jpg\" alt=\"\" width=\"771\" height=\"838\" data-srcset=\"https:\/\/www.lasrosas.com.ar\/portal\/wp-content\/uploads\/IMG_0797r.jpg 2517w, https:\/\/www.lasrosas.com.ar\/portal\/wp-content\/uploads\/IMG_0797r-883x960.jpg 883w, https:\/\/www.lasrosas.com.ar\/portal\/wp-content\/uploads\/IMG_0797r-1766x1920.jpg 1766w\" data-sizes=\"(max-width: 771px) 100vw, 771px\" src=\"data:image\/svg+xml;base64,PHN2ZyB3aWR0aD0iMSIgaGVpZ2h0PSIxIiB4bWxucz0iaHR0cDovL3d3dy53My5vcmcvMjAwMC9zdmciPjwvc3ZnPg==\" style=\"--smush-placeholder-width: 771px; --smush-placeholder-aspect-ratio: 771\/838;\" \/><\/p>\n<p>&nbsp;<\/p>\n<blockquote><p><em>\u201cSoy una buena reidora, tengo un humor f\u00e1cil\u201d.\u00a0<\/em><\/p><\/blockquote>\n<p>&nbsp;<\/p>\n<p>&nbsp;<\/p>\n<p><span style=\"font-weight: 400;\">Fotografia:<\/span><span style=\"font-weight: 400;\"><br \/>\n<\/span><span style=\"font-weight: 400;\">Mariano Michkin @marianomichkin<\/span><span style=\"font-weight: 400;\"><br \/>\n<\/span><span style=\"font-weight: 400;\">Meli Poggi @meli.poggifotografa<\/span><span style=\"font-weight: 400;\"><br \/>\n<\/span><span style=\"font-weight: 400;\">Make up\/Pelo: @josecv.estudio<\/span><span style=\"font-weight: 400;\"><br \/>\n<\/span><span style=\"font-weight: 400;\"><br \/>\n<\/span><span style=\"font-weight: 400;\">Agradecimientos:<\/span><span style=\"font-weight: 400;\"><br \/>\n<\/span><span style=\"font-weight: 400;\">@montoya_hats<\/span><span style=\"font-weight: 400;\"><br \/>\n<\/span><span style=\"font-weight: 400;\">@viba.bikinis<\/span><span style=\"font-weight: 400;\"><br \/>\n<\/span><span style=\"font-weight: 400;\">@<\/span><a href=\"http:\/\/gingerale.ar\/\"><span style=\"font-weight: 400;\">gingerale.ar<\/span><\/a><\/p>\n<!-- AddThis Advanced Settings generic via filter on the_content --><!-- AddThis Share Buttons generic via filter on the_content -->","protected":false},"excerpt":{"rendered":"<p>Es una de las actrices consagradas, de Argentina, para el mundo. Utiliza su garganta para enamorar o\u00eddos y sus redes sociales para concientizar y entretener. Ella es parte de la nueva generaci\u00f3n que rompe con los paradigmas y elije qu\u00e9 s\u00ed, y que no. Nuestra COVER GIRL irrumpe en escena y va por todo. Ella [&hellip;]<!-- AddThis Advanced Settings generic via filter on get_the_excerpt --><!-- AddThis Share Buttons generic via filter on get_the_excerpt --><\/p>\n","protected":false},"author":6,"featured_media":31799,"comment_status":"closed","ping_status":"open","sticky":false,"template":"","format":"standard","meta":{"_acf_changed":false,"om_disable_all_campaigns":false,"_monsterinsights_skip_tracking":false,"_monsterinsights_sitenote_active":false,"_monsterinsights_sitenote_note":"","_monsterinsights_sitenote_category":0,"_uf_show_specific_survey":0,"_uf_disable_surveys":false,"footnotes":""},"categories":[236,234,100],"tags":[],"class_list":["post-31798","post","type-post","status-publish","format-standard","has-post-thumbnail","hentry","category-cover-tapa","category-trend","category-noticias"],"acf":[],"aioseo_notices":[],"_links":{"self":[{"href":"https:\/\/www.lasrosas.com.ar\/portal\/wp-json\/wp\/v2\/posts\/31798","targetHints":{"allow":["GET"]}}],"collection":[{"href":"https:\/\/www.lasrosas.com.ar\/portal\/wp-json\/wp\/v2\/posts"}],"about":[{"href":"https:\/\/www.lasrosas.com.ar\/portal\/wp-json\/wp\/v2\/types\/post"}],"author":[{"embeddable":true,"href":"https:\/\/www.lasrosas.com.ar\/portal\/wp-json\/wp\/v2\/users\/6"}],"replies":[{"embeddable":true,"href":"https:\/\/www.lasrosas.com.ar\/portal\/wp-json\/wp\/v2\/comments?post=31798"}],"version-history":[{"count":0,"href":"https:\/\/www.lasrosas.com.ar\/portal\/wp-json\/wp\/v2\/posts\/31798\/revisions"}],"wp:featuredmedia":[{"embeddable":true,"href":"https:\/\/www.lasrosas.com.ar\/portal\/wp-json\/wp\/v2\/media\/31799"}],"wp:attachment":[{"href":"https:\/\/www.lasrosas.com.ar\/portal\/wp-json\/wp\/v2\/media?parent=31798"}],"wp:term":[{"taxonomy":"category","embeddable":true,"href":"https:\/\/www.lasrosas.com.ar\/portal\/wp-json\/wp\/v2\/categories?post=31798"},{"taxonomy":"post_tag","embeddable":true,"href":"https:\/\/www.lasrosas.com.ar\/portal\/wp-json\/wp\/v2\/tags?post=31798"}],"curies":[{"name":"wp","href":"https:\/\/api.w.org\/{rel}","templated":true}]}}