{"id":31593,"date":"2021-01-08T17:33:49","date_gmt":"2021-01-08T20:33:49","guid":{"rendered":"https:\/\/www.lasrosas.com.ar\/portal\/?p=31593"},"modified":"2021-01-08T17:33:49","modified_gmt":"2021-01-08T20:33:49","slug":"sleep-yoga-la-tendencia-del-2021-que-brinda-bienestar","status":"publish","type":"post","link":"https:\/\/www.lasrosas.com.ar\/portal\/sleep-yoga-la-tendencia-del-2021-que-brinda-bienestar\/","title":{"rendered":"SLEEP YOGA: LA TENDENCIA DEL 2021 QUE BRINDA BIENESTAR"},"content":{"rendered":"<p><strong><em>Ideal para quienes no logran conciliar el sue\u00f1o, practicar dicha disciplina antes de ir a dormir tiene como uno de sus beneficios a destacar que promueve la relajaci\u00f3n y reduce el estr\u00e9s. Luc\u00eda Denevi, creadora de <\/em><em>House of Mats<\/em><em>, cuenta por qu\u00e9 es recomendable practicar yoga de noche<\/em><\/strong><\/p>\n<p><strong><em>\u00bfA qu\u00e9 se conoce como Sleep yoga?<\/em><\/strong><\/p>\n<p>Se trata de una serie de posturas que, de realizarse antes de ir a dormir, predisponen a un sue\u00f1o m\u00e1s calmo y profundo.<\/p>\n<p><strong><em>\u00bfCu\u00e1les son los beneficios que trae practicar esta disciplina antes de dormir?<\/em><\/strong><\/p>\n<p>Los m\u00e1s destacados son que induce al sue\u00f1o, alivia el insomnio, mejora su calidad y duraci\u00f3n y, por sobre todo, promueve la relajaci\u00f3n.<\/p>\n<p><strong><em>\u00bfPor qu\u00e9 la recomiendan a aquellas personas que no pueden conciliar el sue\u00f1o?<\/em><\/strong><\/p>\n<p>Es una manera org\u00e1nica de calmar al cuerpo, sin pastillas ni qu\u00edmicos: una forma natural de informarle al cuerpo y mente que es hora de soltar el d\u00eda.<\/p>\n<p>Nos invita a respirar y tomar conciencia del momento presente, tan simple y tan complejo como irse a dormir.<\/p>\n<p><strong><em>\u00bfAyuda a lidiar con el estr\u00e9s?<\/em><\/strong><\/p>\n<p>Siempre que el cuerpo descansa bien, un s\u00edntoma inmediato es la reducci\u00f3n del estr\u00e9s.<\/p>\n<p>La pr\u00e1ctica con regularidad lo hace m\u00e1s notable en la cotidianidad. Un\u00a0sue\u00f1o adecuado reduce significativamente los sentimientos de ansiedad porque mejoran la\u00a0capacidad de procesar el\u00a0estr\u00e9s<strong>\u00a0<\/strong>y reaccionar a cualquier\u00a0est\u00edmulo de manera apropiada.<\/p>\n<p><img decoding=\"async\" class=\"aligncenter  wp-image-31595 lazyload\" data-src=\"https:\/\/www.lasrosas.com.ar\/portal\/wp-content\/uploads\/HOUSE-OF-MATS3598-1.jpg\" alt=\"\" width=\"780\" height=\"520\" data-srcset=\"https:\/\/www.lasrosas.com.ar\/portal\/wp-content\/uploads\/HOUSE-OF-MATS3598-1.jpg 5040w, https:\/\/www.lasrosas.com.ar\/portal\/wp-content\/uploads\/HOUSE-OF-MATS3598-1-960x640.jpg 960w, https:\/\/www.lasrosas.com.ar\/portal\/wp-content\/uploads\/HOUSE-OF-MATS3598-1-1920x1280.jpg 1920w\" data-sizes=\"(max-width: 780px) 100vw, 780px\" src=\"data:image\/svg+xml;base64,PHN2ZyB3aWR0aD0iMSIgaGVpZ2h0PSIxIiB4bWxucz0iaHR0cDovL3d3dy53My5vcmcvMjAwMC9zdmciPjwvc3ZnPg==\" style=\"--smush-placeholder-width: 780px; --smush-placeholder-aspect-ratio: 780\/520;\" \/><\/p>\n<p><strong><em>\u00bfCu\u00e1nto tiempo debe durar una sesi\u00f3n nocturna? \u00bfDebe practicarse en un horario puntual?<\/em><\/strong><\/p>\n<p>Con s\u00f3lo 10 minutos es suficiente para una pr\u00e1ctica efectiva.<\/p>\n<p>Lo mejor es olvidarse del tel\u00e9fono, la televisi\u00f3n, poner una luz tenue y dedicar ese tiempo enfocados en el pronto descanso.<\/p>\n<p>Depende las posturas que se elijan se pueden realizar hasta en la misma cama. Si no, en un mat o alfombra a los pies de ella. Lo ideal es dormirnos en la postura Savasana.<\/p>\n<p><strong><em>\u00bfCu\u00e1les son los elementos necesarios para disfrutar del yoga?<\/em><\/strong><\/p>\n<p>Elementos para la comodidad: un mat, un bloque y un cinto. A su vez, mantas o almohadones dise\u00f1ados especialmente para yoga.<\/p>\n<p>Art\u00edculos para el disfrute&#8230; ganas, compromiso, curiosidad y paciencia.<\/p>\n<!-- AddThis Advanced Settings generic via filter on the_content --><!-- AddThis Share Buttons generic via filter on the_content -->","protected":false},"excerpt":{"rendered":"<p>Ideal para quienes no logran conciliar el sue\u00f1o, practicar dicha disciplina antes de ir a dormir tiene como uno de sus beneficios a destacar que promueve la relajaci\u00f3n y reduce el estr\u00e9s. Luc\u00eda Denevi, creadora de House of Mats, cuenta por qu\u00e9 es recomendable practicar yoga de noche \u00bfA qu\u00e9 se conoce como Sleep yoga? [&hellip;]<!-- AddThis Advanced Settings generic via filter on get_the_excerpt --><!-- AddThis Share Buttons generic via filter on get_the_excerpt --><\/p>\n","protected":false},"author":6,"featured_media":31594,"comment_status":"closed","ping_status":"open","sticky":false,"template":"","format":"standard","meta":{"_acf_changed":false,"om_disable_all_campaigns":false,"_monsterinsights_skip_tracking":false,"_monsterinsights_sitenote_active":false,"_monsterinsights_sitenote_note":"","_monsterinsights_sitenote_category":0,"_uf_show_specific_survey":0,"_uf_disable_surveys":false,"footnotes":""},"categories":[376],"tags":[],"class_list":["post-31593","post","type-post","status-publish","format-standard","has-post-thumbnail","hentry","category-lifestyle"],"acf":[],"aioseo_notices":[],"_links":{"self":[{"href":"https:\/\/www.lasrosas.com.ar\/portal\/wp-json\/wp\/v2\/posts\/31593","targetHints":{"allow":["GET"]}}],"collection":[{"href":"https:\/\/www.lasrosas.com.ar\/portal\/wp-json\/wp\/v2\/posts"}],"about":[{"href":"https:\/\/www.lasrosas.com.ar\/portal\/wp-json\/wp\/v2\/types\/post"}],"author":[{"embeddable":true,"href":"https:\/\/www.lasrosas.com.ar\/portal\/wp-json\/wp\/v2\/users\/6"}],"replies":[{"embeddable":true,"href":"https:\/\/www.lasrosas.com.ar\/portal\/wp-json\/wp\/v2\/comments?post=31593"}],"version-history":[{"count":0,"href":"https:\/\/www.lasrosas.com.ar\/portal\/wp-json\/wp\/v2\/posts\/31593\/revisions"}],"wp:featuredmedia":[{"embeddable":true,"href":"https:\/\/www.lasrosas.com.ar\/portal\/wp-json\/wp\/v2\/media\/31594"}],"wp:attachment":[{"href":"https:\/\/www.lasrosas.com.ar\/portal\/wp-json\/wp\/v2\/media?parent=31593"}],"wp:term":[{"taxonomy":"category","embeddable":true,"href":"https:\/\/www.lasrosas.com.ar\/portal\/wp-json\/wp\/v2\/categories?post=31593"},{"taxonomy":"post_tag","embeddable":true,"href":"https:\/\/www.lasrosas.com.ar\/portal\/wp-json\/wp\/v2\/tags?post=31593"}],"curies":[{"name":"wp","href":"https:\/\/api.w.org\/{rel}","templated":true}]}}