{"id":30981,"date":"2020-12-21T14:27:23","date_gmt":"2020-12-21T17:27:23","guid":{"rendered":"https:\/\/www.lasrosas.com.ar\/portal\/?p=30981"},"modified":"2020-12-21T14:27:23","modified_gmt":"2020-12-21T17:27:23","slug":"rada-beach-el-balneario-ideal-para-un-descanso-reparador","status":"publish","type":"post","link":"https:\/\/www.lasrosas.com.ar\/portal\/rada-beach-el-balneario-ideal-para-un-descanso-reparador\/","title":{"rendered":"RADA BEACH, EL BALNEARIO IDEAL PARA UN DESCANSO REPARADOR"},"content":{"rendered":"<p><strong><em>Tranquilidad, cocina de autor, atardeceres so\u00f1ados combinados con el paisaje de las extensas playas de Pinamar Norte y por supuesto, con protocolos y cuidados especiales anti Covid-19, este ic\u00f3nico parador propone una experiencia exclusiva y placentera para sus visitantes.<\/em><\/strong><\/p>\n<p>RADA BEACH cuenta con 150 carpas, 30 sombrillas y un estacionamiento para m\u00e1s de 150 autom\u00f3viles. El parador se encuentra ubicado Avenida del Mar y Odisea, Pinamar Norte y cuenta con un f\u00e1cil acceso.\u00a0RADA BEACH, el balneario m\u00e1s exclusivo de Pinamar, lanz\u00f3 su temporada 20\/21 y est\u00e1 preparado para que las familias tengan un lugar de descanso y relax con todos los amenities y servicios necesarios para unas vacaciones inolvidables.\u00a0\u00a0RADA BEACH se distingue por su entorno moderno y relajado, su calidad de servicio y su excelente gastronom\u00eda, lo que lo convierte en uno de los elegidos de la temporada.<\/p>\n\r\n\t\t<style type='text\/css'>\r\n\t\t\t#gallery-1 {\r\n\t\t\t\tmargin: auto;\r\n\t\t\t}\r\n\t\t\t#gallery-1 .gallery-item {\r\n\t\t\t\tfloat: left;\r\n\t\t\t\tmargin-top: 10px;\r\n\t\t\t\ttext-align: center;\r\n\t\t\t\twidth: 50%;\r\n\t\t\t}\r\n\t\t\t#gallery-1 img {\r\n\t\t\t\tborder: 2px solid #cfcfcf;\r\n\t\t\t}\r\n\t\t\t#gallery-1 .gallery-caption {\r\n\t\t\t\tmargin-left: 0;\r\n\t\t\t}\r\n\t\t<\/style>\r\n\t\t<!-- see gallery_shortcode() in wp-includes\/media.php -->\n\t\t<div id='gallery-1' class='gallery galleryid-30981 gallery-columns-2 gallery-size-medium gallery1'><script type=\"text\/javascript\">\r\n\/\/ <![CDATA[\r\n\tjQuery(document).ready(function () {\r\n\t\tjQuery(\".gallery1 a\").attr(\"rel\",\"gallery1\");\t\r\n\t\tjQuery('a[rel=\"gallery1\"]').colorbox({maxWidth:\"95%\", maxHeight:\"95%\",title: function(){ return jQuery(this).children().attr(\"alt\"); }, });\r\n\t});\r\n\/\/ ]]>\r\n<\/script>\n<dl class=\"gallery-item\">\n<dt class=\"gallery-icon\">\r\n<a href=\"https:\/\/www.lasrosas.com.ar\/portal\/wp-content\/uploads\/RADA-BEACH-2-1920x1440.jpg\" title=\"\" rel=\"gallery1\"><img decoding=\"async\" data-src=\"https:\/\/www.lasrosas.com.ar\/portal\/wp-content\/uploads\/RADA-BEACH-2-960x720.jpg\" width=\"960\" height=\"720\" alt=\"\" src=\"data:image\/svg+xml;base64,PHN2ZyB3aWR0aD0iMSIgaGVpZ2h0PSIxIiB4bWxucz0iaHR0cDovL3d3dy53My5vcmcvMjAwMC9zdmciPjwvc3ZnPg==\" class=\"lazyload\" style=\"--smush-placeholder-width: 960px; --smush-placeholder-aspect-ratio: 960\/720;\" \/><\/a>\r\n<\/dt><\/dl><dl class=\"gallery-item\">\n<dt class=\"gallery-icon\">\r\n<a href=\"https:\/\/www.lasrosas.com.ar\/portal\/wp-content\/uploads\/RADA-BEACH-1920x1440.jpg\" title=\"\" rel=\"gallery1\"><img decoding=\"async\" data-src=\"https:\/\/www.lasrosas.com.ar\/portal\/wp-content\/uploads\/RADA-BEACH-960x720.jpg\" width=\"960\" height=\"720\" alt=\"\" src=\"data:image\/svg+xml;base64,PHN2ZyB3aWR0aD0iMSIgaGVpZ2h0PSIxIiB4bWxucz0iaHR0cDovL3d3dy53My5vcmcvMjAwMC9zdmciPjwvc3ZnPg==\" class=\"lazyload\" style=\"--smush-placeholder-width: 960px; --smush-placeholder-aspect-ratio: 960\/720;\" \/><\/a>\r\n<\/dt><\/dl><br style=\"clear: both\" \/>\r\n\t\t<\/div>\n\n<p><em>\u201cDespu\u00e9s de meses tan dif\u00edciles para todos, es muy notoria la necesidad que tienen los argentinos de salir, viajar, de alguna forma recuperar el tiempo que estuvimos adentro, seguramente por eso es que recibimos cientos de consultas y tenemos muchas reservas confirmadas, a\u00fan antes de haberse lanzado oficialmente la temporada, lo cual nos llena de alegr\u00eda y expectativas para este nuevo a\u00f1o\u201d<\/em>, afirma Walter Zenobi, uno de los socios del parador.<\/p>\n<!-- AddThis Advanced Settings generic via filter on the_content --><!-- AddThis Share Buttons generic via filter on the_content -->","protected":false},"excerpt":{"rendered":"<p>Tranquilidad, cocina de autor, atardeceres so\u00f1ados combinados con el paisaje de las extensas playas de Pinamar Norte y por supuesto, con protocolos y cuidados especiales anti Covid-19, este ic\u00f3nico parador propone una experiencia exclusiva y placentera para sus visitantes. RADA BEACH cuenta con 150 carpas, 30 sombrillas y un estacionamiento para m\u00e1s de 150 autom\u00f3viles. [&hellip;]<!-- AddThis Advanced Settings generic via filter on get_the_excerpt --><!-- AddThis Share Buttons generic via filter on get_the_excerpt --><\/p>\n","protected":false},"author":6,"featured_media":30984,"comment_status":"closed","ping_status":"open","sticky":false,"template":"","format":"standard","meta":{"_acf_changed":false,"om_disable_all_campaigns":false,"_monsterinsights_skip_tracking":false,"_monsterinsights_sitenote_active":false,"_monsterinsights_sitenote_note":"","_monsterinsights_sitenote_category":0,"_uf_show_specific_survey":0,"_uf_disable_surveys":false,"footnotes":""},"categories":[100,26],"tags":[],"class_list":["post-30981","post","type-post","status-publish","format-standard","has-post-thumbnail","hentry","category-noticias","category-negocios"],"acf":[],"aioseo_notices":[],"_links":{"self":[{"href":"https:\/\/www.lasrosas.com.ar\/portal\/wp-json\/wp\/v2\/posts\/30981","targetHints":{"allow":["GET"]}}],"collection":[{"href":"https:\/\/www.lasrosas.com.ar\/portal\/wp-json\/wp\/v2\/posts"}],"about":[{"href":"https:\/\/www.lasrosas.com.ar\/portal\/wp-json\/wp\/v2\/types\/post"}],"author":[{"embeddable":true,"href":"https:\/\/www.lasrosas.com.ar\/portal\/wp-json\/wp\/v2\/users\/6"}],"replies":[{"embeddable":true,"href":"https:\/\/www.lasrosas.com.ar\/portal\/wp-json\/wp\/v2\/comments?post=30981"}],"version-history":[{"count":0,"href":"https:\/\/www.lasrosas.com.ar\/portal\/wp-json\/wp\/v2\/posts\/30981\/revisions"}],"wp:featuredmedia":[{"embeddable":true,"href":"https:\/\/www.lasrosas.com.ar\/portal\/wp-json\/wp\/v2\/media\/30984"}],"wp:attachment":[{"href":"https:\/\/www.lasrosas.com.ar\/portal\/wp-json\/wp\/v2\/media?parent=30981"}],"wp:term":[{"taxonomy":"category","embeddable":true,"href":"https:\/\/www.lasrosas.com.ar\/portal\/wp-json\/wp\/v2\/categories?post=30981"},{"taxonomy":"post_tag","embeddable":true,"href":"https:\/\/www.lasrosas.com.ar\/portal\/wp-json\/wp\/v2\/tags?post=30981"}],"curies":[{"name":"wp","href":"https:\/\/api.w.org\/{rel}","templated":true}]}}