{"id":30907,"date":"2020-12-17T14:38:19","date_gmt":"2020-12-17T17:38:19","guid":{"rendered":"https:\/\/www.lasrosas.com.ar\/portal\/?p=30907"},"modified":"2020-12-17T14:38:19","modified_gmt":"2020-12-17T17:38:19","slug":"el-espectaculo-mas-bello-del-ano-desde-las-grutas-sur-de-nuestro-pais","status":"publish","type":"post","link":"https:\/\/www.lasrosas.com.ar\/portal\/el-espectaculo-mas-bello-del-ano-desde-las-grutas-sur-de-nuestro-pais\/","title":{"rendered":"EL ESPECT\u00c1CULO M\u00c1S BELLO DEL A\u00d1O DESDE LAS GRUTAS, SUR DE NUESTRO PA\u00cdS."},"content":{"rendered":"<p><em>Por: Marcelo Lopez-\u00a0 @marcelolopezcba<\/em><\/p>\n<p>El Ente Mixto de Promoci\u00f3n Tur\u00edstica de Las Grutas gener\u00f3 un evento que estuvo a la altura del fen\u00f3meno astral m\u00e1s importante de los \u00faltimos a\u00f1os, como fue el Eclipse Solar del 14 de Diciembre pasado. Las Grutas fue uno de los puntos privilegiados para observarlo y no desaprovecho la oportunidad con la presencia de canales de televisi\u00f3n, tanto local como nacional, que le dieron una cobertura minuto a minuto tanto en los d\u00edas previos como en el momento del fen\u00f3meno.<br \/>\nSe crearon adem\u00e1s piezas de merchandising que fueron distribuidas entre la prensa y los visitantes presentes que tuvieron el privilegio de \u00abestar en el lugar correcto en el momento indicado\u00bb.<\/p>\n<p><iframe data-src=\"https:\/\/www.youtube.com\/embed\/iA0qdYQqR2A\" width=\"560\" height=\"315\" frameborder=\"0\" allowfullscreen=\"allowfullscreen\" src=\"data:image\/svg+xml;base64,PHN2ZyB3aWR0aD0iMSIgaGVpZ2h0PSIxIiB4bWxucz0iaHR0cDovL3d3dy53My5vcmcvMjAwMC9zdmciPjwvc3ZnPg==\" class=\"lazyload\" data-load-mode=\"1\"><\/iframe><\/p>\n<p>&nbsp;<\/p>\n<!-- AddThis Advanced Settings generic via filter on the_content --><!-- AddThis Share Buttons generic via filter on the_content -->","protected":false},"excerpt":{"rendered":"<p>Por: Marcelo Lopez-\u00a0 @marcelolopezcba El Ente Mixto de Promoci\u00f3n Tur\u00edstica de Las Grutas gener\u00f3 un evento que estuvo a la altura del fen\u00f3meno astral m\u00e1s importante de los \u00faltimos a\u00f1os, como fue el Eclipse Solar del 14 de Diciembre pasado. Las Grutas fue uno de los puntos privilegiados para observarlo y no desaprovecho la oportunidad [&hellip;]<!-- AddThis Advanced Settings generic via filter on get_the_excerpt --><!-- AddThis Share Buttons generic via filter on get_the_excerpt --><\/p>\n","protected":false},"author":6,"featured_media":30908,"comment_status":"closed","ping_status":"open","sticky":false,"template":"","format":"standard","meta":{"_acf_changed":false,"om_disable_all_campaigns":false,"_monsterinsights_skip_tracking":false,"_monsterinsights_sitenote_active":false,"_monsterinsights_sitenote_note":"","_monsterinsights_sitenote_category":0,"_uf_show_specific_survey":0,"_uf_disable_surveys":false,"footnotes":""},"categories":[33],"tags":[],"class_list":["post-30907","post","type-post","status-publish","format-standard","has-post-thumbnail","hentry","category-las-rosas-trip"],"acf":[],"aioseo_notices":[],"_links":{"self":[{"href":"https:\/\/www.lasrosas.com.ar\/portal\/wp-json\/wp\/v2\/posts\/30907","targetHints":{"allow":["GET"]}}],"collection":[{"href":"https:\/\/www.lasrosas.com.ar\/portal\/wp-json\/wp\/v2\/posts"}],"about":[{"href":"https:\/\/www.lasrosas.com.ar\/portal\/wp-json\/wp\/v2\/types\/post"}],"author":[{"embeddable":true,"href":"https:\/\/www.lasrosas.com.ar\/portal\/wp-json\/wp\/v2\/users\/6"}],"replies":[{"embeddable":true,"href":"https:\/\/www.lasrosas.com.ar\/portal\/wp-json\/wp\/v2\/comments?post=30907"}],"version-history":[{"count":0,"href":"https:\/\/www.lasrosas.com.ar\/portal\/wp-json\/wp\/v2\/posts\/30907\/revisions"}],"wp:featuredmedia":[{"embeddable":true,"href":"https:\/\/www.lasrosas.com.ar\/portal\/wp-json\/wp\/v2\/media\/30908"}],"wp:attachment":[{"href":"https:\/\/www.lasrosas.com.ar\/portal\/wp-json\/wp\/v2\/media?parent=30907"}],"wp:term":[{"taxonomy":"category","embeddable":true,"href":"https:\/\/www.lasrosas.com.ar\/portal\/wp-json\/wp\/v2\/categories?post=30907"},{"taxonomy":"post_tag","embeddable":true,"href":"https:\/\/www.lasrosas.com.ar\/portal\/wp-json\/wp\/v2\/tags?post=30907"}],"curies":[{"name":"wp","href":"https:\/\/api.w.org\/{rel}","templated":true}]}}