{"id":30837,"date":"2020-12-14T18:10:48","date_gmt":"2020-12-14T21:10:48","guid":{"rendered":"https:\/\/www.lasrosas.com.ar\/portal\/?p=30837"},"modified":"2020-12-14T18:10:48","modified_gmt":"2020-12-14T21:10:48","slug":"cande-molfese-protagonizara-rent","status":"publish","type":"post","link":"https:\/\/www.lasrosas.com.ar\/portal\/cande-molfese-protagonizara-rent\/","title":{"rendered":"CANDE MOLFESE PROTAGONIZAR\u00c1 \u00abRENT\u00bb"},"content":{"rendered":"<p><strong><em>Despu\u00e9s de varias etapas de audiciones fue elegido el elenco que protagonizar\u00e1 la producci\u00f3n argentina de\u00a0Rent, que se estrenar\u00e1 a finales de marzo del a\u00f1o que viene v\u00eda streaming.<\/em><\/strong><\/p>\n<p dir=\"ltr\"><span style=\"font-family: arial, helvetica neue, helvetica, sans-serif;\">El ensamble est\u00e1 conformado por:\u00a0Juli\u00e1n\u00a0Pucheta,\u00a0Michelle Hersch,\u00a0Pedro Vega,\u00a0Pablo Turturiello, Michelle Csapek,\u00a0Luli Ambrosini,\u00a0Emely Myles\u00a0y\u00a0Maca Giraldez.<\/span><\/p>\n<p dir=\"ltr\"><span style=\"font-family: arial, helvetica neue, helvetica, sans-serif;\">La direcci\u00f3n general y puesta en escena ser\u00e1 de\u00a0<\/span>Juan\u00a0<span style=\"font-family: arial, helvetica neue, helvetica, sans-serif;\">\u00c1lvarez<\/span>\u00a0Prado<span style=\"font-family: arial, helvetica neue, helvetica, sans-serif;\">; la direcci\u00f3n musical de\u00a0Dami\u00e1n<\/span>\u00a0Mahler<span style=\"font-family: arial, helvetica neue, helvetica, sans-serif;\">, la direcci\u00f3n vocal de\u00a0Mat\u00edas\u00a0Ibarra\u00a0y las coreograf\u00edas de\u00a0Maia Roldan; la escenograf\u00eda de\u00a0Tato\u00a0Fern\u00e1ndez. La producci\u00f3n ejecutiva estar\u00e1 a cargo de\u00a0Melina Lambierto. La adaptaci\u00f3n de las canciones estuvo a cargo de\u00a0Daniel Angles,\u00a0Marc Gomez\u00a0y\u00a0Julieta Sverdlick\u00a0y la producci\u00f3n general, de\u00a0GO Broadway Productions\u00a0(Valentina Berger),\u00a0Carlos Mentasti,\u00a0Vivi Puerta,\u00a0Juan\u00a0\u00c1lvarez\u00a0Prado\u00a0y\u00a0Macondo.\u00a0<\/span><\/p>\n<p dir=\"ltr\"><strong><em>Rent\u00a0<\/em><\/strong>es un musical escrito por Jonathan Larson en 1996 e inspirado en La Boh\u00e8me, que se centra en la vida de un grupo de j\u00f3venes bohemios que viven en Nueva York, a comienzos de la d\u00e9cada del 90, y luchan por sobrevivir entre la desesperanza y el sida.<\/p>\n<p dir=\"ltr\"><em><strong>Rent<\/strong><\/em>, lleva d\u00e9cadas cautivando a las nuevas generaciones y acerc\u00e1ndolos a la butaca teatral. El mensaje, siempre vigente, de esta obra propone usar el amor como la mejor manera de medir el tiempo que nos toca, festejando la diversidad de g\u00e9nero y alert\u00e1ndonos que tanto la marginalidad como los prejuicios son los m\u00e1ximos enemigos de cualquier sociedad.<\/p>\n<!-- AddThis Advanced Settings generic via filter on the_content --><!-- AddThis Share Buttons generic via filter on the_content -->","protected":false},"excerpt":{"rendered":"<p>Despu\u00e9s de varias etapas de audiciones fue elegido el elenco que protagonizar\u00e1 la producci\u00f3n argentina de\u00a0Rent, que se estrenar\u00e1 a finales de marzo del a\u00f1o que viene v\u00eda streaming. El ensamble est\u00e1 conformado por:\u00a0Juli\u00e1n\u00a0Pucheta,\u00a0Michelle Hersch,\u00a0Pedro Vega,\u00a0Pablo Turturiello, Michelle Csapek,\u00a0Luli Ambrosini,\u00a0Emely Myles\u00a0y\u00a0Maca Giraldez. La direcci\u00f3n general y puesta en escena ser\u00e1 de\u00a0Juan\u00a0\u00c1lvarez\u00a0Prado; la direcci\u00f3n musical de\u00a0Dami\u00e1n\u00a0Mahler, [&hellip;]<!-- AddThis Advanced Settings generic via filter on get_the_excerpt --><!-- AddThis Share Buttons generic via filter on get_the_excerpt --><\/p>\n","protected":false},"author":6,"featured_media":30838,"comment_status":"closed","ping_status":"open","sticky":false,"template":"","format":"standard","meta":{"_acf_changed":false,"om_disable_all_campaigns":false,"_monsterinsights_skip_tracking":false,"_monsterinsights_sitenote_active":false,"_monsterinsights_sitenote_note":"","_monsterinsights_sitenote_category":0,"_uf_show_specific_survey":0,"_uf_disable_surveys":false,"footnotes":""},"categories":[100],"tags":[],"class_list":["post-30837","post","type-post","status-publish","format-standard","has-post-thumbnail","hentry","category-noticias"],"acf":[],"aioseo_notices":[],"_links":{"self":[{"href":"https:\/\/www.lasrosas.com.ar\/portal\/wp-json\/wp\/v2\/posts\/30837","targetHints":{"allow":["GET"]}}],"collection":[{"href":"https:\/\/www.lasrosas.com.ar\/portal\/wp-json\/wp\/v2\/posts"}],"about":[{"href":"https:\/\/www.lasrosas.com.ar\/portal\/wp-json\/wp\/v2\/types\/post"}],"author":[{"embeddable":true,"href":"https:\/\/www.lasrosas.com.ar\/portal\/wp-json\/wp\/v2\/users\/6"}],"replies":[{"embeddable":true,"href":"https:\/\/www.lasrosas.com.ar\/portal\/wp-json\/wp\/v2\/comments?post=30837"}],"version-history":[{"count":0,"href":"https:\/\/www.lasrosas.com.ar\/portal\/wp-json\/wp\/v2\/posts\/30837\/revisions"}],"wp:featuredmedia":[{"embeddable":true,"href":"https:\/\/www.lasrosas.com.ar\/portal\/wp-json\/wp\/v2\/media\/30838"}],"wp:attachment":[{"href":"https:\/\/www.lasrosas.com.ar\/portal\/wp-json\/wp\/v2\/media?parent=30837"}],"wp:term":[{"taxonomy":"category","embeddable":true,"href":"https:\/\/www.lasrosas.com.ar\/portal\/wp-json\/wp\/v2\/categories?post=30837"},{"taxonomy":"post_tag","embeddable":true,"href":"https:\/\/www.lasrosas.com.ar\/portal\/wp-json\/wp\/v2\/tags?post=30837"}],"curies":[{"name":"wp","href":"https:\/\/api.w.org\/{rel}","templated":true}]}}