{"id":30763,"date":"2020-12-09T17:43:34","date_gmt":"2020-12-09T20:43:34","guid":{"rendered":"https:\/\/www.lasrosas.com.ar\/portal\/?p=30763"},"modified":"2020-12-09T17:43:34","modified_gmt":"2020-12-09T20:43:34","slug":"el-film-de-shawn-mendes-y-camila-cabello","status":"publish","type":"post","link":"https:\/\/www.lasrosas.com.ar\/portal\/el-film-de-shawn-mendes-y-camila-cabello\/","title":{"rendered":"EL FILM DE SHAWN MENDES Y CAMILA CABELLO"},"content":{"rendered":"<p><strong><em>Una de las parejas de artistas que sin duda emociona a todos sus fans con cada repertorio que sacan juntos, y esta no pod\u00eda ser la excepci\u00f3n.<\/em><\/strong><\/p>\n<p>Shawn Mendes y Camila Cabello han lanzado un nuevo tema juntos y en esta oportunidad, lo hicieron para v\u00edsperas de navidad ya que la canci\u00f3n se llama \u00abThe Christmas Song\u00bb. Una versi\u00f3n renovada a la original y adem\u00e1s, estrenada con un tierno videoclip en donde se ve a la parejita filmada en diferentes momentos de sus d\u00edas juntos. All\u00ed tambien se muestra a la peque\u00f1a mascota que tienen en com\u00fan y los buenos momentos que pasaron durante la cuarentena que estuvieron unidos.<\/p>\n<p>La canci\u00f3n lleg\u00f3 en menos de 24 horas a m\u00e1s de 3 millones y medio de reproducciones y lo realizaron con el fin de recaudar fondos ben\u00e9ficos. Logr\u00f3 adem\u00e1s, el puesto n\u00famero 29 en tendencia en videos en YouTube.<\/p>\n<p><iframe data-src=\"https:\/\/www.youtube.com\/embed\/aBTH6D0UL-Q\" width=\"560\" height=\"315\" frameborder=\"0\" allowfullscreen=\"allowfullscreen\" src=\"data:image\/svg+xml;base64,PHN2ZyB3aWR0aD0iMSIgaGVpZ2h0PSIxIiB4bWxucz0iaHR0cDovL3d3dy53My5vcmcvMjAwMC9zdmciPjwvc3ZnPg==\" class=\"lazyload\" data-load-mode=\"1\"><\/iframe><\/p>\n<!-- AddThis Advanced Settings generic via filter on the_content --><!-- AddThis Share Buttons generic via filter on the_content -->","protected":false},"excerpt":{"rendered":"<p>Una de las parejas de artistas que sin duda emociona a todos sus fans con cada repertorio que sacan juntos, y esta no pod\u00eda ser la excepci\u00f3n. Shawn Mendes y Camila Cabello han lanzado un nuevo tema juntos y en esta oportunidad, lo hicieron para v\u00edsperas de navidad ya que la canci\u00f3n se llama \u00abThe [&hellip;]<!-- AddThis Advanced Settings generic via filter on get_the_excerpt --><!-- AddThis Share Buttons generic via filter on get_the_excerpt --><\/p>\n","protected":false},"author":6,"featured_media":30764,"comment_status":"closed","ping_status":"open","sticky":false,"template":"","format":"standard","meta":{"_acf_changed":false,"om_disable_all_campaigns":false,"_monsterinsights_skip_tracking":false,"_monsterinsights_sitenote_active":false,"_monsterinsights_sitenote_note":"","_monsterinsights_sitenote_category":0,"_uf_show_specific_survey":0,"_uf_disable_surveys":false,"footnotes":""},"categories":[234,100],"tags":[],"class_list":["post-30763","post","type-post","status-publish","format-standard","has-post-thumbnail","hentry","category-trend","category-noticias"],"acf":[],"aioseo_notices":[],"_links":{"self":[{"href":"https:\/\/www.lasrosas.com.ar\/portal\/wp-json\/wp\/v2\/posts\/30763","targetHints":{"allow":["GET"]}}],"collection":[{"href":"https:\/\/www.lasrosas.com.ar\/portal\/wp-json\/wp\/v2\/posts"}],"about":[{"href":"https:\/\/www.lasrosas.com.ar\/portal\/wp-json\/wp\/v2\/types\/post"}],"author":[{"embeddable":true,"href":"https:\/\/www.lasrosas.com.ar\/portal\/wp-json\/wp\/v2\/users\/6"}],"replies":[{"embeddable":true,"href":"https:\/\/www.lasrosas.com.ar\/portal\/wp-json\/wp\/v2\/comments?post=30763"}],"version-history":[{"count":0,"href":"https:\/\/www.lasrosas.com.ar\/portal\/wp-json\/wp\/v2\/posts\/30763\/revisions"}],"wp:featuredmedia":[{"embeddable":true,"href":"https:\/\/www.lasrosas.com.ar\/portal\/wp-json\/wp\/v2\/media\/30764"}],"wp:attachment":[{"href":"https:\/\/www.lasrosas.com.ar\/portal\/wp-json\/wp\/v2\/media?parent=30763"}],"wp:term":[{"taxonomy":"category","embeddable":true,"href":"https:\/\/www.lasrosas.com.ar\/portal\/wp-json\/wp\/v2\/categories?post=30763"},{"taxonomy":"post_tag","embeddable":true,"href":"https:\/\/www.lasrosas.com.ar\/portal\/wp-json\/wp\/v2\/tags?post=30763"}],"curies":[{"name":"wp","href":"https:\/\/api.w.org\/{rel}","templated":true}]}}