{"id":30698,"date":"2020-12-03T15:58:37","date_gmt":"2020-12-03T18:58:37","guid":{"rendered":"https:\/\/www.lasrosas.com.ar\/portal\/?p=30698"},"modified":"2020-12-03T15:58:37","modified_gmt":"2020-12-03T18:58:37","slug":"dia-internacional-de-las-personas-con-discapacidad","status":"publish","type":"post","link":"https:\/\/www.lasrosas.com.ar\/portal\/dia-internacional-de-las-personas-con-discapacidad\/","title":{"rendered":"D\u00cdA INTERNACIONAL DE LAS PERSONAS CON DISCAPACIDAD"},"content":{"rendered":"<h4><em><strong>Durante todo el mes, ESPN emitir\u00e1 en su programaci\u00f3n distintas historias de vida que enaltecen el talento, la emoci\u00f3n, los valores y nos invitan a romper estereotipos y aprender sobre discapacidad y deporte.<\/strong><\/em><\/h4>\n<p>Hoy, jueves 3 de diciembre, es el D\u00eda Internacional de las Personas con Discapacidad, que se conmemora con la intenci\u00f3n de promover los derechos y el bienestar de las personas con discapacidad. De acuerdo con ese objetivo, la programaci\u00f3n de\u00a0<strong>ESPN<\/strong>\u00a0durante todo el mes emitir\u00e1 destacados contenidos, con historias de vida que merecen conocerse.<\/p>\n<p><strong>ESPN en Primera Persona:<\/strong>\u00a0el tenista\u00a0<strong>Gustavo Fern\u00e1ndez<\/strong>, que alcanz\u00f3 el N\u00b0 1 del mundo en tenis adaptado, revivir\u00e1 momentos inolvidables de su notable 2019, con sus victorias en tres de los grandes torneos: el Abierto de Australia, Roland Garros y Wimbledon.<\/p>\n<p>El periodista especializado en tenis Sebasti\u00e1n Torok (autor del libro \u2018Hambre de Lobo\u2019, una biograf\u00eda precisamente de\u00a0<strong>Gustavo Fern\u00e1ndez<\/strong>, con pr\u00f3logo del m\u00faltiple campe\u00f3n Rafael Nadal), ser\u00e1 quien entreviste al tenista cordob\u00e9s, oriundo de R\u00edo Tercero, y juntos recorrer\u00e1n los momentos m\u00e1s salientes de aquella brillante temporada 2019.<\/p>\n<p><strong>Estreno de ESPN en Primera Persona con Gustavo Fern\u00e1ndez: lunes 14 de diciembre por ESPN &amp; ESPN Play en ESPN App,\u00a021:00 ARG<\/strong><\/p>\n<!-- AddThis Advanced Settings generic via filter on the_content --><!-- AddThis Share Buttons generic via filter on the_content -->","protected":false},"excerpt":{"rendered":"<p>Durante todo el mes, ESPN emitir\u00e1 en su programaci\u00f3n distintas historias de vida que enaltecen el talento, la emoci\u00f3n, los valores y nos invitan a romper estereotipos y aprender sobre discapacidad y deporte. Hoy, jueves 3 de diciembre, es el D\u00eda Internacional de las Personas con Discapacidad, que se conmemora con la intenci\u00f3n de promover [&hellip;]<!-- AddThis Advanced Settings generic via filter on get_the_excerpt --><!-- AddThis Share Buttons generic via filter on get_the_excerpt --><\/p>\n","protected":false},"author":6,"featured_media":30699,"comment_status":"closed","ping_status":"open","sticky":false,"template":"","format":"standard","meta":{"_acf_changed":false,"om_disable_all_campaigns":false,"_monsterinsights_skip_tracking":false,"_monsterinsights_sitenote_active":false,"_monsterinsights_sitenote_note":"","_monsterinsights_sitenote_category":0,"_uf_show_specific_survey":0,"_uf_disable_surveys":false,"footnotes":""},"categories":[100],"tags":[],"class_list":["post-30698","post","type-post","status-publish","format-standard","has-post-thumbnail","hentry","category-noticias"],"acf":[],"aioseo_notices":[],"_links":{"self":[{"href":"https:\/\/www.lasrosas.com.ar\/portal\/wp-json\/wp\/v2\/posts\/30698","targetHints":{"allow":["GET"]}}],"collection":[{"href":"https:\/\/www.lasrosas.com.ar\/portal\/wp-json\/wp\/v2\/posts"}],"about":[{"href":"https:\/\/www.lasrosas.com.ar\/portal\/wp-json\/wp\/v2\/types\/post"}],"author":[{"embeddable":true,"href":"https:\/\/www.lasrosas.com.ar\/portal\/wp-json\/wp\/v2\/users\/6"}],"replies":[{"embeddable":true,"href":"https:\/\/www.lasrosas.com.ar\/portal\/wp-json\/wp\/v2\/comments?post=30698"}],"version-history":[{"count":0,"href":"https:\/\/www.lasrosas.com.ar\/portal\/wp-json\/wp\/v2\/posts\/30698\/revisions"}],"wp:featuredmedia":[{"embeddable":true,"href":"https:\/\/www.lasrosas.com.ar\/portal\/wp-json\/wp\/v2\/media\/30699"}],"wp:attachment":[{"href":"https:\/\/www.lasrosas.com.ar\/portal\/wp-json\/wp\/v2\/media?parent=30698"}],"wp:term":[{"taxonomy":"category","embeddable":true,"href":"https:\/\/www.lasrosas.com.ar\/portal\/wp-json\/wp\/v2\/categories?post=30698"},{"taxonomy":"post_tag","embeddable":true,"href":"https:\/\/www.lasrosas.com.ar\/portal\/wp-json\/wp\/v2\/tags?post=30698"}],"curies":[{"name":"wp","href":"https:\/\/api.w.org\/{rel}","templated":true}]}}