{"id":30549,"date":"2020-11-26T18:08:27","date_gmt":"2020-11-26T21:08:27","guid":{"rendered":"https:\/\/www.lasrosas.com.ar\/portal\/?p=30549"},"modified":"2020-11-26T18:08:27","modified_gmt":"2020-11-26T21:08:27","slug":"cada-vez-mas-sorpresas-de-parte-de-bad-bunny-se-va-de-la-musica","status":"publish","type":"post","link":"https:\/\/www.lasrosas.com.ar\/portal\/cada-vez-mas-sorpresas-de-parte-de-bad-bunny-se-va-de-la-musica\/","title":{"rendered":"CADA VEZ M\u00c1S SORPRESAS DE PARTE DE BAD BUNNY! SE VA DE LA M\u00daSICA?"},"content":{"rendered":"<p><strong><em>El rapero y creador de grandes \u00e9xitos, dej\u00f3 en sorpresa a todos sus fan\u00e1ticos, luego de que dejara entre ver que se retira de la m\u00fasica.<\/em><\/strong><\/p>\n<p>Bad Bunny present\u00f3 un nuevo tema que forma parte de su \u00faltimo \u00e1lbum titulado \u00abEl \u00faltimo tour del mundo\u00bb. En este disco tendr\u00e1 colaboraciones con grandes artistas como Rosal\u00eda y se estrenar\u00e1 el pr\u00f3ximo 29 de noviembre integrado por 16 canciones que realiz\u00f3 a lo largo de este a\u00f1o. Si bien esta noticia se conoc\u00eda ya que \u00e9l mismo ven\u00eda anticipando su \u00e1lbum, en el estreno de la nueva canci\u00f3n, nos sorprendi\u00f3 al confesar que se retirar\u00eda de la m\u00fasica.<\/p>\n<p>La fecha no es al azar, ya que el pasado 29 de febrero hab\u00eda lanzado al mercado m\u00fasical, su disco llamado \u00abHLQMDLG\u00bb y dentro de \u00e9l, la canci\u00f3n \u00abCoraz\u00f3n\u00bb que dec\u00eda <em>\u00abEn 9 meses vuelvo y saco otro, para retirarme tranquilo como Miguel Cotto\u00bb.<\/em> Lo m\u00e1s extra\u00f1o lleg\u00f3 cuando en su \u00faltimo posteo anticipando su \u00e1lbum, subi\u00f3 un video en donde se lo ve\u00eda en una especia de conferencia y diciendo:<em>\u00abBuenos d\u00edas a todos, gracias por estar aqu\u00ed. Voy a ser breve con ustedes: la raz\u00f3n por la que estoy aqu\u00ed es para anunciarles mi retiro de la m\u00fasica\u00bb. <\/em>Aumentaron las dudas sobre si se ir\u00e1 o no de la m\u00fasica, pero s\u00f3lo lo sabremos el pr\u00f3ximo 29 de noviembre en su estreno.<\/p>\n<blockquote class=\"instagram-media\" style=\"background: #FFF; border: 0; border-radius: 3px; box-shadow: 0 0 1px 0 rgba(0,0,0,0.5),0 1px 10px 0 rgba(0,0,0,0.15); margin: 1px; max-width: 540px; min-width: 326px; padding: 0; width: calc(100% - 2px);\" data-instgrm-captioned=\"\" data-instgrm-permalink=\"https:\/\/www.instagram.com\/p\/CIB8tzShdvd\/?utm_source=ig_embed&amp;utm_campaign=loading\" data-instgrm-version=\"13\">\n<div style=\"padding: 16px;\">\n<p>&nbsp;<\/p>\n<div style=\"display: flex; flex-direction: row; align-items: center;\">\n<div style=\"background-color: #f4f4f4; border-radius: 50%; flex-grow: 0; height: 40px; margin-right: 14px; width: 40px;\"><\/div>\n<div style=\"display: flex; flex-direction: column; flex-grow: 1; justify-content: center;\">\n<div style=\"background-color: #f4f4f4; border-radius: 4px; flex-grow: 0; height: 14px; margin-bottom: 6px; width: 100px;\"><\/div>\n<div style=\"background-color: #f4f4f4; border-radius: 4px; flex-grow: 0; height: 14px; width: 60px;\"><\/div>\n<\/div>\n<\/div>\n<div style=\"padding: 19% 0;\"><\/div>\n<div style=\"display: block; height: 50px; margin: 0 auto 12px; width: 50px;\"><\/div>\n<div style=\"padding-top: 8px;\">\n<div style=\"color: #3897f0; font-family: Arial,sans-serif; font-size: 14px; font-style: normal; font-weight: 550; line-height: 18px;\">Ver esta publicaci\u00f3n en Instagram<\/div>\n<\/div>\n<div style=\"padding: 12.5% 0;\"><\/div>\n<div style=\"display: flex; flex-direction: row; margin-bottom: 14px; align-items: center;\">\n<div>\n<div style=\"background-color: #f4f4f4; border-radius: 50%; height: 12.5px; width: 12.5px; transform: translateX(0px) translateY(7px);\"><\/div>\n<div style=\"background-color: #f4f4f4; height: 12.5px; transform: rotate(-45deg) translateX(3px) translateY(1px); width: 12.5px; flex-grow: 0; margin-right: 14px; margin-left: 2px;\"><\/div>\n<div style=\"background-color: #f4f4f4; border-radius: 50%; height: 12.5px; width: 12.5px; transform: translateX(9px) translateY(-18px);\"><\/div>\n<\/div>\n<div style=\"margin-left: 8px;\">\n<div style=\"background-color: #f4f4f4; border-radius: 50%; flex-grow: 0; height: 20px; width: 20px;\"><\/div>\n<div style=\"width: 0; height: 0; border-top: 2px solid transparent; border-left: 6px solid #f4f4f4; border-bottom: 2px solid transparent; transform: translateX(16px) translateY(-4px) rotate(30deg);\"><\/div>\n<\/div>\n<div style=\"margin-left: auto;\">\n<div style=\"width: 0px; border-top: 8px solid #F4F4F4; border-right: 8px solid transparent; transform: translateY(16px);\"><\/div>\n<div style=\"background-color: #f4f4f4; flex-grow: 0; height: 12px; width: 16px; transform: translateY(-4px);\"><\/div>\n<div style=\"width: 0; height: 0; border-top: 8px solid #F4F4F4; border-left: 8px solid transparent; transform: translateY(-4px) translateX(8px);\"><\/div>\n<\/div>\n<\/div>\n<div style=\"display: flex; flex-direction: column; flex-grow: 1; justify-content: center; margin-bottom: 24px;\">\n<div style=\"background-color: #f4f4f4; border-radius: 4px; flex-grow: 0; height: 14px; margin-bottom: 6px; width: 224px;\"><\/div>\n<div style=\"background-color: #f4f4f4; border-radius: 4px; flex-grow: 0; height: 14px; width: 144px;\"><\/div>\n<\/div>\n<p>&nbsp;<\/p>\n<p style=\"color: #c9c8cd; font-family: Arial,sans-serif; font-size: 14px; line-height: 17px; margin-bottom: 0; margin-top: 8px; overflow: hidden; padding: 8px 0 7px; text-align: center; text-overflow: ellipsis; white-space: nowrap;\"><a style=\"color: #c9c8cd; font-family: Arial,sans-serif; font-size: 14px; font-style: normal; font-weight: normal; line-height: 17px; text-decoration: none;\" href=\"https:\/\/www.instagram.com\/p\/CIB8tzShdvd\/?utm_source=ig_embed&amp;utm_campaign=loading\" target=\"_blank\" rel=\"noopener\">Una publicaci\u00f3n compartida de @badbunnypr<\/a><\/p>\n<\/div>\n<\/blockquote>\n<p><script async src=\"\/\/www.instagram.com\/embed.js\"><\/script><\/p>\n<!-- AddThis Advanced Settings generic via filter on the_content --><!-- AddThis Share Buttons generic via filter on the_content -->","protected":false},"excerpt":{"rendered":"<p>El rapero y creador de grandes \u00e9xitos, dej\u00f3 en sorpresa a todos sus fan\u00e1ticos, luego de que dejara entre ver que se retira de la m\u00fasica. Bad Bunny present\u00f3 un nuevo tema que forma parte de su \u00faltimo \u00e1lbum titulado \u00abEl \u00faltimo tour del mundo\u00bb. En este disco tendr\u00e1 colaboraciones con grandes artistas como Rosal\u00eda [&hellip;]<!-- AddThis Advanced Settings generic via filter on get_the_excerpt --><!-- AddThis Share Buttons generic via filter on get_the_excerpt --><\/p>\n","protected":false},"author":6,"featured_media":30550,"comment_status":"closed","ping_status":"open","sticky":false,"template":"","format":"standard","meta":{"_acf_changed":false,"om_disable_all_campaigns":false,"_monsterinsights_skip_tracking":false,"_monsterinsights_sitenote_active":false,"_monsterinsights_sitenote_note":"","_monsterinsights_sitenote_category":0,"_uf_show_specific_survey":0,"_uf_disable_surveys":false,"footnotes":""},"categories":[234,100],"tags":[],"class_list":["post-30549","post","type-post","status-publish","format-standard","has-post-thumbnail","hentry","category-trend","category-noticias"],"acf":[],"aioseo_notices":[],"_links":{"self":[{"href":"https:\/\/www.lasrosas.com.ar\/portal\/wp-json\/wp\/v2\/posts\/30549","targetHints":{"allow":["GET"]}}],"collection":[{"href":"https:\/\/www.lasrosas.com.ar\/portal\/wp-json\/wp\/v2\/posts"}],"about":[{"href":"https:\/\/www.lasrosas.com.ar\/portal\/wp-json\/wp\/v2\/types\/post"}],"author":[{"embeddable":true,"href":"https:\/\/www.lasrosas.com.ar\/portal\/wp-json\/wp\/v2\/users\/6"}],"replies":[{"embeddable":true,"href":"https:\/\/www.lasrosas.com.ar\/portal\/wp-json\/wp\/v2\/comments?post=30549"}],"version-history":[{"count":0,"href":"https:\/\/www.lasrosas.com.ar\/portal\/wp-json\/wp\/v2\/posts\/30549\/revisions"}],"wp:featuredmedia":[{"embeddable":true,"href":"https:\/\/www.lasrosas.com.ar\/portal\/wp-json\/wp\/v2\/media\/30550"}],"wp:attachment":[{"href":"https:\/\/www.lasrosas.com.ar\/portal\/wp-json\/wp\/v2\/media?parent=30549"}],"wp:term":[{"taxonomy":"category","embeddable":true,"href":"https:\/\/www.lasrosas.com.ar\/portal\/wp-json\/wp\/v2\/categories?post=30549"},{"taxonomy":"post_tag","embeddable":true,"href":"https:\/\/www.lasrosas.com.ar\/portal\/wp-json\/wp\/v2\/tags?post=30549"}],"curies":[{"name":"wp","href":"https:\/\/api.w.org\/{rel}","templated":true}]}}