{"id":30367,"date":"2020-11-13T17:50:23","date_gmt":"2020-11-13T20:50:23","guid":{"rendered":"https:\/\/www.lasrosas.com.ar\/portal\/?p=30367"},"modified":"2020-11-13T17:50:23","modified_gmt":"2020-11-13T20:50:23","slug":"elegido-presenta-su-nueva-imagen","status":"publish","type":"post","link":"https:\/\/www.lasrosas.com.ar\/portal\/elegido-presenta-su-nueva-imagen\/","title":{"rendered":"ELEGIDO PRESENTA SU NUEVA IMAGEN"},"content":{"rendered":"<p><strong><em>Vinos j\u00f3venes y libres que provienen de vi\u00f1edos elegidos para ser regados con agua pura del deshielo de la cordillera, invitan a transformar cualquier ocasi\u00f3n en una experiencia.<\/em><\/strong><\/p>\n<p>Los vi\u00f1edos de donde proviene Elegido son regados con agua de la cordillera de Los Andes producto del deshielo y las lluvias que descienden por la monta\u00f1a y se nutren de los minerales de la roca.<br \/>\nDe esta forma se logran uvas con una frescura y un aroma \u00fanico, que hacen de Elegido un aliado a la hora de darse un gusto cotidiano como algo excepcional, transformando lo simple en una experiencia de disfrute. Sus varietales son Malbec, Cabernet Sauvignon y Chardonnay. Son vinos frutados, con boca suave y llena de sabor, para disfrutar todos los d\u00edas.<\/p>\n\r\n\t\t<style type='text\/css'>\r\n\t\t\t#gallery-1 {\r\n\t\t\t\tmargin: auto;\r\n\t\t\t}\r\n\t\t\t#gallery-1 .gallery-item {\r\n\t\t\t\tfloat: left;\r\n\t\t\t\tmargin-top: 10px;\r\n\t\t\t\ttext-align: center;\r\n\t\t\t\twidth: 33%;\r\n\t\t\t}\r\n\t\t\t#gallery-1 img {\r\n\t\t\t\tborder: 2px solid #cfcfcf;\r\n\t\t\t}\r\n\t\t\t#gallery-1 .gallery-caption {\r\n\t\t\t\tmargin-left: 0;\r\n\t\t\t}\r\n\t\t<\/style>\r\n\t\t<!-- see gallery_shortcode() in wp-includes\/media.php -->\n\t\t<div id='gallery-1' class='gallery galleryid-30367 gallery-columns-3 gallery-size-medium gallery1'><script type=\"text\/javascript\">\r\n\/\/ <![CDATA[\r\n\tjQuery(document).ready(function () {\r\n\t\tjQuery(\".gallery1 a\").attr(\"rel\",\"gallery1\");\t\r\n\t\tjQuery('a[rel=\"gallery1\"]').colorbox({maxWidth:\"95%\", maxHeight:\"95%\",title: function(){ return jQuery(this).children().attr(\"alt\"); }, });\r\n\t});\r\n\/\/ ]]>\r\n<\/script>\n<dl class=\"gallery-item\">\n<dt class=\"gallery-icon\">\r\n<a href=\"https:\/\/www.lasrosas.com.ar\/portal\/wp-content\/uploads\/Bodega-Norton-ELEGIDO-2-Chardonnay-2020-651x1920.jpg\" title=\"\" rel=\"gallery1\"><img decoding=\"async\" data-src=\"https:\/\/www.lasrosas.com.ar\/portal\/wp-content\/uploads\/Bodega-Norton-ELEGIDO-2-Chardonnay-2020-326x960.jpg\" width=\"326\" height=\"960\" alt=\"\" src=\"data:image\/svg+xml;base64,PHN2ZyB3aWR0aD0iMSIgaGVpZ2h0PSIxIiB4bWxucz0iaHR0cDovL3d3dy53My5vcmcvMjAwMC9zdmciPjwvc3ZnPg==\" class=\"lazyload\" style=\"--smush-placeholder-width: 326px; --smush-placeholder-aspect-ratio: 326\/960;\" \/><\/a>\r\n<\/dt><\/dl><dl class=\"gallery-item\">\n<dt class=\"gallery-icon\">\r\n<a href=\"https:\/\/www.lasrosas.com.ar\/portal\/wp-content\/uploads\/Bodega-Norton-ELEGIDO-Malbec-2020-651x1920.jpg\" title=\"\" rel=\"gallery1\"><img decoding=\"async\" data-src=\"https:\/\/www.lasrosas.com.ar\/portal\/wp-content\/uploads\/Bodega-Norton-ELEGIDO-Malbec-2020-326x960.jpg\" width=\"326\" height=\"960\" alt=\"\" src=\"data:image\/svg+xml;base64,PHN2ZyB3aWR0aD0iMSIgaGVpZ2h0PSIxIiB4bWxucz0iaHR0cDovL3d3dy53My5vcmcvMjAwMC9zdmciPjwvc3ZnPg==\" class=\"lazyload\" style=\"--smush-placeholder-width: 326px; --smush-placeholder-aspect-ratio: 326\/960;\" \/><\/a>\r\n<\/dt><\/dl><dl class=\"gallery-item\">\n<dt class=\"gallery-icon\">\r\n<a href=\"https:\/\/www.lasrosas.com.ar\/portal\/wp-content\/uploads\/Bodega-Norton-ELEGIDO-Cabernet-Sauvignon-2020-651x1920.jpg\" title=\"\" rel=\"gallery1\"><img decoding=\"async\" data-src=\"https:\/\/www.lasrosas.com.ar\/portal\/wp-content\/uploads\/Bodega-Norton-ELEGIDO-Cabernet-Sauvignon-2020-326x960.jpg\" width=\"326\" height=\"960\" alt=\"\" src=\"data:image\/svg+xml;base64,PHN2ZyB3aWR0aD0iMSIgaGVpZ2h0PSIxIiB4bWxucz0iaHR0cDovL3d3dy53My5vcmcvMjAwMC9zdmciPjwvc3ZnPg==\" class=\"lazyload\" style=\"--smush-placeholder-width: 326px; --smush-placeholder-aspect-ratio: 326\/960;\" \/><\/a>\r\n<\/dt><\/dl><br style=\"clear: both\" \/>\r\n\t\t<\/div>\n\n<p><em>\u00abBuscamos llegar a nuestros consumidores m\u00e1s j\u00f3venes, inquietos por lo nuevo y buscadores de experiencias, donde podr\u00e1n encontrar en Elegido el vino ideal para transformar sus momentos\u00bb<\/em>, explica Andr\u00e9s Fassone, Category Grouper de Bodega Norton.<\/p>\n<p>Este a\u00f1o, Bodega Norton apuesta por renovar la imagen de la marca y acompa\u00f1ar los valores de esta l\u00ednea que espera hasta el momento justo del verano para cosechar, logrando que cada varietal exprese completamente su frescura y car\u00e1cter distintivo.<br \/>\nBajo el lema #NaturalmenteLibre, Elegido puede encontrarse en los principales supermercados y vinotecas del pa\u00eds a un precio sugerido de $220.<\/p>\n<!-- AddThis Advanced Settings generic via filter on the_content --><!-- AddThis Share Buttons generic via filter on the_content -->","protected":false},"excerpt":{"rendered":"<p>Vinos j\u00f3venes y libres que provienen de vi\u00f1edos elegidos para ser regados con agua pura del deshielo de la cordillera, invitan a transformar cualquier ocasi\u00f3n en una experiencia. Los vi\u00f1edos de donde proviene Elegido son regados con agua de la cordillera de Los Andes producto del deshielo y las lluvias que descienden por la monta\u00f1a [&hellip;]<!-- AddThis Advanced Settings generic via filter on get_the_excerpt --><!-- AddThis Share Buttons generic via filter on get_the_excerpt --><\/p>\n","protected":false},"author":6,"featured_media":30371,"comment_status":"closed","ping_status":"open","sticky":false,"template":"","format":"standard","meta":{"_acf_changed":false,"om_disable_all_campaigns":false,"_monsterinsights_skip_tracking":false,"_monsterinsights_sitenote_active":false,"_monsterinsights_sitenote_note":"","_monsterinsights_sitenote_category":0,"_uf_show_specific_survey":0,"_uf_disable_surveys":false,"footnotes":""},"categories":[26],"tags":[],"class_list":["post-30367","post","type-post","status-publish","format-standard","has-post-thumbnail","hentry","category-negocios"],"acf":[],"aioseo_notices":[],"_links":{"self":[{"href":"https:\/\/www.lasrosas.com.ar\/portal\/wp-json\/wp\/v2\/posts\/30367","targetHints":{"allow":["GET"]}}],"collection":[{"href":"https:\/\/www.lasrosas.com.ar\/portal\/wp-json\/wp\/v2\/posts"}],"about":[{"href":"https:\/\/www.lasrosas.com.ar\/portal\/wp-json\/wp\/v2\/types\/post"}],"author":[{"embeddable":true,"href":"https:\/\/www.lasrosas.com.ar\/portal\/wp-json\/wp\/v2\/users\/6"}],"replies":[{"embeddable":true,"href":"https:\/\/www.lasrosas.com.ar\/portal\/wp-json\/wp\/v2\/comments?post=30367"}],"version-history":[{"count":0,"href":"https:\/\/www.lasrosas.com.ar\/portal\/wp-json\/wp\/v2\/posts\/30367\/revisions"}],"wp:featuredmedia":[{"embeddable":true,"href":"https:\/\/www.lasrosas.com.ar\/portal\/wp-json\/wp\/v2\/media\/30371"}],"wp:attachment":[{"href":"https:\/\/www.lasrosas.com.ar\/portal\/wp-json\/wp\/v2\/media?parent=30367"}],"wp:term":[{"taxonomy":"category","embeddable":true,"href":"https:\/\/www.lasrosas.com.ar\/portal\/wp-json\/wp\/v2\/categories?post=30367"},{"taxonomy":"post_tag","embeddable":true,"href":"https:\/\/www.lasrosas.com.ar\/portal\/wp-json\/wp\/v2\/tags?post=30367"}],"curies":[{"name":"wp","href":"https:\/\/api.w.org\/{rel}","templated":true}]}}