{"id":30360,"date":"2020-11-12T16:51:26","date_gmt":"2020-11-12T19:51:26","guid":{"rendered":"https:\/\/www.lasrosas.com.ar\/portal\/?p=30360"},"modified":"2020-11-12T16:51:26","modified_gmt":"2020-11-12T19:51:26","slug":"mcdonalds-lanza-la-venta-anticipada-digital-de-big-mac-para-su-jornada-solidaria","status":"publish","type":"post","link":"https:\/\/www.lasrosas.com.ar\/portal\/mcdonalds-lanza-la-venta-anticipada-digital-de-big-mac-para-su-jornada-solidaria\/","title":{"rendered":"MCDONALD\u2019S LANZA LA VENTA ANTICIPADA DIGITAL DE BIG MAC PARA SU JORNADA SOLIDARIA"},"content":{"rendered":"<p><strong><em>McDonald\u2019s llevar\u00e1 a cabo una nueva edici\u00f3n del Gran D\u00eda, su jornada solidaria donde el 100% de lo recaudado por la venta de su hamburguesa Big Mac en todo el pa\u00eds ser\u00e1 donado a Fundaci\u00f3n S\u00ed y a la Casa Ronald. La compa\u00f1\u00eda presenta una propuesta de compra anticipada del famoso s\u00e1ndwich en un formato digital a trav\u00e9s de su App para que todos puedan tener la oportunidad de colaborar desde donde est\u00e9n y enviar la hamburguesa a trav\u00e9s de un c\u00f3digo que se puede redimir en cualquier local de la marca del 13 al 20 de noviembre.<\/em><\/strong><\/p>\n<p><em>\u00a0<\/em>Desde hoy y hasta el mismo viernes 13 de noviembre, los clientes podr\u00e1n adquirir su Big Mac solidario de manera simple y r\u00e1pida, y luego podr\u00e1n canjear los cupones de compra present\u00e1ndolos en cualquiera de los locales de McDonald\u2019s de todo el pa\u00eds del 13 al 20 de noviembre inclusive. Adem\u00e1s, quienes quieran ampliar la ayuda podr\u00e1n realizar la compra por esta v\u00eda y enviar el cup\u00f3n por e-mail a cualquier familiar o amigo. As\u00ed no solo estar\u00e1n colaborando con las causas de ambas fundaciones, sino tambi\u00e9n podr\u00e1n sorprender a quien m\u00e1s quieran.<\/p>\n<p>Por otra parte, como todos los a\u00f1os, los que quieran colaborar podr\u00e1n tambi\u00e9n comprar el mismo 13 de noviembre la hamburguesa Big Mac por AutoMac, take away o pedirla por McDelivery a trav\u00e9s de las distintas aplicaciones de env\u00edos.<\/p>\n<p>\u201c<em>El Gran D\u00eda es una jornada muy especial para nosotros como compa\u00f1\u00eda, ya que todos los locales y empleados se unen con el objetivo de ayudar a quienes m\u00e1s lo necesitan. En este contexto tan dif\u00edcil entendimos que era el momento de ayudar a quienes lo necesitan. Necesitamos el apoyo y la solidaridad de todos los argentinos para ayudar a Casa Ronald y Fundaci\u00f3n S\u00ed, dos organizaciones que representan la ayuda a los ni\u00f1os y sus familias, y la b\u00fasqueda de oportunidades para los m\u00e1s j\u00f3venes, causas que se encuentran arraigadas en el coraz\u00f3n de nuestra compa\u00f1\u00eda\u201d, <\/em>anunci\u00f3 Guillermo C\u00f3rdoba, Director General de McDonald&#8217;s en Argentina.<\/p>\n\r\n\t\t<style type='text\/css'>\r\n\t\t\t#gallery-1 {\r\n\t\t\t\tmargin: auto;\r\n\t\t\t}\r\n\t\t\t#gallery-1 .gallery-item {\r\n\t\t\t\tfloat: left;\r\n\t\t\t\tmargin-top: 10px;\r\n\t\t\t\ttext-align: center;\r\n\t\t\t\twidth: 50%;\r\n\t\t\t}\r\n\t\t\t#gallery-1 img {\r\n\t\t\t\tborder: 2px solid #cfcfcf;\r\n\t\t\t}\r\n\t\t\t#gallery-1 .gallery-caption {\r\n\t\t\t\tmargin-left: 0;\r\n\t\t\t}\r\n\t\t<\/style>\r\n\t\t<!-- see gallery_shortcode() in wp-includes\/media.php -->\n\t\t<div id='gallery-1' class='gallery galleryid-30360 gallery-columns-2 gallery-size-medium gallery1'><script type=\"text\/javascript\">\r\n\/\/ <![CDATA[\r\n\tjQuery(document).ready(function () {\r\n\t\tjQuery(\".gallery1 a\").attr(\"rel\",\"gallery1\");\t\r\n\t\tjQuery('a[rel=\"gallery1\"]').colorbox({maxWidth:\"95%\", maxHeight:\"95%\",title: function(){ return jQuery(this).children().attr(\"alt\"); }, });\r\n\t});\r\n\/\/ ]]>\r\n<\/script>\n<dl class=\"gallery-item\">\n<dt class=\"gallery-icon\">\r\n<a href=\"https:\/\/www.lasrosas.com.ar\/portal\/wp-content\/uploads\/WhatsApp-Image-2020-11-12-at-16.13.22-1.jpeg\" title=\"\" rel=\"gallery1\"><img decoding=\"async\" data-src=\"https:\/\/www.lasrosas.com.ar\/portal\/wp-content\/uploads\/WhatsApp-Image-2020-11-12-at-16.13.22-1-539x960.jpeg\" width=\"539\" height=\"960\" alt=\"\" src=\"data:image\/svg+xml;base64,PHN2ZyB3aWR0aD0iMSIgaGVpZ2h0PSIxIiB4bWxucz0iaHR0cDovL3d3dy53My5vcmcvMjAwMC9zdmciPjwvc3ZnPg==\" class=\"lazyload\" style=\"--smush-placeholder-width: 539px; --smush-placeholder-aspect-ratio: 539\/960;\" \/><\/a>\r\n<\/dt><\/dl><dl class=\"gallery-item\">\n<dt class=\"gallery-icon\">\r\n<a href=\"https:\/\/www.lasrosas.com.ar\/portal\/wp-content\/uploads\/WhatsApp-Image-2020-11-12-at-16.13.22.jpeg\" title=\"\" rel=\"gallery1\"><img decoding=\"async\" data-src=\"https:\/\/www.lasrosas.com.ar\/portal\/wp-content\/uploads\/WhatsApp-Image-2020-11-12-at-16.13.22-539x960.jpeg\" width=\"539\" height=\"960\" alt=\"\" src=\"data:image\/svg+xml;base64,PHN2ZyB3aWR0aD0iMSIgaGVpZ2h0PSIxIiB4bWxucz0iaHR0cDovL3d3dy53My5vcmcvMjAwMC9zdmciPjwvc3ZnPg==\" class=\"lazyload\" style=\"--smush-placeholder-width: 539px; --smush-placeholder-aspect-ratio: 539\/960;\" \/><\/a>\r\n<\/dt><\/dl><br style=\"clear: both\" \/>\r\n\t\t<\/div>\n\n<p>Debido al contexto de pandemia, si bien todos\u00a0podr\u00e1n ser parte de la celebraci\u00f3n del Gran D\u00eda comprando desde las 00hs en los m\u00e1s de 200 locales de todo el pa\u00eds, por primera vez McDonald\u2019s realizar\u00e1 sus festejos de manera virtual, invitando a toda la familia a vivir shows y actividades a trav\u00e9s de las plataformas digitales y las redes sociales de la marca para que todos puedan ser parte de la jornada solidaria de manera segura en esta \u201cnueva realidad\u201d.<\/p>\n<p>Parte de lo recaudado durante este pr\u00f3ximo Gran D\u00eda ser\u00e1 destinado al crecimiento del programa de <strong>Residencias Universitarias<\/strong> organizado por la <strong>Fundaci\u00f3n S\u00ed<\/strong> en diversas ciudades del pa\u00eds, que est\u00e1 destinado a j\u00f3venes egresados de secundarios rurales y\/o alejados de los centros urbanos. Las Residencias ofrecen una oportunidad educativa a los j\u00f3venes para facilitar sus estudios terciarios y universitarios, brindar alojamiento, alimentos, ayuda econ\u00f3mica para la adquisici\u00f3n de material de estudio y vi\u00e1ticos a j\u00f3venes de localidades rurales con escasos recursos, as\u00ed como tambi\u00e9n asistencia m\u00e9dica, psicol\u00f3gica, psicopedag\u00f3gica y de apoyo a quienes lo necesiten.<\/p>\n<p>A la vez, la recaudaci\u00f3n ser\u00e1 destinada a <strong>La Casa Ronald, Asociaci\u00f3n Argentina de Ayuda a la Infancia<\/strong>, que lleva m\u00e1s de 25 a\u00f1os trabajando en la Argentina con la misi\u00f3n de mantener a la familia cerca en un momento tan duro como la enfermedad de un hijo. Desde sus inicios, m\u00e1s de 330.000 chicos y sus familias recibieron el apoyo y la contenci\u00f3n de La Casa Ronald a trav\u00e9s de sus 11 programas.<\/p>\n<!-- AddThis Advanced Settings generic via filter on the_content --><!-- AddThis Share Buttons generic via filter on the_content -->","protected":false},"excerpt":{"rendered":"<p>McDonald\u2019s llevar\u00e1 a cabo una nueva edici\u00f3n del Gran D\u00eda, su jornada solidaria donde el 100% de lo recaudado por la venta de su hamburguesa Big Mac en todo el pa\u00eds ser\u00e1 donado a Fundaci\u00f3n S\u00ed y a la Casa Ronald. La compa\u00f1\u00eda presenta una propuesta de compra anticipada del famoso s\u00e1ndwich en un formato [&hellip;]<!-- AddThis Advanced Settings generic via filter on get_the_excerpt --><!-- AddThis Share Buttons generic via filter on get_the_excerpt --><\/p>\n","protected":false},"author":6,"featured_media":30361,"comment_status":"closed","ping_status":"open","sticky":false,"template":"","format":"standard","meta":{"_acf_changed":false,"om_disable_all_campaigns":false,"_monsterinsights_skip_tracking":false,"_monsterinsights_sitenote_active":false,"_monsterinsights_sitenote_note":"","_monsterinsights_sitenote_category":0,"_uf_show_specific_survey":0,"_uf_disable_surveys":false,"footnotes":""},"categories":[100],"tags":[],"class_list":["post-30360","post","type-post","status-publish","format-standard","has-post-thumbnail","hentry","category-noticias"],"acf":[],"aioseo_notices":[],"_links":{"self":[{"href":"https:\/\/www.lasrosas.com.ar\/portal\/wp-json\/wp\/v2\/posts\/30360","targetHints":{"allow":["GET"]}}],"collection":[{"href":"https:\/\/www.lasrosas.com.ar\/portal\/wp-json\/wp\/v2\/posts"}],"about":[{"href":"https:\/\/www.lasrosas.com.ar\/portal\/wp-json\/wp\/v2\/types\/post"}],"author":[{"embeddable":true,"href":"https:\/\/www.lasrosas.com.ar\/portal\/wp-json\/wp\/v2\/users\/6"}],"replies":[{"embeddable":true,"href":"https:\/\/www.lasrosas.com.ar\/portal\/wp-json\/wp\/v2\/comments?post=30360"}],"version-history":[{"count":0,"href":"https:\/\/www.lasrosas.com.ar\/portal\/wp-json\/wp\/v2\/posts\/30360\/revisions"}],"wp:featuredmedia":[{"embeddable":true,"href":"https:\/\/www.lasrosas.com.ar\/portal\/wp-json\/wp\/v2\/media\/30361"}],"wp:attachment":[{"href":"https:\/\/www.lasrosas.com.ar\/portal\/wp-json\/wp\/v2\/media?parent=30360"}],"wp:term":[{"taxonomy":"category","embeddable":true,"href":"https:\/\/www.lasrosas.com.ar\/portal\/wp-json\/wp\/v2\/categories?post=30360"},{"taxonomy":"post_tag","embeddable":true,"href":"https:\/\/www.lasrosas.com.ar\/portal\/wp-json\/wp\/v2\/tags?post=30360"}],"curies":[{"name":"wp","href":"https:\/\/api.w.org\/{rel}","templated":true}]}}