{"id":30326,"date":"2020-11-10T18:07:09","date_gmt":"2020-11-10T21:07:09","guid":{"rendered":"https:\/\/www.lasrosas.com.ar\/portal\/?p=30326"},"modified":"2020-11-10T18:07:09","modified_gmt":"2020-11-10T21:07:09","slug":"duo-internacional-aitana-se-une-a-katy-perry","status":"publish","type":"post","link":"https:\/\/www.lasrosas.com.ar\/portal\/duo-internacional-aitana-se-une-a-katy-perry\/","title":{"rendered":"D\u00daO INTERNACIONAL! AITANA SE UNE A KATY PERRY"},"content":{"rendered":"<p><strong><em>Durante el fin de semana, sonaron fuertes rumores de una posible colaboraci\u00f3n de Aitana junto a la reciente mam\u00e1, Katy Perry.<\/em><\/strong><\/p>\n<p>Si bien son solo comentarios de pasillos los que existen, este d\u00fao explosivo tendr\u00eda una participaci\u00f3n que se estrenar\u00eda el pr\u00f3ximo 13 de noviembre. Sus seguidores han estado vigilando a amabas de cerca para ver la relaci\u00f3n que hab\u00eda entre ellas y hace unos d\u00edas, la catalana subi\u00f3 un video en donde reproduc\u00eda una canci\u00f3n de Katy Perry; quien luego lo reposte\u00f3 en su instagram history utilizando la frase \u00abToo Cute\u00bb (demasiado mona!). A\u00fan no se sabe si esta ser\u00e1 una sorpresa que las artistas se traen entre manos, una posible uni\u00f3n a futuro que reci\u00e9n comienza o s\u00f3lo sue\u00f1os de sus fan\u00e1ticos.<\/p>\n<p><iframe data-src=\"https:\/\/www.youtube.com\/embed\/YGHEw8fKFVI\" width=\"560\" height=\"315\" frameborder=\"0\" allowfullscreen=\"allowfullscreen\" src=\"data:image\/svg+xml;base64,PHN2ZyB3aWR0aD0iMSIgaGVpZ2h0PSIxIiB4bWxucz0iaHR0cDovL3d3dy53My5vcmcvMjAwMC9zdmciPjwvc3ZnPg==\" class=\"lazyload\" data-load-mode=\"1\"><\/iframe><\/p>\n<!-- AddThis Advanced Settings generic via filter on the_content --><!-- AddThis Share Buttons generic via filter on the_content -->","protected":false},"excerpt":{"rendered":"<p>Durante el fin de semana, sonaron fuertes rumores de una posible colaboraci\u00f3n de Aitana junto a la reciente mam\u00e1, Katy Perry. Si bien son solo comentarios de pasillos los que existen, este d\u00fao explosivo tendr\u00eda una participaci\u00f3n que se estrenar\u00eda el pr\u00f3ximo 13 de noviembre. Sus seguidores han estado vigilando a amabas de cerca para [&hellip;]<!-- AddThis Advanced Settings generic via filter on get_the_excerpt --><!-- AddThis Share Buttons generic via filter on get_the_excerpt --><\/p>\n","protected":false},"author":6,"featured_media":30328,"comment_status":"closed","ping_status":"open","sticky":false,"template":"","format":"standard","meta":{"_acf_changed":false,"om_disable_all_campaigns":false,"_monsterinsights_skip_tracking":false,"_monsterinsights_sitenote_active":false,"_monsterinsights_sitenote_note":"","_monsterinsights_sitenote_category":0,"_uf_show_specific_survey":0,"_uf_disable_surveys":false,"footnotes":""},"categories":[100],"tags":[],"class_list":["post-30326","post","type-post","status-publish","format-standard","has-post-thumbnail","hentry","category-noticias"],"acf":[],"aioseo_notices":[],"_links":{"self":[{"href":"https:\/\/www.lasrosas.com.ar\/portal\/wp-json\/wp\/v2\/posts\/30326","targetHints":{"allow":["GET"]}}],"collection":[{"href":"https:\/\/www.lasrosas.com.ar\/portal\/wp-json\/wp\/v2\/posts"}],"about":[{"href":"https:\/\/www.lasrosas.com.ar\/portal\/wp-json\/wp\/v2\/types\/post"}],"author":[{"embeddable":true,"href":"https:\/\/www.lasrosas.com.ar\/portal\/wp-json\/wp\/v2\/users\/6"}],"replies":[{"embeddable":true,"href":"https:\/\/www.lasrosas.com.ar\/portal\/wp-json\/wp\/v2\/comments?post=30326"}],"version-history":[{"count":0,"href":"https:\/\/www.lasrosas.com.ar\/portal\/wp-json\/wp\/v2\/posts\/30326\/revisions"}],"wp:featuredmedia":[{"embeddable":true,"href":"https:\/\/www.lasrosas.com.ar\/portal\/wp-json\/wp\/v2\/media\/30328"}],"wp:attachment":[{"href":"https:\/\/www.lasrosas.com.ar\/portal\/wp-json\/wp\/v2\/media?parent=30326"}],"wp:term":[{"taxonomy":"category","embeddable":true,"href":"https:\/\/www.lasrosas.com.ar\/portal\/wp-json\/wp\/v2\/categories?post=30326"},{"taxonomy":"post_tag","embeddable":true,"href":"https:\/\/www.lasrosas.com.ar\/portal\/wp-json\/wp\/v2\/tags?post=30326"}],"curies":[{"name":"wp","href":"https:\/\/api.w.org\/{rel}","templated":true}]}}