{"id":30248,"date":"2020-11-05T17:04:36","date_gmt":"2020-11-05T20:04:36","guid":{"rendered":"https:\/\/www.lasrosas.com.ar\/portal\/?p=30248"},"modified":"2020-11-05T17:04:36","modified_gmt":"2020-11-05T20:04:36","slug":"ya-tenemos-al-nuevo-agente-007","status":"publish","type":"post","link":"https:\/\/www.lasrosas.com.ar\/portal\/ya-tenemos-al-nuevo-agente-007\/","title":{"rendered":"YA TENEMOS AL NUEVO AGENTE 007"},"content":{"rendered":"<p><strong><em>Sorprendemente, ya se confirm\u00f3 la noticia sobre qui\u00e9n ser\u00e1 el nuevo agente 007 para la nueva saga. Ser\u00e1, Lashana Lynch la protagonista de la pel\u00edcula.<\/em><\/strong><\/p>\n<p>Como es de p\u00fablico conocimiento, la pel\u00edcula tuvo sus atrasos y cambios por los tiempos de pandemia en los que vivimos, sin embargo, di\u00f3 un giro inesperado y que gener\u00f3 una gran expectativa en el p\u00fablico. El protagonista que esperabamos, (Daniel Craig) o m\u00e1s conocido como James Bond, ser\u00e1 destronado para que Lashana Lynch tome su puesto y se llame \u00abNomi\u00bb en la ficci\u00f3n \u00abNo Time to Die.\u00bb<\/p>\n<p>La actriz opin\u00f3 al respecto y demostr\u00f3 su felicidad por ser elegida para un film tan importante como lo es \u00abEl agente 007\u00bb. <em>\u00abYo soy una mujer negra, si hubiera sido otra mujer negra elegida para el papel, hubiera sucedido la misma conversaci\u00f3n. Hubiera recibido los mismos ataques, el mismo abuso. Simplemente tengo que recordarme a m\u00ed misma que la conversaci\u00f3n est\u00e1 teniendo lugar y que soy parte de algo que ser\u00e1 muy, muy revolucionario.\u00bb<\/em><\/p>\n<!-- AddThis Advanced Settings generic via filter on the_content --><!-- AddThis Share Buttons generic via filter on the_content -->","protected":false},"excerpt":{"rendered":"<p>Sorprendemente, ya se confirm\u00f3 la noticia sobre qui\u00e9n ser\u00e1 el nuevo agente 007 para la nueva saga. Ser\u00e1, Lashana Lynch la protagonista de la pel\u00edcula. Como es de p\u00fablico conocimiento, la pel\u00edcula tuvo sus atrasos y cambios por los tiempos de pandemia en los que vivimos, sin embargo, di\u00f3 un giro inesperado y que gener\u00f3 [&hellip;]<!-- AddThis Advanced Settings generic via filter on get_the_excerpt --><!-- AddThis Share Buttons generic via filter on get_the_excerpt --><\/p>\n","protected":false},"author":6,"featured_media":30249,"comment_status":"closed","ping_status":"open","sticky":false,"template":"","format":"standard","meta":{"_acf_changed":false,"om_disable_all_campaigns":false,"_monsterinsights_skip_tracking":false,"_monsterinsights_sitenote_active":false,"_monsterinsights_sitenote_note":"","_monsterinsights_sitenote_category":0,"_uf_show_specific_survey":0,"_uf_disable_surveys":false,"footnotes":""},"categories":[234,100],"tags":[],"class_list":["post-30248","post","type-post","status-publish","format-standard","has-post-thumbnail","hentry","category-trend","category-noticias"],"acf":[],"aioseo_notices":[],"_links":{"self":[{"href":"https:\/\/www.lasrosas.com.ar\/portal\/wp-json\/wp\/v2\/posts\/30248","targetHints":{"allow":["GET"]}}],"collection":[{"href":"https:\/\/www.lasrosas.com.ar\/portal\/wp-json\/wp\/v2\/posts"}],"about":[{"href":"https:\/\/www.lasrosas.com.ar\/portal\/wp-json\/wp\/v2\/types\/post"}],"author":[{"embeddable":true,"href":"https:\/\/www.lasrosas.com.ar\/portal\/wp-json\/wp\/v2\/users\/6"}],"replies":[{"embeddable":true,"href":"https:\/\/www.lasrosas.com.ar\/portal\/wp-json\/wp\/v2\/comments?post=30248"}],"version-history":[{"count":0,"href":"https:\/\/www.lasrosas.com.ar\/portal\/wp-json\/wp\/v2\/posts\/30248\/revisions"}],"wp:featuredmedia":[{"embeddable":true,"href":"https:\/\/www.lasrosas.com.ar\/portal\/wp-json\/wp\/v2\/media\/30249"}],"wp:attachment":[{"href":"https:\/\/www.lasrosas.com.ar\/portal\/wp-json\/wp\/v2\/media?parent=30248"}],"wp:term":[{"taxonomy":"category","embeddable":true,"href":"https:\/\/www.lasrosas.com.ar\/portal\/wp-json\/wp\/v2\/categories?post=30248"},{"taxonomy":"post_tag","embeddable":true,"href":"https:\/\/www.lasrosas.com.ar\/portal\/wp-json\/wp\/v2\/tags?post=30248"}],"curies":[{"name":"wp","href":"https:\/\/api.w.org\/{rel}","templated":true}]}}