{"id":30227,"date":"2020-11-04T15:25:43","date_gmt":"2020-11-04T18:25:43","guid":{"rendered":"https:\/\/www.lasrosas.com.ar\/portal\/?p=30227"},"modified":"2020-11-04T15:25:43","modified_gmt":"2020-11-04T18:25:43","slug":"justin-bieber-participa-con-show-en-los-e-people-choice-awards","status":"publish","type":"post","link":"https:\/\/www.lasrosas.com.ar\/portal\/justin-bieber-participa-con-show-en-los-e-people-choice-awards\/","title":{"rendered":"JUSTIN BIEBER PARTICIPA CON SHOW EN LOS E! PEOPLE CHOICE AWARDS"},"content":{"rendered":"<div><strong><em>E! Entertainment\u00a0confirma una sorpresa \u00fanica para los Beliebers:\u00a0JUSTIN BIEBER\u00a0realizar\u00e1 un performance\u00a0en VIVO durante la premiaci\u00f3n de los E! People\u2019s Choice Awards este pr\u00f3ximo domingo 15 de Noviembre solo por E!.<\/em><\/strong><\/div>\n<div><\/div>\n<div>\n<p>E! prepar\u00f3 \u00e9sta sorpresa especial, trayendo al joven artista masculino que\u00a0<b>es el m\u00e1s nominado en los\u00a0<i>E! People\u2019s Choice Awards<\/i><\/b>\u00a0de este a\u00f1o (empat\u00f3 con Lady Gaga, que es la mujer m\u00e1s nominada). Tiene siete premios, incluido Artista masculino del 2020, Canci\u00f3n del 2020 por \u201cIntentions\u201d y \u201cStuck with U\u201d, \u00c1lbum del 2020 por \u201cChanges\u201d, V\u00eddeo musical del 2020 y Colaboraci\u00f3n del 2020 por \u201cHoly\u201d y Celebridad Social del 2020.<span lang=\"ES\">\u00a0<\/span><\/p>\n<blockquote class=\"instagram-media\" style=\"background: #FFF; border: 0; border-radius: 3px; box-shadow: 0 0 1px 0 rgba(0,0,0,0.5),0 1px 10px 0 rgba(0,0,0,0.15); margin: 1px; max-width: 540px; min-width: 326px; padding: 0; width: calc(100% - 2px);\" data-instgrm-captioned=\"\" data-instgrm-permalink=\"https:\/\/www.instagram.com\/p\/CHG5_HNBmmf\/?utm_source=ig_embed&amp;utm_campaign=loading\" data-instgrm-version=\"13\">\n<div style=\"padding: 16px;\">\n<p>&nbsp;<\/p>\n<div style=\"display: flex; flex-direction: row; align-items: center;\">\n<div style=\"background-color: #f4f4f4; border-radius: 50%; flex-grow: 0; height: 40px; margin-right: 14px; width: 40px;\"><\/div>\n<div style=\"display: flex; flex-direction: column; flex-grow: 1; justify-content: center;\">\n<div style=\"background-color: #f4f4f4; border-radius: 4px; flex-grow: 0; height: 14px; margin-bottom: 6px; width: 100px;\"><\/div>\n<div style=\"background-color: #f4f4f4; border-radius: 4px; flex-grow: 0; height: 14px; width: 60px;\"><\/div>\n<\/div>\n<\/div>\n<div style=\"padding: 19% 0;\"><\/div>\n<div style=\"display: block; height: 50px; margin: 0 auto 12px; width: 50px;\"><\/div>\n<div style=\"padding-top: 8px;\">\n<div style=\"color: #3897f0; font-family: Arial,sans-serif; font-size: 14px; font-style: normal; font-weight: 550; line-height: 18px;\">Ver esta publicaci\u00f3n en Instagram<\/div>\n<\/div>\n<div style=\"padding: 12.5% 0;\"><\/div>\n<div style=\"display: flex; flex-direction: row; margin-bottom: 14px; align-items: center;\">\n<div>\n<div style=\"background-color: #f4f4f4; border-radius: 50%; height: 12.5px; width: 12.5px; transform: translateX(0px) translateY(7px);\"><\/div>\n<div style=\"background-color: #f4f4f4; height: 12.5px; transform: rotate(-45deg) translateX(3px) translateY(1px); width: 12.5px; flex-grow: 0; margin-right: 14px; margin-left: 2px;\"><\/div>\n<div style=\"background-color: #f4f4f4; border-radius: 50%; height: 12.5px; width: 12.5px; transform: translateX(9px) translateY(-18px);\"><\/div>\n<\/div>\n<div style=\"margin-left: 8px;\">\n<div style=\"background-color: #f4f4f4; border-radius: 50%; flex-grow: 0; height: 20px; width: 20px;\"><\/div>\n<div style=\"width: 0; height: 0; border-top: 2px solid transparent; border-left: 6px solid #f4f4f4; border-bottom: 2px solid transparent; transform: translateX(16px) translateY(-4px) rotate(30deg);\"><\/div>\n<\/div>\n<div style=\"margin-left: auto;\">\n<div style=\"width: 0px; border-top: 8px solid #F4F4F4; border-right: 8px solid transparent; transform: translateY(16px);\"><\/div>\n<div style=\"background-color: #f4f4f4; flex-grow: 0; height: 12px; width: 16px; transform: translateY(-4px);\"><\/div>\n<div style=\"width: 0; height: 0; border-top: 8px solid #F4F4F4; border-left: 8px solid transparent; transform: translateY(-4px) translateX(8px);\"><\/div>\n<\/div>\n<\/div>\n<p>&nbsp;<\/p>\n<p style=\"margin: 8px 0 0 0; padding: 0 4px;\"><a style=\"color: #000; font-family: Arial,sans-serif; font-size: 14px; font-style: normal; font-weight: normal; line-height: 17px; text-decoration: none; word-wrap: break-word;\" href=\"https:\/\/www.instagram.com\/p\/CHG5_HNBmmf\/?utm_source=ig_embed&amp;utm_campaign=loading\" target=\"_blank\" rel=\"noopener\">Let&#8217;s not miss out on each other, @JustinBieber. &#x1f3b6; See you singin&#8217; at the #PCAs on 11.15!<\/a><\/p>\n<p style=\"color: #c9c8cd; font-family: Arial,sans-serif; font-size: 14px; line-height: 17px; margin-bottom: 0; margin-top: 8px; overflow: hidden; padding: 8px 0 7px; text-align: center; text-overflow: ellipsis; white-space: nowrap;\">Una publicaci\u00f3n compartida de <a style=\"color: #c9c8cd; font-family: Arial,sans-serif; font-size: 14px; font-style: normal; font-weight: normal; line-height: 17px;\" href=\"https:\/\/www.instagram.com\/peopleschoice\/?utm_source=ig_embed&amp;utm_campaign=loading\" target=\"_blank\" rel=\"noopener\"> E! People&#8217;s Choice<\/a> (@peopleschoice) el <time style=\"font-family: Arial,sans-serif; font-size: 14px; line-height: 17px;\" datetime=\"2020-11-03T00:07:26+00:00\">2 Nov, 2020 a las 4:07 PST<\/time><\/p>\n<\/div>\n<\/blockquote>\n<p><script async src=\"\/\/www.instagram.com\/embed.js\"><\/script><\/p>\n<p><b>Bieber\u00a0<\/b>se una a una lista de estrellas globales que ser\u00e1n parte de esta imperdible edici\u00f3n\u00a0<i>E! People\u2019s Choice Awards 2020<\/i>. La semana pasada, se anunci\u00f3 que la gran estrella pop\u00a0<b>Demi Lovato<\/b>\u00a0ser\u00e1 la host de la ceremonia desde el Barker Hanger en Santa M\u00f3nica. Por su parte,\u00a0<b>Jennifer L\u00f3pez\u00a0<\/b>aceptar\u00e1 el Premio Icon of 2020, mientras que\u00a0<b>Tyler Perry\u00a0<\/b>y\u00a0<b>Tracee Ellis Ross\u00a0<\/b>ser\u00e1n honrados con el premio People\u2019s Champion Award y Fashion Icon Award respectivamente.<\/p>\n<\/div>\n<!-- AddThis Advanced Settings generic via filter on the_content --><!-- AddThis Share Buttons generic via filter on the_content -->","protected":false},"excerpt":{"rendered":"<p>E! Entertainment\u00a0confirma una sorpresa \u00fanica para los Beliebers:\u00a0JUSTIN BIEBER\u00a0realizar\u00e1 un performance\u00a0en VIVO durante la premiaci\u00f3n de los E! People\u2019s Choice Awards este pr\u00f3ximo domingo 15 de Noviembre solo por E!. E! prepar\u00f3 \u00e9sta sorpresa especial, trayendo al joven artista masculino que\u00a0es el m\u00e1s nominado en los\u00a0E! People\u2019s Choice Awards\u00a0de este a\u00f1o (empat\u00f3 con Lady Gaga, [&hellip;]<!-- AddThis Advanced Settings generic via filter on get_the_excerpt --><!-- AddThis Share Buttons generic via filter on get_the_excerpt --><\/p>\n","protected":false},"author":6,"featured_media":30228,"comment_status":"closed","ping_status":"open","sticky":false,"template":"","format":"standard","meta":{"_acf_changed":false,"om_disable_all_campaigns":false,"_monsterinsights_skip_tracking":false,"_monsterinsights_sitenote_active":false,"_monsterinsights_sitenote_note":"","_monsterinsights_sitenote_category":0,"_uf_show_specific_survey":0,"_uf_disable_surveys":false,"footnotes":""},"categories":[100],"tags":[],"class_list":["post-30227","post","type-post","status-publish","format-standard","has-post-thumbnail","hentry","category-noticias"],"acf":[],"aioseo_notices":[],"_links":{"self":[{"href":"https:\/\/www.lasrosas.com.ar\/portal\/wp-json\/wp\/v2\/posts\/30227","targetHints":{"allow":["GET"]}}],"collection":[{"href":"https:\/\/www.lasrosas.com.ar\/portal\/wp-json\/wp\/v2\/posts"}],"about":[{"href":"https:\/\/www.lasrosas.com.ar\/portal\/wp-json\/wp\/v2\/types\/post"}],"author":[{"embeddable":true,"href":"https:\/\/www.lasrosas.com.ar\/portal\/wp-json\/wp\/v2\/users\/6"}],"replies":[{"embeddable":true,"href":"https:\/\/www.lasrosas.com.ar\/portal\/wp-json\/wp\/v2\/comments?post=30227"}],"version-history":[{"count":0,"href":"https:\/\/www.lasrosas.com.ar\/portal\/wp-json\/wp\/v2\/posts\/30227\/revisions"}],"wp:featuredmedia":[{"embeddable":true,"href":"https:\/\/www.lasrosas.com.ar\/portal\/wp-json\/wp\/v2\/media\/30228"}],"wp:attachment":[{"href":"https:\/\/www.lasrosas.com.ar\/portal\/wp-json\/wp\/v2\/media?parent=30227"}],"wp:term":[{"taxonomy":"category","embeddable":true,"href":"https:\/\/www.lasrosas.com.ar\/portal\/wp-json\/wp\/v2\/categories?post=30227"},{"taxonomy":"post_tag","embeddable":true,"href":"https:\/\/www.lasrosas.com.ar\/portal\/wp-json\/wp\/v2\/tags?post=30227"}],"curies":[{"name":"wp","href":"https:\/\/api.w.org\/{rel}","templated":true}]}}