{"id":30071,"date":"2020-10-27T16:40:24","date_gmt":"2020-10-27T19:40:24","guid":{"rendered":"https:\/\/www.lasrosas.com.ar\/portal\/?p=30071"},"modified":"2020-10-27T16:40:24","modified_gmt":"2020-10-27T19:40:24","slug":"los-cruceros-que-se-vienen","status":"publish","type":"post","link":"https:\/\/www.lasrosas.com.ar\/portal\/los-cruceros-que-se-vienen\/","title":{"rendered":"LOS CRUCEROS QUE SE VIENEN"},"content":{"rendered":"<p><em>Por: Marcelo Lopez- @marcelolopezcba<\/em><\/p>\n<p><em><strong>Costa Cruceros, una de las empresas m\u00e1s importantes del sector a nivel mundial, fundada en Italia en 1874, ha demostrado que esta \u201cparalizaci\u00f3n\u201d del turismo a nivel global, lejos de detenerlos, los ha impulsado a\u00fan m\u00e1s a proyectar, planificar y sumar desaf\u00edos de cara a lo que viene.<\/strong><\/em><br \/>\nEn la conferencia de prensa de este martes, Fernando Joselevich, Gerente General para Argentina y Latinoam\u00e9rica expuso los planes de la compa\u00f1\u00eda, tanto en Am\u00e9rica del Sur como en Europa. Al comienzo de operaciones y la programaci\u00f3n de los circuitos para 2021 y 2022 con la presencia de las naves Costa Esmeralda, Costa Firenze y Costa Pac\u00edfica en el Mediterr\u00e1neo Occidental; Costa M\u00e1gica, Costa Deliciosa y Costa Luminosa recorriendo el Mediterr\u00e1neo Oriental se suma la incorporaci\u00f3n de una nueva nave el Costa Firenze para llevar adelante la temporada de verano m\u00e1s larga de su historia.<\/p>\n<p><img decoding=\"async\" class=\"aligncenter size-full wp-image-30072 lazyload\" data-src=\"https:\/\/www.lasrosas.com.ar\/portal\/wp-content\/uploads\/costasmeralda.jpg\" alt=\"\" width=\"512\" height=\"288\" src=\"data:image\/svg+xml;base64,PHN2ZyB3aWR0aD0iMSIgaGVpZ2h0PSIxIiB4bWxucz0iaHR0cDovL3d3dy53My5vcmcvMjAwMC9zdmciPjwvc3ZnPg==\" style=\"--smush-placeholder-width: 512px; --smush-placeholder-aspect-ratio: 512\/288;\" \/><br \/>\nPara Latinoam\u00e9rica las noticias no son menores ya que durante 2021 y 2022 contaran con las naves Costa Toscana, que tiene capacidad para 6730 pasajeros lo que es tres veces la capacidad del hotel mas grande del\u00a0continente, \u00a0y Costa Favolosa, tanto para los cruceros por Brasil como por Argentina y Uruguay.<br \/>\nAdem\u00e1s de sus planes y programas se record\u00f3 el avance en el compromiso que tiene la marca con la sustentabilidad remarcando el hecho de haber logrado todos los objetivos en ese rubro antes de los per\u00edodos establecidos y teniendo en el Costa Esmeralda el primer barco impulsado por Gas Natural Licuado.<br \/>\nCosta goza de buena salud y est\u00e1 avanzando a paso firme para la tranquilidad y el placer de todos los fans de los cruceros.<\/p>\n<!-- AddThis Advanced Settings generic via filter on the_content --><!-- AddThis Share Buttons generic via filter on the_content -->","protected":false},"excerpt":{"rendered":"<p>Por: Marcelo Lopez- @marcelolopezcba Costa Cruceros, una de las empresas m\u00e1s importantes del sector a nivel mundial, fundada en Italia en 1874, ha demostrado que esta \u201cparalizaci\u00f3n\u201d del turismo a nivel global, lejos de detenerlos, los ha impulsado a\u00fan m\u00e1s a proyectar, planificar y sumar desaf\u00edos de cara a lo que viene. En la conferencia [&hellip;]<!-- AddThis Advanced Settings generic via filter on get_the_excerpt --><!-- AddThis Share Buttons generic via filter on get_the_excerpt --><\/p>\n","protected":false},"author":6,"featured_media":30073,"comment_status":"closed","ping_status":"open","sticky":false,"template":"","format":"standard","meta":{"_acf_changed":false,"om_disable_all_campaigns":false,"_monsterinsights_skip_tracking":false,"_monsterinsights_sitenote_active":false,"_monsterinsights_sitenote_note":"","_monsterinsights_sitenote_category":0,"_uf_show_specific_survey":0,"_uf_disable_surveys":false,"footnotes":""},"categories":[33],"tags":[],"class_list":["post-30071","post","type-post","status-publish","format-standard","has-post-thumbnail","hentry","category-las-rosas-trip"],"acf":[],"aioseo_notices":[],"_links":{"self":[{"href":"https:\/\/www.lasrosas.com.ar\/portal\/wp-json\/wp\/v2\/posts\/30071","targetHints":{"allow":["GET"]}}],"collection":[{"href":"https:\/\/www.lasrosas.com.ar\/portal\/wp-json\/wp\/v2\/posts"}],"about":[{"href":"https:\/\/www.lasrosas.com.ar\/portal\/wp-json\/wp\/v2\/types\/post"}],"author":[{"embeddable":true,"href":"https:\/\/www.lasrosas.com.ar\/portal\/wp-json\/wp\/v2\/users\/6"}],"replies":[{"embeddable":true,"href":"https:\/\/www.lasrosas.com.ar\/portal\/wp-json\/wp\/v2\/comments?post=30071"}],"version-history":[{"count":0,"href":"https:\/\/www.lasrosas.com.ar\/portal\/wp-json\/wp\/v2\/posts\/30071\/revisions"}],"wp:featuredmedia":[{"embeddable":true,"href":"https:\/\/www.lasrosas.com.ar\/portal\/wp-json\/wp\/v2\/media\/30073"}],"wp:attachment":[{"href":"https:\/\/www.lasrosas.com.ar\/portal\/wp-json\/wp\/v2\/media?parent=30071"}],"wp:term":[{"taxonomy":"category","embeddable":true,"href":"https:\/\/www.lasrosas.com.ar\/portal\/wp-json\/wp\/v2\/categories?post=30071"},{"taxonomy":"post_tag","embeddable":true,"href":"https:\/\/www.lasrosas.com.ar\/portal\/wp-json\/wp\/v2\/tags?post=30071"}],"curies":[{"name":"wp","href":"https:\/\/api.w.org\/{rel}","templated":true}]}}