{"id":29999,"date":"2020-10-22T17:25:56","date_gmt":"2020-10-22T20:25:56","guid":{"rendered":"https:\/\/www.lasrosas.com.ar\/portal\/?p=29999"},"modified":"2020-10-22T17:25:56","modified_gmt":"2020-10-22T20:25:56","slug":"en-el-dia-internacional-contra-el-cambio-climatico-national-geographic-estrena-lo-que-haces-cuenta","status":"publish","type":"post","link":"https:\/\/www.lasrosas.com.ar\/portal\/en-el-dia-internacional-contra-el-cambio-climatico-national-geographic-estrena-lo-que-haces-cuenta\/","title":{"rendered":"EN EL D\u00cdA INTERNACIONAL CONTRA EL CAMBIO CLIM\u00c1TICO, NATIONAL GEOGRAPHIC ESTRENA \u00abLO QUE HACES CUENTA\u00bb"},"content":{"rendered":"<p>El pr\u00f3ximo s\u00e1bado 24 de octubre a las 10 PM, National Geographic conmemora el D\u00eda Internacional Contra el Cambio Clim\u00e1tico con el estreno de\u00a0<strong><em>Lo que haces cuenta<\/em><\/strong>, un cortometraje original de 4 minutos que impulsa a la audiencia a tomar acci\u00f3n para luchar contra el cambio clim\u00e1tico y proteger el planeta a partir de acciones cotidianas. Cuenta con la participaci\u00f3n de 45 figuras latinoamericanas del espect\u00e1culo y el deporte, y estrenar\u00e1 simult\u00e1neamente en 15 canales de The Walt Disney Company Latin America y en el canal de\u00a0<a href=\"https:\/\/mktagencia.everlytic.net\/servlet\/link\/222881\/1087648\/276413216\/5595154\" target=\"_blank\" rel=\"noopener\" data-saferedirecturl=\"https:\/\/www.google.com\/url?q=https:\/\/mktagencia.everlytic.net\/servlet\/link\/222881\/1087648\/276413216\/5595154&amp;source=gmail&amp;ust=1603484297169000&amp;usg=AFQjCNE1ARInXwLjiMbhRBh1DgCs5klKsw\">National Geographic Latinoam\u00e9rica<\/a>\u00a0en YouTube.<\/p>\n<p>El nuevo corto de National Geographic cuenta con la participaci\u00f3n de destacados artistas como\u00a0<a>Benjam\u00edn Vicu\u00f1a, Carla Peterson, Celeste Cid, Fito P\u00e1ez, Marley y Tini Stoessel, as\u00ed como de renombradas figuras del deporte como David Nalbandian, Fabricio Oberto, y Luciana Aymar. Talentos de Disney como Diego Topa, Fernando Dente, Isabela Souza y Lourdes Errante tambi\u00e9n forman parte de la producci\u00f3n.<\/a><\/p>\n<p><iframe data-src=\"https:\/\/www.youtube.com\/embed\/cX3_Br51oxM\" width=\"560\" height=\"315\" frameborder=\"0\" allowfullscreen=\"allowfullscreen\" src=\"data:image\/svg+xml;base64,PHN2ZyB3aWR0aD0iMSIgaGVpZ2h0PSIxIiB4bWxucz0iaHR0cDovL3d3dy53My5vcmcvMjAwMC9zdmciPjwvc3ZnPg==\" class=\"lazyload\" data-load-mode=\"1\"><\/iframe><\/p>\n<p><a href=\"https:\/\/mktagencia.everlytic.net\/servlet\/link\/222881\/1087648\/276413216\/5595155\" target=\"_blank\" rel=\"noopener\" data-saferedirecturl=\"https:\/\/www.google.com\/url?q=https:\/\/mktagencia.everlytic.net\/servlet\/link\/222881\/1087648\/276413216\/5595155&amp;source=gmail&amp;ust=1603484297169000&amp;usg=AFQjCNH25I49IZrsQKV74UUixZwzSNxvpg\"><strong><em>Lo que haces cuenta<\/em><\/strong><\/a>\u00a0se centra en la importancia de tomar acci\u00f3n de forma colectiva, entendiendo que lo que hacemos tiene consecuencias y que cada acci\u00f3n que implementemos para cuidar nuestra tierra tiene un gran impacto positivo cuando se suman voluntades. El llamado de National Geographic a trav\u00e9s del video tiene especial relevancia en el contexto actual de pandemia y aislamiento social, en el que la actividad humana da\u00f1ina que pudo limitarse revel\u00f3 un poder sanador sobre la naturaleza<\/p>\n<p>As\u00ed, el video invita a la audiencia a sumarse al cambio plante\u00e1ndose objetivos sustentables que pueden asumir en su vida cotidiana, como la reducci\u00f3n del consumo de energ\u00eda el\u00e9ctrica y gas, el uso de la bicicleta como forma de movilidad, el consumo responsable y el reciclado, la reducci\u00f3n de ingesta de carne y la difusi\u00f3n entre quienes nos rodean de la importancia de adoptar estos cambios. Al t\u00e9rmino del cortometraje, National Geographic estrena los documentales\u00a0<strong><em>Greta: el futuro es hoy<\/em><\/strong>\u00a0y\u00a0<strong><em>El \u00daltimo T\u00e9mpano<\/em><\/strong>, adem\u00e1s de emitir\u00a0<strong><em>Pristine Seas<\/em><\/strong><strong><em>.<\/em><\/strong>\u00a0Con historias de activistas, informaci\u00f3n de proyectos de conservaci\u00f3n y datos reveladores sobre el impacto del cambio clim\u00e1tico en el planeta, el especial invita a la audiencia a conocer m\u00e1s, reflexionar y tomar acci\u00f3n para combatir esta problem\u00e1tica medioambiental de escala global.<\/p>\n<p>Seg\u00fan estimaciones de la comunidad cient\u00edfica global, la humanidad se encuentra en un momento decisivo para afrontar el problema del cambio clim\u00e1tico. M\u00e1s de un siglo y medio de industrializaci\u00f3n, deforestaci\u00f3n y agricultura a gran escala han elevado la temperatura media mundial de la Tierra, provocando desde cambiantes pautas meteorol\u00f3gicas que amenazan la producci\u00f3n de alimentos hasta el aumento del nivel del mar que incrementa el riesgo de inundaciones catastr\u00f3ficas.<\/p>\n<!-- AddThis Advanced Settings generic via filter on the_content --><!-- AddThis Share Buttons generic via filter on the_content -->","protected":false},"excerpt":{"rendered":"<p>El pr\u00f3ximo s\u00e1bado 24 de octubre a las 10 PM, National Geographic conmemora el D\u00eda Internacional Contra el Cambio Clim\u00e1tico con el estreno de\u00a0Lo que haces cuenta, un cortometraje original de 4 minutos que impulsa a la audiencia a tomar acci\u00f3n para luchar contra el cambio clim\u00e1tico y proteger el planeta a partir de acciones [&hellip;]<!-- AddThis Advanced Settings generic via filter on get_the_excerpt --><!-- AddThis Share Buttons generic via filter on get_the_excerpt --><\/p>\n","protected":false},"author":6,"featured_media":30000,"comment_status":"closed","ping_status":"open","sticky":false,"template":"","format":"standard","meta":{"_acf_changed":false,"om_disable_all_campaigns":false,"_monsterinsights_skip_tracking":false,"_monsterinsights_sitenote_active":false,"_monsterinsights_sitenote_note":"","_monsterinsights_sitenote_category":0,"_uf_show_specific_survey":0,"_uf_disable_surveys":false,"footnotes":""},"categories":[376,100],"tags":[],"class_list":["post-29999","post","type-post","status-publish","format-standard","has-post-thumbnail","hentry","category-lifestyle","category-noticias"],"acf":[],"aioseo_notices":[],"_links":{"self":[{"href":"https:\/\/www.lasrosas.com.ar\/portal\/wp-json\/wp\/v2\/posts\/29999","targetHints":{"allow":["GET"]}}],"collection":[{"href":"https:\/\/www.lasrosas.com.ar\/portal\/wp-json\/wp\/v2\/posts"}],"about":[{"href":"https:\/\/www.lasrosas.com.ar\/portal\/wp-json\/wp\/v2\/types\/post"}],"author":[{"embeddable":true,"href":"https:\/\/www.lasrosas.com.ar\/portal\/wp-json\/wp\/v2\/users\/6"}],"replies":[{"embeddable":true,"href":"https:\/\/www.lasrosas.com.ar\/portal\/wp-json\/wp\/v2\/comments?post=29999"}],"version-history":[{"count":0,"href":"https:\/\/www.lasrosas.com.ar\/portal\/wp-json\/wp\/v2\/posts\/29999\/revisions"}],"wp:featuredmedia":[{"embeddable":true,"href":"https:\/\/www.lasrosas.com.ar\/portal\/wp-json\/wp\/v2\/media\/30000"}],"wp:attachment":[{"href":"https:\/\/www.lasrosas.com.ar\/portal\/wp-json\/wp\/v2\/media?parent=29999"}],"wp:term":[{"taxonomy":"category","embeddable":true,"href":"https:\/\/www.lasrosas.com.ar\/portal\/wp-json\/wp\/v2\/categories?post=29999"},{"taxonomy":"post_tag","embeddable":true,"href":"https:\/\/www.lasrosas.com.ar\/portal\/wp-json\/wp\/v2\/tags?post=29999"}],"curies":[{"name":"wp","href":"https:\/\/api.w.org\/{rel}","templated":true}]}}