{"id":29987,"date":"2020-10-21T17:10:23","date_gmt":"2020-10-21T20:10:23","guid":{"rendered":"https:\/\/www.lasrosas.com.ar\/portal\/?p=29987"},"modified":"2020-10-21T17:10:23","modified_gmt":"2020-10-21T20:10:23","slug":"la-alfombra-roja-con-stefi-roitman-y-carlos-vives","status":"publish","type":"post","link":"https:\/\/www.lasrosas.com.ar\/portal\/la-alfombra-roja-con-stefi-roitman-y-carlos-vives\/","title":{"rendered":"LA ALFOMBRA ROJA CON STEFI ROITMAN Y CARLOS VIVES!"},"content":{"rendered":"<div><strong><em>Desde los\u00a0Premios Billboard de la M\u00fasica Latina,\u00a0E! Online Latino\u00a0se transmitir\u00e1\u00a0En Vivo,\u00a0 la Alfombra Roja.<\/em> <\/strong><\/div>\n<div><\/div>\n<div>Con la conducci\u00f3n especial de la actriz argentina\u00a0Stefania Roitman\u00a0como gran TV Host invitada especial,\u00a0a trav\u00e9s de Facebook.com\/Eonlinelatino\u00a0y\u00a0YouTube.com\/eonlinelatinola\u00a0a partir de las 19:00hs Argentina desde el BB&amp;T Center en Sunrise, Florida. Mientras que\u00a0Carlos Vives\u00a0realizar\u00e1 un Take Over de\u00a0@EonlineLatino\u00a0para compartir con toda Latinoam\u00e9rica el minuto a minuto tanto de la Alfombra Roja como del Show.<\/div>\n<div><\/div>\n<div>\n\r\n\t\t<style type='text\/css'>\r\n\t\t\t#gallery-1 {\r\n\t\t\t\tmargin: auto;\r\n\t\t\t}\r\n\t\t\t#gallery-1 .gallery-item {\r\n\t\t\t\tfloat: left;\r\n\t\t\t\tmargin-top: 10px;\r\n\t\t\t\ttext-align: center;\r\n\t\t\t\twidth: 50%;\r\n\t\t\t}\r\n\t\t\t#gallery-1 img {\r\n\t\t\t\tborder: 2px solid #cfcfcf;\r\n\t\t\t}\r\n\t\t\t#gallery-1 .gallery-caption {\r\n\t\t\t\tmargin-left: 0;\r\n\t\t\t}\r\n\t\t<\/style>\r\n\t\t<!-- see gallery_shortcode() in wp-includes\/media.php -->\n\t\t<div id='gallery-1' class='gallery galleryid-29987 gallery-columns-2 gallery-size-medium gallery1'><script type=\"text\/javascript\">\r\n\/\/ <![CDATA[\r\n\tjQuery(document).ready(function () {\r\n\t\tjQuery(\".gallery1 a\").attr(\"rel\",\"gallery1\");\t\r\n\t\tjQuery('a[rel=\"gallery1\"]').colorbox({maxWidth:\"95%\", maxHeight:\"95%\",title: function(){ return jQuery(this).children().attr(\"alt\"); }, });\r\n\t});\r\n\/\/ ]]>\r\n<\/script>\n<dl class=\"gallery-item\">\n<dt class=\"gallery-icon\">\r\n<a href=\"https:\/\/www.lasrosas.com.ar\/portal\/wp-content\/uploads\/Stefania-Roitman-1281x1920.jpg\" title=\"\" rel=\"gallery1\"><img decoding=\"async\" data-src=\"https:\/\/www.lasrosas.com.ar\/portal\/wp-content\/uploads\/Stefania-Roitman-640x960.jpg\" width=\"640\" height=\"960\" alt=\"\" src=\"data:image\/svg+xml;base64,PHN2ZyB3aWR0aD0iMSIgaGVpZ2h0PSIxIiB4bWxucz0iaHR0cDovL3d3dy53My5vcmcvMjAwMC9zdmciPjwvc3ZnPg==\" class=\"lazyload\" style=\"--smush-placeholder-width: 640px; --smush-placeholder-aspect-ratio: 640\/960;\" \/><\/a>\r\n<\/dt><\/dl><dl class=\"gallery-item\">\n<dt class=\"gallery-icon\">\r\n<a href=\"https:\/\/www.lasrosas.com.ar\/portal\/wp-content\/uploads\/carlos_vives_cumbiana.jpg\" title=\"\" rel=\"gallery1\"><img decoding=\"async\" data-src=\"https:\/\/www.lasrosas.com.ar\/portal\/wp-content\/uploads\/carlos_vives_cumbiana-788x960.jpg\" width=\"788\" height=\"960\" alt=\"\" src=\"data:image\/svg+xml;base64,PHN2ZyB3aWR0aD0iMSIgaGVpZ2h0PSIxIiB4bWxucz0iaHR0cDovL3d3dy53My5vcmcvMjAwMC9zdmciPjwvc3ZnPg==\" class=\"lazyload\" style=\"--smush-placeholder-width: 788px; --smush-placeholder-aspect-ratio: 788\/960;\" \/><\/a>\r\n<\/dt><\/dl><br style=\"clear: both\" \/>\r\n\t\t<\/div>\n\n<\/div>\n<div>Adem\u00e1s, ser\u00e1 distinguido con el\u00a0Premio Billboard Sal\u00f3n de la Fama\u00a0para celebrar su carrera art\u00edstica que va m\u00e1s all\u00e1 de la interpretaci\u00f3n musical y toma en cuenta su incre\u00edble influencia como artista a nivel global en m\u00faltiples campos. El int\u00e9rprete que ha llevado la m\u00fasica tradicional de vallenato por el mundo tambi\u00e9n cantar\u00e1 en los\u00a0Premios Billboard de la M\u00fasica Latina que se transmitir\u00e1n en vivo por Telemundo Internacional este mi\u00e9rcoles, 21 de octubre a partir de las 20:00hs Argentina.<\/div>\n<!-- AddThis Advanced Settings generic via filter on the_content --><!-- AddThis Share Buttons generic via filter on the_content -->","protected":false},"excerpt":{"rendered":"<p>Desde los\u00a0Premios Billboard de la M\u00fasica Latina,\u00a0E! Online Latino\u00a0se transmitir\u00e1\u00a0En Vivo,\u00a0 la Alfombra Roja. Con la conducci\u00f3n especial de la actriz argentina\u00a0Stefania Roitman\u00a0como gran TV Host invitada especial,\u00a0a trav\u00e9s de Facebook.com\/Eonlinelatino\u00a0y\u00a0YouTube.com\/eonlinelatinola\u00a0a partir de las 19:00hs Argentina desde el BB&amp;T Center en Sunrise, Florida. Mientras que\u00a0Carlos Vives\u00a0realizar\u00e1 un Take Over de\u00a0@EonlineLatino\u00a0para compartir con toda Latinoam\u00e9rica el [&hellip;]<!-- AddThis Advanced Settings generic via filter on get_the_excerpt --><!-- AddThis Share Buttons generic via filter on get_the_excerpt --><\/p>\n","protected":false},"author":6,"featured_media":29990,"comment_status":"closed","ping_status":"open","sticky":false,"template":"","format":"standard","meta":{"_acf_changed":false,"om_disable_all_campaigns":false,"_monsterinsights_skip_tracking":false,"_monsterinsights_sitenote_active":false,"_monsterinsights_sitenote_note":"","_monsterinsights_sitenote_category":0,"_uf_show_specific_survey":0,"_uf_disable_surveys":false,"footnotes":""},"categories":[100],"tags":[],"class_list":["post-29987","post","type-post","status-publish","format-standard","has-post-thumbnail","hentry","category-noticias"],"acf":[],"aioseo_notices":[],"_links":{"self":[{"href":"https:\/\/www.lasrosas.com.ar\/portal\/wp-json\/wp\/v2\/posts\/29987","targetHints":{"allow":["GET"]}}],"collection":[{"href":"https:\/\/www.lasrosas.com.ar\/portal\/wp-json\/wp\/v2\/posts"}],"about":[{"href":"https:\/\/www.lasrosas.com.ar\/portal\/wp-json\/wp\/v2\/types\/post"}],"author":[{"embeddable":true,"href":"https:\/\/www.lasrosas.com.ar\/portal\/wp-json\/wp\/v2\/users\/6"}],"replies":[{"embeddable":true,"href":"https:\/\/www.lasrosas.com.ar\/portal\/wp-json\/wp\/v2\/comments?post=29987"}],"version-history":[{"count":0,"href":"https:\/\/www.lasrosas.com.ar\/portal\/wp-json\/wp\/v2\/posts\/29987\/revisions"}],"wp:featuredmedia":[{"embeddable":true,"href":"https:\/\/www.lasrosas.com.ar\/portal\/wp-json\/wp\/v2\/media\/29990"}],"wp:attachment":[{"href":"https:\/\/www.lasrosas.com.ar\/portal\/wp-json\/wp\/v2\/media?parent=29987"}],"wp:term":[{"taxonomy":"category","embeddable":true,"href":"https:\/\/www.lasrosas.com.ar\/portal\/wp-json\/wp\/v2\/categories?post=29987"},{"taxonomy":"post_tag","embeddable":true,"href":"https:\/\/www.lasrosas.com.ar\/portal\/wp-json\/wp\/v2\/tags?post=29987"}],"curies":[{"name":"wp","href":"https:\/\/api.w.org\/{rel}","templated":true}]}}