{"id":29916,"date":"2020-10-16T17:41:48","date_gmt":"2020-10-16T20:41:48","guid":{"rendered":"https:\/\/www.lasrosas.com.ar\/portal\/?p=29916"},"modified":"2020-10-16T17:41:48","modified_gmt":"2020-10-16T20:41:48","slug":"el-calzado-que-veras-esta-temporada","status":"publish","type":"post","link":"https:\/\/www.lasrosas.com.ar\/portal\/el-calzado-que-veras-esta-temporada\/","title":{"rendered":"EL CALZADO QUE VER\u00c1S ESTA TEMPORADA"},"content":{"rendered":"<div>\n<p><em>Por: Fernanda Tavarone- @fertavarone<\/em><\/p>\n<p><strong><em><span lang=\"ES-AR\">En esta nota hablaremos de la tendencia que se impone esta temporada Primavera Verano 20<\/span><span lang=\"ES-AR\">2<\/span><span lang=\"ES-AR\">0<\/span><span lang=\"ES-AR\">&#8211;<\/span><span lang=\"ES-AR\">2<\/span><span lang=\"ES-AR\">1<\/span><span lang=\"ES-AR\">\u00a0con respecto a la elecci\u00f3n del calzado que m\u00e1s se adec\u00fae a nuestra personalidad.<\/span>\u00a0<\/em><\/strong><\/p>\n<\/div>\n<div>\n<p><span lang=\"ES-AR\">Cuando pensamos en \u00e9l, siempre nos preguntamos si existe alg\u00fan modelo que sea elegante, c\u00f3modo y que adem\u00e1s se adapte a nuestro look. \u00a1Claro que s\u00ed!,ya que esta temporada se caracterizar\u00e1 por la versatilidad de estilos lo que nos permite encontrar en el mercado una gran variedad de dise\u00f1os y en consecuencia elegir aquellos modelos que se adapten\u00a0de la mejor manera a nuestro\u00a0<\/span><span lang=\"ES-AR\">outfit<\/span><span lang=\"ES-AR\">.<\/span><\/p>\n<\/div>\n<div>\n<p><span lang=\"ES-AR\">Cuando de ello se trata, resulta muy importante, tener en cuenta que su uso nos resulte\u202fc\u00f3modo ya que los pies\u00a0<\/span><span lang=\"ES-AR\">son el<\/span><span lang=\"ES-AR\">\u00a0sost\u00e9n de nuestro\u00a0cuerpo y\u00a0una adecuada decisi\u00f3n al respecto, sin lugar a duda, nos ayudar\u00e1 a realizar nuestros quehaceres diarios, sin que por ello dejemos de ser elegantes por todo ello, aqu\u00ed brevemente les cuento\u00a0<\/span><span lang=\"ES-AR\">cu\u00e1les<\/span><span lang=\"ES-AR\">\u00a0ser\u00e1n los modelos que m\u00e1s se destacar\u00e1n en este a\u00f1o 2020.<\/span><\/p>\n<\/div>\n<div>\n<p><strong><span lang=\"ES-ES\">Sandalias<\/span><\/strong><span lang=\"ES-ES\"><strong>:<\/strong> Se impondr\u00e1n las de base alta, de goma, corcho o s\u00edmil madera, con taco separado. Tambi\u00e9n las admiraremos con base tipo\u00a0tractor, todas<\/span><span lang=\"ES-ES\">\u00a0ellas combinan distintos materiales como la madera y la goma. Las<\/span><span lang=\"ES-ES\">\u202f<\/span><span lang=\"ES-ES\">punteras de las sandalias ser\u00e1n de<\/span><span lang=\"ES-ES\">\u202ftira ancha<\/span><span lang=\"ES-ES\">, confeccionadas de distintos materiales y texturas<\/span><span lang=\"ES-ES\">\u00a0(<\/span><span lang=\"ES-ES\">reptil, trenzados, croco, etc.) y adornadas con detalles de\u00a0<\/span><span lang=\"ES-ES\">tachas<\/span><span lang=\"ES-ES\">,\u00a0<\/span><span lang=\"ES-ES\">animal\u00a0<\/span><span lang=\"ES-ES\">print<\/span><span lang=\"ES-ES\">\u00a0y calados.\u00a0<\/span><\/p>\n<p><img decoding=\"async\" class=\"aligncenter size-thumbnail wp-image-29920 lazyload\" data-src=\"https:\/\/www.lasrosas.com.ar\/portal\/wp-content\/uploads\/calzados-mujer-flats-plataformas-sandalias-sneakers-medio-alto-abierta-acordonada-blanco-cuero-elastico-sintetico-tejido-casual-chunky-disruptivo-fashion-redonda-640x480.jpg\" alt=\"\" width=\"640\" height=\"480\" data-srcset=\"https:\/\/www.lasrosas.com.ar\/portal\/wp-content\/uploads\/calzados-mujer-flats-plataformas-sandalias-sneakers-medio-alto-abierta-acordonada-blanco-cuero-elastico-sintetico-tejido-casual-chunky-disruptivo-fashion-redonda-640x480.jpg 640w, https:\/\/www.lasrosas.com.ar\/portal\/wp-content\/uploads\/calzados-mujer-flats-plataformas-sandalias-sneakers-medio-alto-abierta-acordonada-blanco-cuero-elastico-sintetico-tejido-casual-chunky-disruptivo-fashion-redonda-960x720.jpg 960w, https:\/\/www.lasrosas.com.ar\/portal\/wp-content\/uploads\/calzados-mujer-flats-plataformas-sandalias-sneakers-medio-alto-abierta-acordonada-blanco-cuero-elastico-sintetico-tejido-casual-chunky-disruptivo-fashion-redonda-1920x1439.jpg 1920w, https:\/\/www.lasrosas.com.ar\/portal\/wp-content\/uploads\/calzados-mujer-flats-plataformas-sandalias-sneakers-medio-alto-abierta-acordonada-blanco-cuero-elastico-sintetico-tejido-casual-chunky-disruptivo-fashion-redonda.jpg 1980w\" data-sizes=\"(max-width: 640px) 100vw, 640px\" src=\"data:image\/svg+xml;base64,PHN2ZyB3aWR0aD0iMSIgaGVpZ2h0PSIxIiB4bWxucz0iaHR0cDovL3d3dy53My5vcmcvMjAwMC9zdmciPjwvc3ZnPg==\" style=\"--smush-placeholder-width: 640px; --smush-placeholder-aspect-ratio: 640\/480;\" \/><\/p>\n<p>&nbsp;<\/p>\n<\/div>\n<div>\n<p><strong><span lang=\"ES-ES\">Zapatillas<\/span><\/strong><span lang=\"ES-ES\"><strong>:<\/strong> Continuar\u00e1 en ellas predominando el\u00a0<\/span><span lang=\"ES-ES\">estilo\u00a0<\/span><span lang=\"ES-ES\">sport<\/span><span lang=\"ES-ES\">y<\/span><span lang=\"ES-ES\">,<\/span><span lang=\"ES-ES\">\u00a0<\/span><span lang=\"ES-ES\">\u00a0las podremos ver con<\/span><span lang=\"ES-ES\">\u00a0colores<\/span><span lang=\"ES-ES\">\u00a0y texturas acorde<\/span><span lang=\"ES-ES\">s a tan bella<\/span><span lang=\"ES-ES\">s<\/span><span lang=\"ES-ES\">\u00a0estacio<\/span><span lang=\"ES-ES\">n<\/span><span lang=\"ES-ES\">es<\/span><span lang=\"ES-ES\">,\u00a0<\/span><span lang=\"ES-ES\">tambi\u00e9n\u00a0<\/span><span lang=\"ES-ES\">las<\/span><span lang=\"ES-ES\"><wbr \/>\u00a0encontraremos con estampas<\/span><span lang=\"ES-ES\">\u00a0florales y en colores\u00a0<\/span><span lang=\"ES-ES\">metalizado<\/span><span lang=\"ES-ES\">s<\/span><span lang=\"ES-ES\">\u00a0(d<\/span><span lang=\"ES-ES\">orado y plateado) los que<\/span><span lang=\"ES-ES\">\u00a0ser\u00e1n la<\/span><span lang=\"ES-ES\">\u00a0clave de esta temporada.<\/span><\/p>\n<p><img decoding=\"async\" class=\"aligncenter size-thumbnail wp-image-29919 lazyload\" data-src=\"https:\/\/www.lasrosas.com.ar\/portal\/wp-content\/uploads\/sunder_5_dafiti1-81cc497e63ec21926415848273059720-1024-1024-640x480.jpg\" alt=\"\" width=\"640\" height=\"480\" src=\"data:image\/svg+xml;base64,PHN2ZyB3aWR0aD0iMSIgaGVpZ2h0PSIxIiB4bWxucz0iaHR0cDovL3d3dy53My5vcmcvMjAwMC9zdmciPjwvc3ZnPg==\" style=\"--smush-placeholder-width: 640px; --smush-placeholder-aspect-ratio: 640\/480;\" \/><\/p>\n<\/div>\n<div>\n<p><strong><span lang=\"ES-AR\">A<\/span><span lang=\"ES-ES\">lpargatas<\/span><\/strong><span lang=\"ES-ES\"><strong>:<\/strong>\u00a0<\/span><span lang=\"ES-ES\">S<\/span><span lang=\"ES-ES\">e presentan como la\u00a0novedad del<\/span><span lang=\"ES-ES\">\u00a0a\u00f1o ya que se podr\u00e1<\/span><span lang=\"ES-ES\">n<\/span><span lang=\"ES-ES\">\u00a0observar diferentes dise\u00f1os\u00a0<\/span><span lang=\"ES-ES\">que van desde<\/span><span lang=\"ES-ES\">\u00a0<\/span><span lang=\"ES-ES\">el\u00a0<\/span><span lang=\"ES-ES\">cl\u00e1sico modelo de alpargata<\/span><span lang=\"ES-ES\">s de cuero, de<\/span><span lang=\"ES-ES\">\u00a0color<\/span><span lang=\"ES-ES\">\u00a0marr\u00f3n o siena,\u00a0<\/span><span lang=\"ES-ES\">hasta aquellas en<\/span><span lang=\"ES-ES\">\u00a0colores metalizados\u00a0<\/span><span lang=\"ES-ES\">con<\/span><span lang=\"ES-ES\">\u00a0su base<\/span><span lang=\"ES-ES\">\u00a0de yu<\/span><span lang=\"ES-ES\">te<\/span><span lang=\"ES-ES\">\u00a0que sin<\/span><span lang=\"ES-ES\">\u00a0lugar a dudas estar\u00e1n a la<\/span><span lang=\"ES-ES\">\u00a0<\/span><span lang=\"ES-ES\">\u00a0moda<\/span><span lang=\"ES-ES\">.<\/span><\/p>\n<p><img decoding=\"async\" class=\"aligncenter size-thumbnail wp-image-29918 lazyload\" data-src=\"https:\/\/www.lasrosas.com.ar\/portal\/wp-content\/uploads\/201678151314_1-1280x720-640x480.jpg\" alt=\"\" width=\"640\" height=\"480\" src=\"data:image\/svg+xml;base64,PHN2ZyB3aWR0aD0iMSIgaGVpZ2h0PSIxIiB4bWxucz0iaHR0cDovL3d3dy53My5vcmcvMjAwMC9zdmciPjwvc3ZnPg==\" style=\"--smush-placeholder-width: 640px; --smush-placeholder-aspect-ratio: 640\/480;\" \/><\/p>\n<\/div>\n<div>\n<p><strong><span lang=\"ES-ES\">Stilettos<\/span><\/strong><span lang=\"ES-ES\"><strong>:<\/strong> Podremos seguir admir\u00e1ndolos ya\u00a0<\/span><span lang=\"ES-ES\">que nunca pasan de<\/span><span lang=\"ES-ES\">\u00a0moda y\u00a0<\/span><span lang=\"ES-ES\">nos aporta<\/span><span lang=\"ES-ES\">n\u00a0<\/span><span lang=\"ES-ES\">un look\u00a0<\/span><span lang=\"ES-ES\">elegante<\/span><span lang=\"ES-ES\">, siempre<\/span><span lang=\"ES-ES\">\u00a0son ideales<\/span><span lang=\"ES-ES\">\u00a0para aquellas<\/span><span lang=\"ES-ES\">\u00a0ocasiones\u00a0<\/span><span lang=\"ES-ES\">cuya formalidad requiera<\/span><span lang=\"ES-ES\">\u00a0su uso<\/span><span lang=\"ES-ES\">.<\/span><\/p>\n<\/div>\n<div>\n<p><img decoding=\"async\" class=\"aligncenter size-thumbnail wp-image-29917 lazyload\" data-src=\"https:\/\/www.lasrosas.com.ar\/portal\/wp-content\/uploads\/pagina-web-santo-pie-13-1170x823-640x480.jpg\" alt=\"\" width=\"640\" height=\"480\" src=\"data:image\/svg+xml;base64,PHN2ZyB3aWR0aD0iMSIgaGVpZ2h0PSIxIiB4bWxucz0iaHR0cDovL3d3dy53My5vcmcvMjAwMC9zdmciPjwvc3ZnPg==\" style=\"--smush-placeholder-width: 640px; --smush-placeholder-aspect-ratio: 640\/480;\" \/><\/p>\n<\/div>\n<!-- AddThis Advanced Settings generic via filter on the_content --><!-- AddThis Share Buttons generic via filter on the_content -->","protected":false},"excerpt":{"rendered":"<p>Por: Fernanda Tavarone- @fertavarone En esta nota hablaremos de la tendencia que se impone esta temporada Primavera Verano 2020&#8211;21\u00a0con respecto a la elecci\u00f3n del calzado que m\u00e1s se adec\u00fae a nuestra personalidad.\u00a0 Cuando pensamos en \u00e9l, siempre nos preguntamos si existe alg\u00fan modelo que sea elegante, c\u00f3modo y que adem\u00e1s se adapte a nuestro look. [&hellip;]<!-- AddThis Advanced Settings generic via filter on get_the_excerpt --><!-- AddThis Share Buttons generic via filter on get_the_excerpt --><\/p>\n","protected":false},"author":6,"featured_media":29921,"comment_status":"closed","ping_status":"open","sticky":false,"template":"","format":"standard","meta":{"_acf_changed":false,"om_disable_all_campaigns":false,"_monsterinsights_skip_tracking":false,"_monsterinsights_sitenote_active":false,"_monsterinsights_sitenote_note":"","_monsterinsights_sitenote_category":0,"_uf_show_specific_survey":0,"_uf_disable_surveys":false,"footnotes":""},"categories":[30],"tags":[],"class_list":["post-29916","post","type-post","status-publish","format-standard","has-post-thumbnail","hentry","category-moda"],"acf":[],"aioseo_notices":[],"_links":{"self":[{"href":"https:\/\/www.lasrosas.com.ar\/portal\/wp-json\/wp\/v2\/posts\/29916","targetHints":{"allow":["GET"]}}],"collection":[{"href":"https:\/\/www.lasrosas.com.ar\/portal\/wp-json\/wp\/v2\/posts"}],"about":[{"href":"https:\/\/www.lasrosas.com.ar\/portal\/wp-json\/wp\/v2\/types\/post"}],"author":[{"embeddable":true,"href":"https:\/\/www.lasrosas.com.ar\/portal\/wp-json\/wp\/v2\/users\/6"}],"replies":[{"embeddable":true,"href":"https:\/\/www.lasrosas.com.ar\/portal\/wp-json\/wp\/v2\/comments?post=29916"}],"version-history":[{"count":0,"href":"https:\/\/www.lasrosas.com.ar\/portal\/wp-json\/wp\/v2\/posts\/29916\/revisions"}],"wp:featuredmedia":[{"embeddable":true,"href":"https:\/\/www.lasrosas.com.ar\/portal\/wp-json\/wp\/v2\/media\/29921"}],"wp:attachment":[{"href":"https:\/\/www.lasrosas.com.ar\/portal\/wp-json\/wp\/v2\/media?parent=29916"}],"wp:term":[{"taxonomy":"category","embeddable":true,"href":"https:\/\/www.lasrosas.com.ar\/portal\/wp-json\/wp\/v2\/categories?post=29916"},{"taxonomy":"post_tag","embeddable":true,"href":"https:\/\/www.lasrosas.com.ar\/portal\/wp-json\/wp\/v2\/tags?post=29916"}],"curies":[{"name":"wp","href":"https:\/\/api.w.org\/{rel}","templated":true}]}}