{"id":29868,"date":"2020-10-14T17:16:37","date_gmt":"2020-10-14T20:16:37","guid":{"rendered":"https:\/\/www.lasrosas.com.ar\/portal\/?p=29868"},"modified":"2020-10-14T17:16:37","modified_gmt":"2020-10-14T20:16:37","slug":"puma-lanza-su-coleccion-de-puma-con-amor-junto-a-cara-delevingne","status":"publish","type":"post","link":"https:\/\/www.lasrosas.com.ar\/portal\/puma-lanza-su-coleccion-de-puma-con-amor-junto-a-cara-delevingne\/","title":{"rendered":"PUMA LANZA SU COLECCI\u00d3N  DE PUMA CON AMOR JUNTO A CARA DELEVINGNE"},"content":{"rendered":"<p><em><strong>La compa\u00f1\u00eda mundial de deportes PUMA, promueve el amor y la unidad junto con su embajadora de marca y activista LGBTQ+, Cara Delevingne, con el lanzamiento del pack \u201cFrom PUMA with Love\u201d.<\/strong><\/em><\/p>\n<p>Este pack est\u00e1 creado para lucirlo con orgullo: colores vibrantes, dise\u00f1os de arcoiris y gr\u00e1ficos llamativos componen esta colecci\u00f3n \u00fanica. <strong>El 20% de las ganancias de la colecci\u00f3n a nivel global se donar\u00e1 a la Fundaci\u00f3n Cara Delevingne<\/strong>, un proyecto del Fondo Giving Back, en apoyo de organizaciones ben\u00e9ficas LGBTQ+, incluidas GLAAD, The Trevor Project y Mind Out.<\/p>\n<p><em>La voz activa de Cara como l\u00edder y miembro de la comunidad LGBTQ + la convirti\u00f3 en la socia perfecta para colaborar en este proyecto inspirado en el orgullo. Apoyarnos, hoy en d\u00eda, es m\u00e1s importante que nunca y, a trav\u00e9s de esta colecci\u00f3n, nos recuerda que siempre somos m\u00e1s fuertes juntos\u201d, coment\u00f3<\/em> Adam Petrick, Director Global de Marca y Marketing de PUMA<em>.<\/em><\/p>\n\r\n\t\t<style type='text\/css'>\r\n\t\t\t#gallery-1 {\r\n\t\t\t\tmargin: auto;\r\n\t\t\t}\r\n\t\t\t#gallery-1 .gallery-item {\r\n\t\t\t\tfloat: left;\r\n\t\t\t\tmargin-top: 10px;\r\n\t\t\t\ttext-align: center;\r\n\t\t\t\twidth: 50%;\r\n\t\t\t}\r\n\t\t\t#gallery-1 img {\r\n\t\t\t\tborder: 2px solid #cfcfcf;\r\n\t\t\t}\r\n\t\t\t#gallery-1 .gallery-caption {\r\n\t\t\t\tmargin-left: 0;\r\n\t\t\t}\r\n\t\t<\/style>\r\n\t\t<!-- see gallery_shortcode() in wp-includes\/media.php -->\n\t\t<div id='gallery-1' class='gallery galleryid-29868 gallery-columns-2 gallery-size-medium gallery1'><script type=\"text\/javascript\">\r\n\/\/ <![CDATA[\r\n\tjQuery(document).ready(function () {\r\n\t\tjQuery(\".gallery1 a\").attr(\"rel\",\"gallery1\");\t\r\n\t\tjQuery('a[rel=\"gallery1\"]').colorbox({maxWidth:\"95%\", maxHeight:\"95%\",title: function(){ return jQuery(this).children().attr(\"alt\"); }, });\r\n\t});\r\n\/\/ ]]>\r\n<\/script>\n<dl class=\"gallery-item\">\n<dt class=\"gallery-icon\">\r\n<a href=\"https:\/\/www.lasrosas.com.ar\/portal\/wp-content\/uploads\/Copia-de-20AW__SP_Pride_Cara-Delevingne_1822-1392x1920.jpg\" title=\"\" rel=\"gallery1\"><img decoding=\"async\" data-src=\"https:\/\/www.lasrosas.com.ar\/portal\/wp-content\/uploads\/Copia-de-20AW__SP_Pride_Cara-Delevingne_1822-696x960.jpg\" width=\"696\" height=\"960\" alt=\"\" src=\"data:image\/svg+xml;base64,PHN2ZyB3aWR0aD0iMSIgaGVpZ2h0PSIxIiB4bWxucz0iaHR0cDovL3d3dy53My5vcmcvMjAwMC9zdmciPjwvc3ZnPg==\" class=\"lazyload\" style=\"--smush-placeholder-width: 696px; --smush-placeholder-aspect-ratio: 696\/960;\" \/><\/a>\r\n<\/dt><\/dl><dl class=\"gallery-item\">\n<dt class=\"gallery-icon\">\r\n<a href=\"https:\/\/www.lasrosas.com.ar\/portal\/wp-content\/uploads\/Copia-de-20AW__SP_Pride_Cara-Delevingne_1824-1441x1920.jpg\" title=\"\" rel=\"gallery1\"><img decoding=\"async\" data-src=\"https:\/\/www.lasrosas.com.ar\/portal\/wp-content\/uploads\/Copia-de-20AW__SP_Pride_Cara-Delevingne_1824-720x960.jpg\" width=\"720\" height=\"960\" alt=\"\" src=\"data:image\/svg+xml;base64,PHN2ZyB3aWR0aD0iMSIgaGVpZ2h0PSIxIiB4bWxucz0iaHR0cDovL3d3dy53My5vcmcvMjAwMC9zdmciPjwvc3ZnPg==\" class=\"lazyload\" style=\"--smush-placeholder-width: 720px; --smush-placeholder-aspect-ratio: 720\/960;\" \/><\/a>\r\n<\/dt><\/dl><br style=\"clear: both\" \/><dl class=\"gallery-item\">\n<dt class=\"gallery-icon\">\r\n<a href=\"https:\/\/www.lasrosas.com.ar\/portal\/wp-content\/uploads\/Copia-de-20AW__SP_Pride_Cara-Delevingne_1825-1441x1920.jpg\" title=\"\" rel=\"gallery1\"><img decoding=\"async\" data-src=\"https:\/\/www.lasrosas.com.ar\/portal\/wp-content\/uploads\/Copia-de-20AW__SP_Pride_Cara-Delevingne_1825-720x960.jpg\" width=\"720\" height=\"960\" alt=\"\" src=\"data:image\/svg+xml;base64,PHN2ZyB3aWR0aD0iMSIgaGVpZ2h0PSIxIiB4bWxucz0iaHR0cDovL3d3dy53My5vcmcvMjAwMC9zdmciPjwvc3ZnPg==\" class=\"lazyload\" style=\"--smush-placeholder-width: 720px; --smush-placeholder-aspect-ratio: 720\/960;\" \/><\/a>\r\n<\/dt><\/dl><dl class=\"gallery-item\">\n<dt class=\"gallery-icon\">\r\n<a href=\"https:\/\/www.lasrosas.com.ar\/portal\/wp-content\/uploads\/Copia-de-20AW__SP_Pride_Cara-Delevingne_1826-1416x1920.jpg\" title=\"\" rel=\"gallery1\"><img decoding=\"async\" data-src=\"https:\/\/www.lasrosas.com.ar\/portal\/wp-content\/uploads\/Copia-de-20AW__SP_Pride_Cara-Delevingne_1826-708x960.jpg\" width=\"708\" height=\"960\" alt=\"\" src=\"data:image\/svg+xml;base64,PHN2ZyB3aWR0aD0iMSIgaGVpZ2h0PSIxIiB4bWxucz0iaHR0cDovL3d3dy53My5vcmcvMjAwMC9zdmciPjwvc3ZnPg==\" class=\"lazyload\" style=\"--smush-placeholder-width: 708px; --smush-placeholder-aspect-ratio: 708\/960;\" \/><\/a>\r\n<\/dt><\/dl><br style=\"clear: both\" \/>\r\n\t\t<\/div>\n\n<p><em>\u201cA trav\u00e9s de mi fundaci\u00f3n, espero poder hacer donaciones a organizaciones LGBTQ + de todo el mundo que est\u00e1n marcando una diferencia cada d\u00eda. La comunidad LGBTQ + merece ser celebrada y estoy muy agradecido de que PUMA se haya asociado conmigo para crear una colecci\u00f3n tan orgullosa\u201d, <\/em>a\u00f1adi\u00f3 Cara Delevingne. Esta colecci\u00f3n se encuentra disponible en las tiendas de PUMA del Shopping Abasto, Shopping Unicenter y Florida.<\/p>\n<!-- AddThis Advanced Settings generic via filter on the_content --><!-- AddThis Share Buttons generic via filter on the_content -->","protected":false},"excerpt":{"rendered":"<p>La compa\u00f1\u00eda mundial de deportes PUMA, promueve el amor y la unidad junto con su embajadora de marca y activista LGBTQ+, Cara Delevingne, con el lanzamiento del pack \u201cFrom PUMA with Love\u201d. Este pack est\u00e1 creado para lucirlo con orgullo: colores vibrantes, dise\u00f1os de arcoiris y gr\u00e1ficos llamativos componen esta colecci\u00f3n \u00fanica. El 20% de [&hellip;]<!-- AddThis Advanced Settings generic via filter on get_the_excerpt --><!-- AddThis Share Buttons generic via filter on get_the_excerpt --><\/p>\n","protected":false},"author":6,"featured_media":29873,"comment_status":"closed","ping_status":"open","sticky":false,"template":"","format":"standard","meta":{"_acf_changed":false,"om_disable_all_campaigns":false,"_monsterinsights_skip_tracking":false,"_monsterinsights_sitenote_active":false,"_monsterinsights_sitenote_note":"","_monsterinsights_sitenote_category":0,"_uf_show_specific_survey":0,"_uf_disable_surveys":false,"footnotes":""},"categories":[100,26],"tags":[],"class_list":["post-29868","post","type-post","status-publish","format-standard","has-post-thumbnail","hentry","category-noticias","category-negocios"],"acf":[],"aioseo_notices":[],"_links":{"self":[{"href":"https:\/\/www.lasrosas.com.ar\/portal\/wp-json\/wp\/v2\/posts\/29868","targetHints":{"allow":["GET"]}}],"collection":[{"href":"https:\/\/www.lasrosas.com.ar\/portal\/wp-json\/wp\/v2\/posts"}],"about":[{"href":"https:\/\/www.lasrosas.com.ar\/portal\/wp-json\/wp\/v2\/types\/post"}],"author":[{"embeddable":true,"href":"https:\/\/www.lasrosas.com.ar\/portal\/wp-json\/wp\/v2\/users\/6"}],"replies":[{"embeddable":true,"href":"https:\/\/www.lasrosas.com.ar\/portal\/wp-json\/wp\/v2\/comments?post=29868"}],"version-history":[{"count":0,"href":"https:\/\/www.lasrosas.com.ar\/portal\/wp-json\/wp\/v2\/posts\/29868\/revisions"}],"wp:featuredmedia":[{"embeddable":true,"href":"https:\/\/www.lasrosas.com.ar\/portal\/wp-json\/wp\/v2\/media\/29873"}],"wp:attachment":[{"href":"https:\/\/www.lasrosas.com.ar\/portal\/wp-json\/wp\/v2\/media?parent=29868"}],"wp:term":[{"taxonomy":"category","embeddable":true,"href":"https:\/\/www.lasrosas.com.ar\/portal\/wp-json\/wp\/v2\/categories?post=29868"},{"taxonomy":"post_tag","embeddable":true,"href":"https:\/\/www.lasrosas.com.ar\/portal\/wp-json\/wp\/v2\/tags?post=29868"}],"curies":[{"name":"wp","href":"https:\/\/api.w.org\/{rel}","templated":true}]}}