{"id":29709,"date":"2020-10-05T17:41:12","date_gmt":"2020-10-05T20:41:12","guid":{"rendered":"https:\/\/www.lasrosas.com.ar\/portal\/?p=29709"},"modified":"2020-10-05T17:41:12","modified_gmt":"2020-10-05T20:41:12","slug":"panni-margot-el-disenador-vanguardista-de-las-celebrities-que-hace-furor","status":"publish","type":"post","link":"https:\/\/www.lasrosas.com.ar\/portal\/panni-margot-el-disenador-vanguardista-de-las-celebrities-que-hace-furor\/","title":{"rendered":"PANNI MARGOT, EL DISE\u00d1ADOR VANGUARDISTA DE LAS CELEBRITIES QUE HACE FUROR"},"content":{"rendered":"<p><strong><em>Panni Margot\u00a0pisa cada vez m\u00e1s fuerte en el mundo de la moda. El dise\u00f1ador argentino de 33\u00a0a\u00f1os, oriundo de R\u00edo Gallegos, se convirti\u00f3 en poco tiempo, en uno de los nuevos dise\u00f1adores elegidos por\u00a0las celebrities.<\/em><\/strong><\/p>\n<p>Con un estilo muy particular inspirado en la cultura japonesa,\u00a0<strong>Panni\u00a0<\/strong>supo instalarse r\u00e1pidamente como uno de los referentes\u00a0j\u00f3venes de la moda argentina imponiendo su impronta vanguardista que tanto lo caracteriza.<\/p>\n<p>Muchas figuras lucieron\u00a0sus dise\u00f1os a lo largo de su corta pero intensa carrera.\u00a0Entre ellas:\u00a0<strong>Natalie P\u00e9rez, Ale Sergi, Moria Cas\u00e1n, Pepe Cibri\u00e1n Charlotte Cannigia, Rombai, Cristina Perez, Claribel Medina, Caro Ibarra, Agust\u00edn Bernasconi, Anam\u00e1 Ferreira, Maggie Bravi, In\u00e9s Palombo, Laura Fidalgo, Virignia Da Cunha<\/strong>, entre muchas otras.<\/p>\n<p>Arraigado por sus propias experiencias, sus colecciones tienen un mensaje que surge de situaciones vividas que el dise\u00f1ador expresa a trav\u00e9s de la ropa. Su primera colecci\u00f3n se llam\u00f3 \u00ab<strong>Primero<\/strong>\u00bb en japon\u00e9s y se caracteriz\u00f3 por la mezcla cultural. Su segunda colecci\u00f3n: \u00ab<strong>Armadura<\/strong>\u00ab, -tambi\u00e9n en japon\u00e9s- opt\u00f3 por siluetas overzised y estructuradas. Ah\u00ed surgi\u00f3 la idea de usar barbijos, algo muy com\u00fan en la cultura asi\u00e1tica de la que el dise\u00f1ador es un apasionado.<\/p>\n<p><strong>Panni\u00a0<\/strong>abandon\u00f3 cuarto a\u00f1o de Medicina para dedicarse de lleno a su gran pasi\u00f3n: la moda. Estudi\u00f3 carrera de Dise\u00f1o de Moda en al Universidad de Palermo y al poco tiempo exhibi\u00f3 su primera colecci\u00f3n en el marco del \u00ab<strong>Argentina Fashion Week<\/strong>\u00ab, mientras que la segunda fue en el \u00ab<strong>Latino Fashion Week<\/strong>\u00bb en Chicago, uno de los eventos m\u00e1s importantes del mundo de la moda que convoca a dise\u00f1adores destacados de Latinoam\u00e9rica.<\/p>\n\r\n\t\t<style type='text\/css'>\r\n\t\t\t#gallery-1 {\r\n\t\t\t\tmargin: auto;\r\n\t\t\t}\r\n\t\t\t#gallery-1 .gallery-item {\r\n\t\t\t\tfloat: left;\r\n\t\t\t\tmargin-top: 10px;\r\n\t\t\t\ttext-align: center;\r\n\t\t\t\twidth: 50%;\r\n\t\t\t}\r\n\t\t\t#gallery-1 img {\r\n\t\t\t\tborder: 2px solid #cfcfcf;\r\n\t\t\t}\r\n\t\t\t#gallery-1 .gallery-caption {\r\n\t\t\t\tmargin-left: 0;\r\n\t\t\t}\r\n\t\t<\/style>\r\n\t\t<!-- see gallery_shortcode() in wp-includes\/media.php -->\n\t\t<div id='gallery-1' class='gallery galleryid-29709 gallery-columns-2 gallery-size-medium gallery1'><script type=\"text\/javascript\">\r\n\/\/ <![CDATA[\r\n\tjQuery(document).ready(function () {\r\n\t\tjQuery(\".gallery1 a\").attr(\"rel\",\"gallery1\");\t\r\n\t\tjQuery('a[rel=\"gallery1\"]').colorbox({maxWidth:\"95%\", maxHeight:\"95%\",title: function(){ return jQuery(this).children().attr(\"alt\"); }, });\r\n\t});\r\n\/\/ ]]>\r\n<\/script>\n<dl class=\"gallery-item\">\n<dt class=\"gallery-icon\">\r\n<a href=\"https:\/\/www.lasrosas.com.ar\/portal\/wp-content\/uploads\/unnamed-28-1.jpg\" title=\"\" rel=\"gallery1\"><img decoding=\"async\" data-src=\"https:\/\/www.lasrosas.com.ar\/portal\/wp-content\/uploads\/unnamed-28-1-785x960.jpg\" width=\"785\" height=\"960\" alt=\"\" src=\"data:image\/svg+xml;base64,PHN2ZyB3aWR0aD0iMSIgaGVpZ2h0PSIxIiB4bWxucz0iaHR0cDovL3d3dy53My5vcmcvMjAwMC9zdmciPjwvc3ZnPg==\" class=\"lazyload\" style=\"--smush-placeholder-width: 785px; --smush-placeholder-aspect-ratio: 785\/960;\" \/><\/a>\r\n<\/dt><\/dl><dl class=\"gallery-item\">\n<dt class=\"gallery-icon\">\r\n<a href=\"https:\/\/www.lasrosas.com.ar\/portal\/wp-content\/uploads\/unnamed-27-1.jpg\" title=\"\" rel=\"gallery1\"><img decoding=\"async\" data-src=\"https:\/\/www.lasrosas.com.ar\/portal\/wp-content\/uploads\/unnamed-27-1-799x960.jpg\" width=\"799\" height=\"960\" alt=\"\" src=\"data:image\/svg+xml;base64,PHN2ZyB3aWR0aD0iMSIgaGVpZ2h0PSIxIiB4bWxucz0iaHR0cDovL3d3dy53My5vcmcvMjAwMC9zdmciPjwvc3ZnPg==\" class=\"lazyload\" style=\"--smush-placeholder-width: 799px; --smush-placeholder-aspect-ratio: 799\/960;\" \/><\/a>\r\n<\/dt><\/dl><br style=\"clear: both\" \/><dl class=\"gallery-item\">\n<dt class=\"gallery-icon\">\r\n<a href=\"https:\/\/www.lasrosas.com.ar\/portal\/wp-content\/uploads\/unnamed-26-1.jpg\" title=\"\" rel=\"gallery1\"><img decoding=\"async\" data-src=\"https:\/\/www.lasrosas.com.ar\/portal\/wp-content\/uploads\/unnamed-26-1-783x960.jpg\" width=\"783\" height=\"960\" alt=\"\" src=\"data:image\/svg+xml;base64,PHN2ZyB3aWR0aD0iMSIgaGVpZ2h0PSIxIiB4bWxucz0iaHR0cDovL3d3dy53My5vcmcvMjAwMC9zdmciPjwvc3ZnPg==\" class=\"lazyload\" style=\"--smush-placeholder-width: 783px; --smush-placeholder-aspect-ratio: 783\/960;\" \/><\/a>\r\n<\/dt><\/dl><dl class=\"gallery-item\">\n<dt class=\"gallery-icon\">\r\n<a href=\"https:\/\/www.lasrosas.com.ar\/portal\/wp-content\/uploads\/unnamed-25-1.jpg\" title=\"\" rel=\"gallery1\"><img decoding=\"async\" data-src=\"https:\/\/www.lasrosas.com.ar\/portal\/wp-content\/uploads\/unnamed-25-1-785x960.jpg\" width=\"785\" height=\"960\" alt=\"\" src=\"data:image\/svg+xml;base64,PHN2ZyB3aWR0aD0iMSIgaGVpZ2h0PSIxIiB4bWxucz0iaHR0cDovL3d3dy53My5vcmcvMjAwMC9zdmciPjwvc3ZnPg==\" class=\"lazyload\" style=\"--smush-placeholder-width: 785px; --smush-placeholder-aspect-ratio: 785\/960;\" \/><\/a>\r\n<\/dt><\/dl><br style=\"clear: both\" \/>\r\n\t\t<\/div>\n\n<p>Como si fuera poco, con el reconocimiento de sus colegas, inaugur\u00f3 su local de ropa en pleno coraz\u00f3n de Recoleta. Luego present\u00f3 su tercera colecci\u00f3n inspiradas en las \u00ab<strong>Cicatrices<\/strong>\u00ab, que no tienen porqu\u00e9 ser negativas, sino que se las puede tomar como algo que nos fortalece. Presentada en el Jard\u00edn Japon\u00e9s, siendo el \u00fanico dise\u00f1ador en haber presentado una colecci\u00f3n ah\u00ed 20 a\u00f1os despu\u00e9s de Jorge Ib\u00e1\u00f1ez. Su cuarta colecci\u00f3n habl\u00f3 sobre \u201c<strong>Florecer<\/strong>\u00ab, donde agreg\u00f3 mas colores, texturas, bordados y toc\u00f3 el piano ante todo el p\u00fablico en el Sal\u00f3n Oval del Hip\u00f3dromo de Palermo.<\/p>\n<p>Mientras disfruta de su gran presente, prepara su pr\u00f3xima colecci\u00f3n que hablar\u00e1 de \u201c<strong>Volar<\/strong>\u00ab, donde empuja a todos a animarse a m\u00e1s y llegar siempre mas lejos . Sin dudas,\u00a0como todas las que llevan su sello, dar\u00e1 que hablar.<\/p>\n<!-- AddThis Advanced Settings generic via filter on the_content --><!-- AddThis Share Buttons generic via filter on the_content -->","protected":false},"excerpt":{"rendered":"<p>Panni Margot\u00a0pisa cada vez m\u00e1s fuerte en el mundo de la moda. El dise\u00f1ador argentino de 33\u00a0a\u00f1os, oriundo de R\u00edo Gallegos, se convirti\u00f3 en poco tiempo, en uno de los nuevos dise\u00f1adores elegidos por\u00a0las celebrities. Con un estilo muy particular inspirado en la cultura japonesa,\u00a0Panni\u00a0supo instalarse r\u00e1pidamente como uno de los referentes\u00a0j\u00f3venes de la moda [&hellip;]<!-- AddThis Advanced Settings generic via filter on get_the_excerpt --><!-- AddThis Share Buttons generic via filter on get_the_excerpt --><\/p>\n","protected":false},"author":6,"featured_media":29714,"comment_status":"closed","ping_status":"open","sticky":false,"template":"","format":"standard","meta":{"_acf_changed":false,"om_disable_all_campaigns":false,"_monsterinsights_skip_tracking":false,"_monsterinsights_sitenote_active":false,"_monsterinsights_sitenote_note":"","_monsterinsights_sitenote_category":0,"_uf_show_specific_survey":0,"_uf_disable_surveys":false,"footnotes":""},"categories":[100],"tags":[],"class_list":["post-29709","post","type-post","status-publish","format-standard","has-post-thumbnail","hentry","category-noticias"],"acf":[],"aioseo_notices":[],"_links":{"self":[{"href":"https:\/\/www.lasrosas.com.ar\/portal\/wp-json\/wp\/v2\/posts\/29709","targetHints":{"allow":["GET"]}}],"collection":[{"href":"https:\/\/www.lasrosas.com.ar\/portal\/wp-json\/wp\/v2\/posts"}],"about":[{"href":"https:\/\/www.lasrosas.com.ar\/portal\/wp-json\/wp\/v2\/types\/post"}],"author":[{"embeddable":true,"href":"https:\/\/www.lasrosas.com.ar\/portal\/wp-json\/wp\/v2\/users\/6"}],"replies":[{"embeddable":true,"href":"https:\/\/www.lasrosas.com.ar\/portal\/wp-json\/wp\/v2\/comments?post=29709"}],"version-history":[{"count":0,"href":"https:\/\/www.lasrosas.com.ar\/portal\/wp-json\/wp\/v2\/posts\/29709\/revisions"}],"wp:featuredmedia":[{"embeddable":true,"href":"https:\/\/www.lasrosas.com.ar\/portal\/wp-json\/wp\/v2\/media\/29714"}],"wp:attachment":[{"href":"https:\/\/www.lasrosas.com.ar\/portal\/wp-json\/wp\/v2\/media?parent=29709"}],"wp:term":[{"taxonomy":"category","embeddable":true,"href":"https:\/\/www.lasrosas.com.ar\/portal\/wp-json\/wp\/v2\/categories?post=29709"},{"taxonomy":"post_tag","embeddable":true,"href":"https:\/\/www.lasrosas.com.ar\/portal\/wp-json\/wp\/v2\/tags?post=29709"}],"curies":[{"name":"wp","href":"https:\/\/api.w.org\/{rel}","templated":true}]}}