{"id":29621,"date":"2020-10-01T18:38:54","date_gmt":"2020-10-01T21:38:54","guid":{"rendered":"https:\/\/www.lasrosas.com.ar\/portal\/?p=29621"},"modified":"2020-10-01T16:29:45","modified_gmt":"2020-10-01T19:29:45","slug":"liz-solari-2","status":"publish","type":"post","link":"https:\/\/www.lasrosas.com.ar\/portal\/liz-solari-2\/","title":{"rendered":"LIZ SOLARI"},"content":{"rendered":"<p style=\"margin: 0cm; margin-bottom: .0001pt; text-align: right;\" align=\"right\">Producci\u00f3n: Ash Mateu para Inside Studios. @ashmateu @inside_studios<\/p>\n<p style=\"margin: 0cm; margin-bottom: .0001pt; text-align: right; font-stretch: normal;\" align=\"right\">Foto: Cristian Welcomme. @criswelcomme<\/p>\n<p style=\"margin: 0cm; margin-bottom: .0001pt; text-align: right; font-stretch: normal;\" align=\"right\">Estilismo: Alma Sasson para Inside Studios. @almasasson @inside_studios<\/p>\n<p style=\"margin: 0cm; margin-bottom: .0001pt; text-align: right; font-stretch: normal;\" align=\"right\">Makeup: Riki Valles. @rikivalles<\/p>\n<p style=\"margin: 0cm; margin-bottom: .0001pt; text-align: right; font-stretch: normal;\" align=\"right\">Hair: Nacho Lopez Fagalde para Vardo Management con productos Kerastase.<\/p>\n<p style=\"margin: 0cm; margin-bottom: .0001pt; text-align: right; font-stretch: normal;\" align=\"right\">@nacholopezfagalde @vardomanagement<\/p>\n<p style=\"margin: 0cm; margin-bottom: .0001pt; text-align: right; font-stretch: normal;\" align=\"right\">Backstage: @superchinii<\/p>\n<p><em><strong>Aut\u00e9ntica como pocas, con un esp\u00edritu colmado de amor, aprendizaje y ganas de evolucionar desde adentro, hacia afuera. Es una referente de la meditaci\u00f3n, activista por los derechos de los animales, modelo, actriz, conductora y escritora. La define su firmeza, su sonrisa sincera y la naturalidad con la que deja su huella en distintas partes del mundo. Nuestra COVER PROFILE tiene mucho que ense\u00f1arnos. Con ustedes: Liz Solari.<\/strong><\/em><\/p>\n<p><strong>Hace dos a\u00f1os sacaste, junto a Cher Chevalier, el libro \u201cMeditaciones para un viaje interior\u201d \u00bfEn que se inspiraron para crear esta obra?\u00a0 <\/strong><\/p>\n<p>Es un libro inspirado por Dios por eso su contenido es \u00fanico y poderoso. Mi maestra fue inspirada a escribir sobre estas meditaciones y yo fui inspirada e invitada a colaborar para la co-creacion del libro en ingl\u00e9s y espa\u00f1ol para que llegue a Latino Am\u00e9rica. Contiene 36 meditaciones guiadas de 5 minutos y se puede descargar y escuchar en tu tel\u00e9fono. Ambas compartimos un profundo respeto por la pr\u00e1ctica de la meditaci\u00f3n y es nuestro deseo compartirlo con el mundo. Es un libro que tiene el poder de guiar a las almas en su camino evolutivo, porque cada una de las meditaciones trabaja con cualidades espec\u00edficas que debemos desarrollar a lo largo de nuestra evoluci\u00f3n.<\/p>\n<p><strong>\u00bfFue tu experiencia interior quien te llev\u00f3 a escribir?<\/strong><\/p>\n<p>El libro lo co-creamos luego de 8 a\u00f1os que yo hab\u00eda sido iniciada en el camino de la meditaci\u00f3n por mi maestra y requiri\u00f3 un tiempo importante para conocer verdaderamente qu\u00e9 es la meditaci\u00f3n y entender lo esencial que es la meditaci\u00f3n en el desarrollo del ser en la evoluci\u00f3n del ser humano.<\/p>\n\r\n\t\t<style type='text\/css'>\r\n\t\t\t#gallery-1 {\r\n\t\t\t\tmargin: auto;\r\n\t\t\t}\r\n\t\t\t#gallery-1 .gallery-item {\r\n\t\t\t\tfloat: left;\r\n\t\t\t\tmargin-top: 10px;\r\n\t\t\t\ttext-align: center;\r\n\t\t\t\twidth: 50%;\r\n\t\t\t}\r\n\t\t\t#gallery-1 img {\r\n\t\t\t\tborder: 2px solid #cfcfcf;\r\n\t\t\t}\r\n\t\t\t#gallery-1 .gallery-caption {\r\n\t\t\t\tmargin-left: 0;\r\n\t\t\t}\r\n\t\t<\/style>\r\n\t\t<!-- see gallery_shortcode() in wp-includes\/media.php -->\n\t\t<div id='gallery-1' class='gallery galleryid-29621 gallery-columns-2 gallery-size-medium gallery1'><script type=\"text\/javascript\">\r\n\/\/ <![CDATA[\r\n\tjQuery(document).ready(function () {\r\n\t\tjQuery(\".gallery1 a\").attr(\"rel\",\"gallery1\");\t\r\n\t\tjQuery('a[rel=\"gallery1\"]').colorbox({maxWidth:\"95%\", maxHeight:\"95%\",title: function(){ return jQuery(this).children().attr(\"alt\"); }, });\r\n\t});\r\n\/\/ ]]>\r\n<\/script>\n<dl class=\"gallery-item\">\n<dt class=\"gallery-icon\">\r\n<a href=\"https:\/\/www.lasrosas.com.ar\/portal\/wp-content\/uploads\/liz421268-1278x1920.jpg\" title=\"\" rel=\"gallery1\"><img decoding=\"async\" data-src=\"https:\/\/www.lasrosas.com.ar\/portal\/wp-content\/uploads\/liz421268-639x960.jpg\" width=\"639\" height=\"960\" alt=\"\" src=\"data:image\/svg+xml;base64,PHN2ZyB3aWR0aD0iMSIgaGVpZ2h0PSIxIiB4bWxucz0iaHR0cDovL3d3dy53My5vcmcvMjAwMC9zdmciPjwvc3ZnPg==\" class=\"lazyload\" style=\"--smush-placeholder-width: 639px; --smush-placeholder-aspect-ratio: 639\/960;\" \/><\/a>\r\n<\/dt><\/dl><dl class=\"gallery-item\">\n<dt class=\"gallery-icon\">\r\n<a href=\"https:\/\/www.lasrosas.com.ar\/portal\/wp-content\/uploads\/liz421501-1278x1920.jpg\" title=\"\" rel=\"gallery1\"><img decoding=\"async\" data-src=\"https:\/\/www.lasrosas.com.ar\/portal\/wp-content\/uploads\/liz421501-639x960.jpg\" width=\"639\" height=\"960\" alt=\"\" src=\"data:image\/svg+xml;base64,PHN2ZyB3aWR0aD0iMSIgaGVpZ2h0PSIxIiB4bWxucz0iaHR0cDovL3d3dy53My5vcmcvMjAwMC9zdmciPjwvc3ZnPg==\" class=\"lazyload\" style=\"--smush-placeholder-width: 639px; --smush-placeholder-aspect-ratio: 639\/960;\" \/><\/a>\r\n<\/dt><\/dl><br style=\"clear: both\" \/>\r\n\t\t<\/div>\n\n<blockquote><p><strong><em>\u201cMeditaciones para un viaje interior es un libro que tiene el poder de guiar a las almas en su camino evolutivo\u201d.<\/em><\/strong><\/p><\/blockquote>\n<p><strong>Estudiaste arte y drama en el exterior \u00bfQu\u00e9 sent\u00eds que encontraste en ese viaje?<\/strong><\/p>\n<p>Si, hace 10 a\u00f1os me fui a Inglaterra, me instale en Londres, fue un llamado interno y fue muy importante porque cambio el destino de mi vida. En Londres empec\u00e9 a estudiar actuaci\u00f3n en dos de las escuelas de las m\u00e1s importantes y a los meses me encontr\u00e9 con mi maestra espiritual. Estuve un poco m\u00e1s de un a\u00f1o en Londres y fue el \u00fanico a\u00f1o en mi vida que literalmente par\u00e9 de trabajar, par\u00e9 para ir hacia adentro y encontr\u00e9 cosas maravillosas, sin dudas fue uno de los a\u00f1os que m\u00e1s me marco en mi vida. Tambi\u00e9n descubr\u00ed que me gustaba el mundo del drama del arte, la actuaci\u00f3n. Me aboque a profundizar el tiempo libre a expandir mi aprendizaje, mi conciencia, fue verdaderamente enriquecedor.<\/p>\n<p><strong>En una nota expresaste tu respeto por la vida de todos los animales \u00bfCu\u00e1ndo hiciste el clic y te adentraste al mundo vegano? <\/strong><\/p>\n<p>Cuando empec\u00e9 mi camino espiritual mi maestra me hablaba sobre la importancia del ser inofensivo y me llevo un tiempo darme cuenta porqu\u00e9 es tan importante cuando uno quiere caminar la vida de forma inofensiva. Porque no nos damos cuenta que con nuestras elecciones diarias de lo que pensamos, decimos, hacemos, consumimos, c\u00f3mo eso tiene una consecuencia sobre otros seres con los que convivimos en la tierra. Mi primer clic fue el de la comida. Trabajar en un medio audiovisual como estoy haciendo con el documental <em>\u201cCinco corazones\u201d<\/em> que expone la crueldad la explotaci\u00f3n y los negocios fraudulentos que hay detr\u00e1s de la venta fano equina, de la sangr\u00eda de yeguas. Lo hago porque s\u00e9 que puede cambiar la vida de otras personas. Estoy segura de que esto es lo que necesita el mundo.<\/p>\n\r\n\t\t<style type='text\/css'>\r\n\t\t\t#gallery-2 {\r\n\t\t\t\tmargin: auto;\r\n\t\t\t}\r\n\t\t\t#gallery-2 .gallery-item {\r\n\t\t\t\tfloat: left;\r\n\t\t\t\tmargin-top: 10px;\r\n\t\t\t\ttext-align: center;\r\n\t\t\t\twidth: 33%;\r\n\t\t\t}\r\n\t\t\t#gallery-2 img {\r\n\t\t\t\tborder: 2px solid #cfcfcf;\r\n\t\t\t}\r\n\t\t\t#gallery-2 .gallery-caption {\r\n\t\t\t\tmargin-left: 0;\r\n\t\t\t}\r\n\t\t<\/style>\r\n\t\t<!-- see gallery_shortcode() in wp-includes\/media.php -->\n\t\t<div id='gallery-2' class='gallery galleryid-29621 gallery-columns-3 gallery-size-medium gallery1'><script type=\"text\/javascript\">\r\n\/\/ <![CDATA[\r\n\tjQuery(document).ready(function () {\r\n\t\tjQuery(\".gallery1 a\").attr(\"rel\",\"gallery1\");\t\r\n\t\tjQuery('a[rel=\"gallery1\"]').colorbox({maxWidth:\"95%\", maxHeight:\"95%\",title: function(){ return jQuery(this).children().attr(\"alt\"); }, });\r\n\t});\r\n\/\/ ]]>\r\n<\/script>\n<dl class=\"gallery-item\">\n<dt class=\"gallery-icon\">\r\n<a href=\"https:\/\/www.lasrosas.com.ar\/portal\/wp-content\/uploads\/liz421411-1278x1920.jpg\" title=\"\" rel=\"gallery1\"><img decoding=\"async\" data-src=\"https:\/\/www.lasrosas.com.ar\/portal\/wp-content\/uploads\/liz421411-639x960.jpg\" width=\"639\" height=\"960\" alt=\"\" src=\"data:image\/svg+xml;base64,PHN2ZyB3aWR0aD0iMSIgaGVpZ2h0PSIxIiB4bWxucz0iaHR0cDovL3d3dy53My5vcmcvMjAwMC9zdmciPjwvc3ZnPg==\" class=\"lazyload\" style=\"--smush-placeholder-width: 639px; --smush-placeholder-aspect-ratio: 639\/960;\" \/><\/a>\r\n<\/dt><\/dl><dl class=\"gallery-item\">\n<dt class=\"gallery-icon\">\r\n<a href=\"https:\/\/www.lasrosas.com.ar\/portal\/wp-content\/uploads\/liz421421-1278x1920.jpg\" title=\"\" rel=\"gallery1\"><img decoding=\"async\" data-src=\"https:\/\/www.lasrosas.com.ar\/portal\/wp-content\/uploads\/liz421421-639x960.jpg\" width=\"639\" height=\"960\" alt=\"\" src=\"data:image\/svg+xml;base64,PHN2ZyB3aWR0aD0iMSIgaGVpZ2h0PSIxIiB4bWxucz0iaHR0cDovL3d3dy53My5vcmcvMjAwMC9zdmciPjwvc3ZnPg==\" class=\"lazyload\" style=\"--smush-placeholder-width: 639px; --smush-placeholder-aspect-ratio: 639\/960;\" \/><\/a>\r\n<\/dt><\/dl><dl class=\"gallery-item\">\n<dt class=\"gallery-icon\">\r\n<a href=\"https:\/\/www.lasrosas.com.ar\/portal\/wp-content\/uploads\/liz421428-1278x1920.jpg\" title=\"\" rel=\"gallery1\"><img decoding=\"async\" data-src=\"https:\/\/www.lasrosas.com.ar\/portal\/wp-content\/uploads\/liz421428-639x960.jpg\" width=\"639\" height=\"960\" alt=\"\" src=\"data:image\/svg+xml;base64,PHN2ZyB3aWR0aD0iMSIgaGVpZ2h0PSIxIiB4bWxucz0iaHR0cDovL3d3dy53My5vcmcvMjAwMC9zdmciPjwvc3ZnPg==\" class=\"lazyload\" style=\"--smush-placeholder-width: 639px; --smush-placeholder-aspect-ratio: 639\/960;\" \/><\/a>\r\n<\/dt><\/dl><br style=\"clear: both\" \/>\r\n\t\t<\/div>\n\n<blockquote><p><strong><em>\u201cEstuve un poco m\u00e1s de un a\u00f1o en Londres y fue el \u00fanico a\u00f1o en mi vida que literalmente par\u00e9 de trabajar, par\u00e9 para ir hacia adentro y encontr\u00e9 cosas maravillosas, sin dudas fue uno de los a\u00f1os que m\u00e1s me marco en mi vida\u201d.<\/em><\/strong><\/p><\/blockquote>\n<p><strong>\u00bfSent\u00eds que las redes ayudan a concientizar sobre el activismo animal? <\/strong><\/p>\n<p>Las redes sociales tienen dos caras. La positiva es lo poderoso que es poder tener un mensaje, seguidores y aliarte con otras personas para que tu mensaje tenga un impacto social. Por eso es tan importante lo que comunicamos y c\u00f3mo la usamos. Ah\u00ed est\u00e1 la elecci\u00f3n de todos los d\u00edas y mi elecci\u00f3n es usar mi plataforma y voz para hacer el bien, proteger a los m\u00e1s indefensos como los ni\u00f1os y animales que hoy est\u00e1n sufriendo un holocausto animal horroroso, por eso convoco a que m\u00e1s figuras p\u00fablicas usen sus plataformas para concientizar.<\/p>\n<p><strong>La meditaci\u00f3n es una forma de vida \u00bfA vos en que te ayuda? \u00bfQu\u00e9 destacas de este aprendizaje espiritual? <\/strong><\/p>\n<p>La meditaci\u00f3n es el camino para encontrar a Dios y unirte. O como cada uno lo quiera llamar. Para auto conocerte y auto conocernos es fundamental para saber qui\u00e9nes somos y entender que vinimos a hacer, cu\u00e1l es nuestro prop\u00f3sito en esta vida y poder hacerlo. Destaco la transformaci\u00f3n de las personas que deciden hacerlo, es como florecer. Uno empieza a encausarse y esto trae alegr\u00eda, satisfacci\u00f3n, desaf\u00edos.<\/p>\n<p><strong>\u00bfQu\u00e9 te permiti\u00f3 transitar tu carrera? <\/strong><\/p>\n<p>Ser artista es florecer, permitirte que tu profesi\u00f3n sea un juego, una introspecci\u00f3n, expresar, desarrollar mi capacidad creativa, estar en contacto con mi ni\u00f1a interior. Es maravillosa, no se detiene en actuar, es cantar, escribir, bailar, es co-crear con otros. Para mi es una bendici\u00f3n hacer este trabajo.<\/p>\n<p><strong>Incursionaste en distintos roles \u00bfQu\u00e9 rol te queda pendiente experimentar?<\/strong><\/p>\n<p>Hoy tengo ganas de contar historias que realmente me inspiren, que inspiren a otros, que cuenten verdades, me gustan las historias reales, las verdades universales porque considero que enriquecen a la raza humana. Me gusta el drama y la comedia, tengo fascinaci\u00f3n por el cine pero las series son un formato que est\u00e1n saliendo y mucho y espero que lleguen a m\u00ed este tipo de proyectos.<\/p>\n<p><strong>\u00bfQu\u00e9 signific\u00f3 \u201cThe Last man\u201d en tu vida?<\/strong><\/p>\n<p>Es una experiencia cinematogr\u00e1fica \u00fanica e inmemorable por el hecho que trabaje junto a Harvey Keitel, el hecho de decir con este monstruo estuve parada, hablando, aprendiendo de \u00e9l, compartiendo con Hayden Christensen y poder contar esa historia apocal\u00edptica que se anim\u00f3 a trabajar durante tantos a\u00f1os Rodrigo Vila.<\/p>\n<p><strong>Una vez dijiste que cuando act\u00faas sent\u00eds que est\u00e1s jugando \u00bfA qu\u00e9 jugas? \u00bfC\u00f3mo te sent\u00eds mientras lo haces?<\/strong><\/p>\n<p>Para crear mis personajes juego en un marco guiado por t\u00e9cnicas que fui desarrollando como actriz que estimulan mis sentidos, emociones, abren un espacio donde hasta la mente se tiene que correr para que surjan expresiones nuevas. La sensaci\u00f3n var\u00eda, depende de varias cosas, de c\u00f3mo estoy yo, del contexto, pero cuando las cosas fluyen y estoy actuando hay una sensaci\u00f3n de adrenalina por el riesgo y la exposici\u00f3n frente a todas las personas que est\u00e1n ah\u00ed mirando y las que van a mirar. Es una experiencia meditativa.<\/p>\n\r\n\t\t<style type='text\/css'>\r\n\t\t\t#gallery-3 {\r\n\t\t\t\tmargin: auto;\r\n\t\t\t}\r\n\t\t\t#gallery-3 .gallery-item {\r\n\t\t\t\tfloat: left;\r\n\t\t\t\tmargin-top: 10px;\r\n\t\t\t\ttext-align: center;\r\n\t\t\t\twidth: 33%;\r\n\t\t\t}\r\n\t\t\t#gallery-3 img {\r\n\t\t\t\tborder: 2px solid #cfcfcf;\r\n\t\t\t}\r\n\t\t\t#gallery-3 .gallery-caption {\r\n\t\t\t\tmargin-left: 0;\r\n\t\t\t}\r\n\t\t<\/style>\r\n\t\t<!-- see gallery_shortcode() in wp-includes\/media.php -->\n\t\t<div id='gallery-3' class='gallery galleryid-29621 gallery-columns-3 gallery-size-medium gallery1'><script type=\"text\/javascript\">\r\n\/\/ <![CDATA[\r\n\tjQuery(document).ready(function () {\r\n\t\tjQuery(\".gallery1 a\").attr(\"rel\",\"gallery1\");\t\r\n\t\tjQuery('a[rel=\"gallery1\"]').colorbox({maxWidth:\"95%\", maxHeight:\"95%\",title: function(){ return jQuery(this).children().attr(\"alt\"); }, });\r\n\t});\r\n\/\/ ]]>\r\n<\/script>\n<dl class=\"gallery-item\">\n<dt class=\"gallery-icon\">\r\n<a href=\"https:\/\/www.lasrosas.com.ar\/portal\/wp-content\/uploads\/liz421165-1278x1920.jpg\" title=\"\" rel=\"gallery1\"><img decoding=\"async\" data-src=\"https:\/\/www.lasrosas.com.ar\/portal\/wp-content\/uploads\/liz421165-639x960.jpg\" width=\"639\" height=\"960\" alt=\"\" src=\"data:image\/svg+xml;base64,PHN2ZyB3aWR0aD0iMSIgaGVpZ2h0PSIxIiB4bWxucz0iaHR0cDovL3d3dy53My5vcmcvMjAwMC9zdmciPjwvc3ZnPg==\" class=\"lazyload\" style=\"--smush-placeholder-width: 639px; --smush-placeholder-aspect-ratio: 639\/960;\" \/><\/a>\r\n<\/dt><\/dl><dl class=\"gallery-item\">\n<dt class=\"gallery-icon\">\r\n<a href=\"https:\/\/www.lasrosas.com.ar\/portal\/wp-content\/uploads\/liz421225-1278x1920.jpg\" title=\"\" rel=\"gallery1\"><img decoding=\"async\" data-src=\"https:\/\/www.lasrosas.com.ar\/portal\/wp-content\/uploads\/liz421225-639x960.jpg\" width=\"639\" height=\"960\" alt=\"\" src=\"data:image\/svg+xml;base64,PHN2ZyB3aWR0aD0iMSIgaGVpZ2h0PSIxIiB4bWxucz0iaHR0cDovL3d3dy53My5vcmcvMjAwMC9zdmciPjwvc3ZnPg==\" class=\"lazyload\" style=\"--smush-placeholder-width: 639px; --smush-placeholder-aspect-ratio: 639\/960;\" \/><\/a>\r\n<\/dt><\/dl><dl class=\"gallery-item\">\n<dt class=\"gallery-icon\">\r\n<a href=\"https:\/\/www.lasrosas.com.ar\/portal\/wp-content\/uploads\/liz421258-1278x1920.jpg\" title=\"\" rel=\"gallery1\"><img decoding=\"async\" data-src=\"https:\/\/www.lasrosas.com.ar\/portal\/wp-content\/uploads\/liz421258-639x960.jpg\" width=\"639\" height=\"960\" alt=\"\" src=\"data:image\/svg+xml;base64,PHN2ZyB3aWR0aD0iMSIgaGVpZ2h0PSIxIiB4bWxucz0iaHR0cDovL3d3dy53My5vcmcvMjAwMC9zdmciPjwvc3ZnPg==\" class=\"lazyload\" style=\"--smush-placeholder-width: 639px; --smush-placeholder-aspect-ratio: 639\/960;\" \/><\/a>\r\n<\/dt><\/dl><br style=\"clear: both\" \/>\r\n\t\t<\/div>\n\n<blockquote><p><strong><em>\u201cLas redes sociales tienen dos caras.<\/em> <em>Mi elecci\u00f3n es usar mi plataforma y voz para hacer el bien (..) por eso convoco a que m\u00e1s figuras p\u00fablicas usen sus plataformas para concientizar\u201d<\/em><\/strong><\/p><\/blockquote>\n<p><strong>\u00bfDe qu\u00e9 se trata \u201cCinco corazones\u201d?<\/strong><\/p>\n<p>Lanzamos el documental <em>\u201ccinco corazones\u201d<\/em> a nivel mundial. Soy la voz del documental que est\u00e1 dirigido por Mart\u00edn Parlato, es un documental poderoso, desgarrador y necesario para este momento que estamos viviendo. Es necesario que la humanidad vea la realidad y que entiendan que es lo que est\u00e1 pasando y porqu\u00e9 est\u00e1 oculto este cruel negocio de la faena equina y la sangr\u00eda de yeguas.<\/p>\n<p><strong>\u00bfProyectos ya pensados futuro?<\/strong><\/p>\n<p>Por un lado tengo que terminar la pel\u00edcula que empec\u00e9 con Sabrina Farji \u201cnosotres\u201d con un muy lindo elenco, pero arranco justo la situaci\u00f3n de covid-19 y tuvimos que suspender. Por otro lado, ofertas para trabajar en Italia, en una serie de televisi\u00f3n y en Argentina una serie de televisi\u00f3n, ahora pronto. Vamos a ver que se define primero.<\/p>\n<p>Adem\u00e1s va a salir un video en el cual estuve trabajando para generar conciencia sobre el acuerdo porcino con china, un tema que a nivel activismo, como ciudadana y como argentina, me moviliza mucho. Saber que las autoridades avanzan con un acuerdo porcino con China poniendo en riesgo nuevas crisis sanitarias, econ\u00f3micas y sociales para argentina y para el mundo, me moviliza. El objetivo es frenar este acuerdo y generar conciencia social.<\/p>\n<blockquote><p><strong><em>\u201cSer artista, es florecer\u201d<\/em><\/strong><\/p><\/blockquote>\n<p><strong><em>#LOSELEGIDOSDELIZ<\/em><\/strong><\/p>\n<ul>\n<li><strong>Algo que te haga llorar de la risa<\/strong>: la cebolla cuando tengo que cocinar. Primero lloro y despu\u00e9s me r\u00edo!<\/li>\n<li><strong>Algo que te de miedo<\/strong>: la industria ganadera<\/li>\n<li><strong>Alguien que te inspire<\/strong>: la gente buena<\/li>\n<li><strong>Algo que te enamore<\/strong>: Ita, mi perra<\/li>\n<li><strong>Algo que nadie se imagine de vos<\/strong>: me gusta estar en silencio<\/li>\n<li><strong>Alguien a quien admires<\/strong>: a mi mam\u00e1<\/li>\n<\/ul>\n\r\n\t\t<style type='text\/css'>\r\n\t\t\t#gallery-4 {\r\n\t\t\t\tmargin: auto;\r\n\t\t\t}\r\n\t\t\t#gallery-4 .gallery-item {\r\n\t\t\t\tfloat: left;\r\n\t\t\t\tmargin-top: 10px;\r\n\t\t\t\ttext-align: center;\r\n\t\t\t\twidth: 50%;\r\n\t\t\t}\r\n\t\t\t#gallery-4 img {\r\n\t\t\t\tborder: 2px solid #cfcfcf;\r\n\t\t\t}\r\n\t\t\t#gallery-4 .gallery-caption {\r\n\t\t\t\tmargin-left: 0;\r\n\t\t\t}\r\n\t\t<\/style>\r\n\t\t<!-- see gallery_shortcode() in wp-includes\/media.php -->\n\t\t<div id='gallery-4' class='gallery galleryid-29621 gallery-columns-2 gallery-size-medium gallery1'><script type=\"text\/javascript\">\r\n\/\/ <![CDATA[\r\n\tjQuery(document).ready(function () {\r\n\t\tjQuery(\".gallery1 a\").attr(\"rel\",\"gallery1\");\t\r\n\t\tjQuery('a[rel=\"gallery1\"]').colorbox({maxWidth:\"95%\", maxHeight:\"95%\",title: function(){ return jQuery(this).children().attr(\"alt\"); }, });\r\n\t});\r\n\/\/ ]]>\r\n<\/script>\n<dl class=\"gallery-item\">\n<dt class=\"gallery-icon\">\r\n<a href=\"https:\/\/www.lasrosas.com.ar\/portal\/wp-content\/uploads\/Captura-de-pantalla-108-2.png\" title=\"\" rel=\"gallery1\"><img decoding=\"async\" data-src=\"https:\/\/www.lasrosas.com.ar\/portal\/wp-content\/uploads\/Captura-de-pantalla-108-2.png\" width=\"400\" height=\"549\" alt=\"\" src=\"data:image\/svg+xml;base64,PHN2ZyB3aWR0aD0iMSIgaGVpZ2h0PSIxIiB4bWxucz0iaHR0cDovL3d3dy53My5vcmcvMjAwMC9zdmciPjwvc3ZnPg==\" class=\"lazyload\" style=\"--smush-placeholder-width: 400px; --smush-placeholder-aspect-ratio: 400\/549;\" \/><\/a>\r\n<\/dt><\/dl><dl class=\"gallery-item\">\n<dt class=\"gallery-icon\">\r\n<a href=\"https:\/\/www.lasrosas.com.ar\/portal\/wp-content\/uploads\/liz421473b-1278x1920.jpg\" title=\"\" rel=\"gallery1\"><img decoding=\"async\" data-src=\"https:\/\/www.lasrosas.com.ar\/portal\/wp-content\/uploads\/liz421473b-639x960.jpg\" width=\"639\" height=\"960\" alt=\"\" src=\"data:image\/svg+xml;base64,PHN2ZyB3aWR0aD0iMSIgaGVpZ2h0PSIxIiB4bWxucz0iaHR0cDovL3d3dy53My5vcmcvMjAwMC9zdmciPjwvc3ZnPg==\" class=\"lazyload\" style=\"--smush-placeholder-width: 639px; --smush-placeholder-aspect-ratio: 639\/960;\" \/><\/a>\r\n<\/dt><\/dl><br style=\"clear: both\" \/>\r\n\t\t<\/div>\n\n<p><strong><em>#PINGPONG<\/em><\/strong><\/p>\n<ul>\n<li><strong>Escribir o actuar:<\/strong> actuar<\/li>\n<li><strong>Meditar en casa o al aire libre<\/strong>: depende de c\u00f3mo me sienta<\/li>\n<li><strong>Oto\u00f1o o primavera<\/strong>: primavera<\/li>\n<li><strong>El d\u00eda o la noche<\/strong>: el d\u00eda<\/li>\n<li><strong>B\u00e1sicos o jugados<\/strong>: depende el contexto<\/li>\n<li><strong>Cocinar o comer<\/strong>: comer<\/li>\n<li><strong>Modelar o meditar<\/strong>: Meditar<\/li>\n<li><strong>Casual o preparado<\/strong>: depende<\/li>\n<\/ul>\n<!-- AddThis Advanced Settings generic via filter on the_content --><!-- AddThis Share Buttons generic via filter on the_content -->","protected":false},"excerpt":{"rendered":"<p>Producci\u00f3n: Ash Mateu para Inside Studios. @ashmateu @inside_studios Foto: Cristian Welcomme. @criswelcomme Estilismo: Alma Sasson para Inside Studios. @almasasson @inside_studios Makeup: Riki Valles. @rikivalles Hair: Nacho Lopez Fagalde para Vardo Management con productos Kerastase. @nacholopezfagalde @vardomanagement Backstage: @superchinii Aut\u00e9ntica como pocas, con un esp\u00edritu colmado de amor, aprendizaje y ganas de evolucionar desde adentro, hacia [&hellip;]<!-- AddThis Advanced Settings generic via filter on get_the_excerpt --><!-- AddThis Share Buttons generic via filter on get_the_excerpt --><\/p>\n","protected":false},"author":6,"featured_media":29632,"comment_status":"closed","ping_status":"open","sticky":false,"template":"","format":"standard","meta":{"_acf_changed":false,"om_disable_all_campaigns":false,"_monsterinsights_skip_tracking":false,"_monsterinsights_sitenote_active":false,"_monsterinsights_sitenote_note":"","_monsterinsights_sitenote_category":0,"_uf_show_specific_survey":0,"_uf_disable_surveys":false,"footnotes":""},"categories":[236,234,100],"tags":[],"class_list":["post-29621","post","type-post","status-publish","format-standard","has-post-thumbnail","hentry","category-cover-tapa","category-trend","category-noticias"],"acf":[],"aioseo_notices":[],"_links":{"self":[{"href":"https:\/\/www.lasrosas.com.ar\/portal\/wp-json\/wp\/v2\/posts\/29621","targetHints":{"allow":["GET"]}}],"collection":[{"href":"https:\/\/www.lasrosas.com.ar\/portal\/wp-json\/wp\/v2\/posts"}],"about":[{"href":"https:\/\/www.lasrosas.com.ar\/portal\/wp-json\/wp\/v2\/types\/post"}],"author":[{"embeddable":true,"href":"https:\/\/www.lasrosas.com.ar\/portal\/wp-json\/wp\/v2\/users\/6"}],"replies":[{"embeddable":true,"href":"https:\/\/www.lasrosas.com.ar\/portal\/wp-json\/wp\/v2\/comments?post=29621"}],"version-history":[{"count":0,"href":"https:\/\/www.lasrosas.com.ar\/portal\/wp-json\/wp\/v2\/posts\/29621\/revisions"}],"wp:featuredmedia":[{"embeddable":true,"href":"https:\/\/www.lasrosas.com.ar\/portal\/wp-json\/wp\/v2\/media\/29632"}],"wp:attachment":[{"href":"https:\/\/www.lasrosas.com.ar\/portal\/wp-json\/wp\/v2\/media?parent=29621"}],"wp:term":[{"taxonomy":"category","embeddable":true,"href":"https:\/\/www.lasrosas.com.ar\/portal\/wp-json\/wp\/v2\/categories?post=29621"},{"taxonomy":"post_tag","embeddable":true,"href":"https:\/\/www.lasrosas.com.ar\/portal\/wp-json\/wp\/v2\/tags?post=29621"}],"curies":[{"name":"wp","href":"https:\/\/api.w.org\/{rel}","templated":true}]}}