{"id":2956,"date":"2018-02-21T12:34:21","date_gmt":"2018-02-21T15:34:21","guid":{"rendered":"https:\/\/www.lasrosas.com.ar\/portal\/?p=2956"},"modified":"2018-02-21T12:33:31","modified_gmt":"2018-02-21T15:33:31","slug":"guccification","status":"publish","type":"post","link":"https:\/\/www.lasrosas.com.ar\/portal\/guccification\/","title":{"rendered":"GUCCIFICATION"},"content":{"rendered":"<h3><span style=\"color: #000000;\">Imposible decir que no has visto lo nuevo de Gucci ya sea en pasarela, en una publicidad, en Instagram o en uno de sus fashion films en Facebook.\u00a0<\/span><\/h3>\n<p><strong><span style=\"color: #000000;\">POR FACU ALV<\/span><\/strong><span style=\"color: #000000;\">\/\u00a0@facualv<\/span><\/p>\n<p><span style=\"color: #000000;\">Desde que la firma cambi\u00f3 su imagen bajo el ojo del nuevo Director Creativo, <strong>Alessandro <\/strong><strong>Michele<\/strong>, el juego de la industria, tanto de la moda como el de la comunicaci\u00f3n y la publicidad,\u00a0 se transform\u00f3 con la nueva est\u00e9tica de la marca.<\/span><\/p>\n<p><img decoding=\"async\" class=\"alignnone wp-image-2959 lazyload\" data-src=\"https:\/\/www.lasrosas.com.ar\/portal\/wp-content\/uploads\/DiaryArticleDouble_issue03-ss61-16_001_Default-960x613.jpg\" alt=\"\" width=\"750\" height=\"480\" src=\"data:image\/svg+xml;base64,PHN2ZyB3aWR0aD0iMSIgaGVpZ2h0PSIxIiB4bWxucz0iaHR0cDovL3d3dy53My5vcmcvMjAwMC9zdmciPjwvc3ZnPg==\" style=\"--smush-placeholder-width: 750px; --smush-placeholder-aspect-ratio: 750\/480;\" \/><\/p>\n<p><span style=\"color: #000000;\">En cuanto al \u00e1rea del dise\u00f1o, su primera colecci\u00f3n fue la masculina: una propuesta rompedora, basada en una\u00a0est\u00e9tica andr\u00f3gina\u00a0y con aires de los a\u00f1os setenta. Con su primer trabajo, Alessandro no quer\u00eda pensar en moda sino\u00a0en t\u00e9rminos de actitud, un sentido de belleza para una firma tan antigua y seductora como lo es Gucci. Destruy\u00f3 todo lo anterior: <strong>\u201ccreo que nos hace falta sonar\u201d<\/strong>, mostrando la idea de algo\u00a0rom\u00e1ntico, on\u00edrico, como de pel\u00edcula.<\/span><\/p>\n\r\n\t\t<style type='text\/css'>\r\n\t\t\t#gallery-1 {\r\n\t\t\t\tmargin: auto;\r\n\t\t\t}\r\n\t\t\t#gallery-1 .gallery-item {\r\n\t\t\t\tfloat: left;\r\n\t\t\t\tmargin-top: 10px;\r\n\t\t\t\ttext-align: center;\r\n\t\t\t\twidth: 33%;\r\n\t\t\t}\r\n\t\t\t#gallery-1 img {\r\n\t\t\t\tborder: 2px solid #cfcfcf;\r\n\t\t\t}\r\n\t\t\t#gallery-1 .gallery-caption {\r\n\t\t\t\tmargin-left: 0;\r\n\t\t\t}\r\n\t\t<\/style>\r\n\t\t<!-- see gallery_shortcode() in wp-includes\/media.php -->\n\t\t<div id='gallery-1' class='gallery galleryid-2956 gallery-columns-3 gallery-size-thumbnail gallery1'><script type=\"text\/javascript\">\r\n\/\/ <![CDATA[\r\n\tjQuery(document).ready(function () {\r\n\t\tjQuery(\".gallery1 a\").attr(\"rel\",\"gallery1\");\t\r\n\t\tjQuery('a[rel=\"gallery1\"]').colorbox({maxWidth:\"95%\", maxHeight:\"95%\",title: function(){ return jQuery(this).children().attr(\"alt\"); }, });\r\n\t});\r\n\/\/ ]]>\r\n<\/script>\n<dl class=\"gallery-item\">\n<dt class=\"gallery-icon\">\r\n<a href=\"https:\/\/www.lasrosas.com.ar\/portal\/wp-content\/uploads\/gucci-denim-jacket-1-e1519141409861.jpg\" title=\"\" rel=\"gallery1\"><img decoding=\"async\" data-src=\"https:\/\/www.lasrosas.com.ar\/portal\/wp-content\/uploads\/gucci-denim-jacket-1-e1519141409861-640x480.jpg\" width=\"640\" height=\"480\" alt=\"\" src=\"data:image\/svg+xml;base64,PHN2ZyB3aWR0aD0iMSIgaGVpZ2h0PSIxIiB4bWxucz0iaHR0cDovL3d3dy53My5vcmcvMjAwMC9zdmciPjwvc3ZnPg==\" class=\"lazyload\" style=\"--smush-placeholder-width: 640px; --smush-placeholder-aspect-ratio: 640\/480;\" \/><\/a>\r\n<\/dt><\/dl><dl class=\"gallery-item\">\n<dt class=\"gallery-icon\">\r\n<a href=\"https:\/\/www.lasrosas.com.ar\/portal\/wp-content\/uploads\/58_Marjan_high-res-2-e1519141416507.jpg\" title=\"\" rel=\"gallery1\"><img decoding=\"async\" data-src=\"https:\/\/www.lasrosas.com.ar\/portal\/wp-content\/uploads\/58_Marjan_high-res-2-e1519141416507-640x480.jpg\" width=\"640\" height=\"480\" alt=\"\" src=\"data:image\/svg+xml;base64,PHN2ZyB3aWR0aD0iMSIgaGVpZ2h0PSIxIiB4bWxucz0iaHR0cDovL3d3dy53My5vcmcvMjAwMC9zdmciPjwvc3ZnPg==\" class=\"lazyload\" style=\"--smush-placeholder-width: 640px; --smush-placeholder-aspect-ratio: 640\/480;\" \/><\/a>\r\n<\/dt><\/dl><dl class=\"gallery-item\">\n<dt class=\"gallery-icon\">\r\n<a href=\"https:\/\/www.lasrosas.com.ar\/portal\/wp-content\/uploads\/A2X0952-e1519141400448.jpg\" title=\"\" rel=\"gallery1\"><img decoding=\"async\" data-src=\"https:\/\/www.lasrosas.com.ar\/portal\/wp-content\/uploads\/A2X0952-e1519141400448-640x480.jpg\" width=\"640\" height=\"480\" alt=\"\" src=\"data:image\/svg+xml;base64,PHN2ZyB3aWR0aD0iMSIgaGVpZ2h0PSIxIiB4bWxucz0iaHR0cDovL3d3dy53My5vcmcvMjAwMC9zdmciPjwvc3ZnPg==\" class=\"lazyload\" style=\"--smush-placeholder-width: 640px; --smush-placeholder-aspect-ratio: 640\/480;\" \/><\/a>\r\n<\/dt><\/dl><br style=\"clear: both\" \/>\r\n\t\t<\/div>\n\n<p><span style=\"color: #000000;\">Y as\u00ed fue: tapados, sweaters y pantalones, con estampados y bordados, exc\u00e9ntricos y recargados, con animales sacados de libros medievales de fantas\u00eda, con la famosa serpiente de coral que hoy vemos en todas las prendas de marcas locales y de tiendas departamentales, con g\u00e9neros y cortes como si hubieran sido sacados de un sue\u00f1o.<\/span><\/p>\n<p><img decoding=\"async\" class=\"alignnone wp-image-2960 size-full lazyload\" data-src=\"https:\/\/www.lasrosas.com.ar\/portal\/wp-content\/uploads\/gu564_ss18-campaign_layout_dsp_crop_150dpi_13-e1519141027443.jpg\" alt=\"\" width=\"750\" height=\"431\" src=\"data:image\/svg+xml;base64,PHN2ZyB3aWR0aD0iMSIgaGVpZ2h0PSIxIiB4bWxucz0iaHR0cDovL3d3dy53My5vcmcvMjAwMC9zdmciPjwvc3ZnPg==\" style=\"--smush-placeholder-width: 750px; --smush-placeholder-aspect-ratio: 750\/431;\" \/><\/p>\n<p>&nbsp;<\/p>\n<p><span style=\"color: #000000;\">Esa obsesi\u00f3n por la nueva imagen se contagi\u00f3, logrando al a\u00f1o siguiente, que todos se inspiraran en eso: tanto en el estilismo descontracturado que no segu\u00eda ninguna regla, como en los\u00a0 parches y bordados aplicados a zapatillas, zapatos, camperas, etc. Ahora s\u00ed, abr\u00ed tu ropero o sal\u00ed a mirar vidrieras, y cont\u00e1 cu\u00e1ntas prendas con esos recursos ves o ten\u00e9s, \u00a1a ver si ya te contagiaste del fen\u00f3meno <strong>Gucci<\/strong>!<\/span><\/p>\n<!-- AddThis Advanced Settings generic via filter on the_content --><!-- AddThis Share Buttons generic via filter on the_content -->","protected":false},"excerpt":{"rendered":"<p>Imposible decir que no has visto lo nuevo de Gucci ya sea en pasarela, en una publicidad, en Instagram o en uno de sus fashion films en Facebook.\u00a0 POR FACU ALV\/\u00a0@facualv Desde que la firma cambi\u00f3 su imagen bajo el ojo del nuevo Director Creativo, Alessandro Michele, el juego de la industria, tanto de la [&hellip;]<!-- AddThis Advanced Settings generic via filter on get_the_excerpt --><!-- AddThis Share Buttons generic via filter on get_the_excerpt --><\/p>\n","protected":false},"author":6,"featured_media":2961,"comment_status":"closed","ping_status":"open","sticky":false,"template":"","format":"standard","meta":{"_acf_changed":false,"om_disable_all_campaigns":false,"_monsterinsights_skip_tracking":false,"_monsterinsights_sitenote_active":false,"_monsterinsights_sitenote_note":"","_monsterinsights_sitenote_category":0,"_uf_show_specific_survey":0,"_uf_disable_surveys":false,"footnotes":""},"categories":[100,26],"tags":[108,126,78,64,68],"class_list":["post-2956","post","type-post","status-publish","format-standard","has-post-thumbnail","hentry","category-noticias","category-negocios","tag-artista","tag-inspiracion","tag-ropa","tag-tendencias","tag-tiendas"],"acf":[],"aioseo_notices":[],"_links":{"self":[{"href":"https:\/\/www.lasrosas.com.ar\/portal\/wp-json\/wp\/v2\/posts\/2956","targetHints":{"allow":["GET"]}}],"collection":[{"href":"https:\/\/www.lasrosas.com.ar\/portal\/wp-json\/wp\/v2\/posts"}],"about":[{"href":"https:\/\/www.lasrosas.com.ar\/portal\/wp-json\/wp\/v2\/types\/post"}],"author":[{"embeddable":true,"href":"https:\/\/www.lasrosas.com.ar\/portal\/wp-json\/wp\/v2\/users\/6"}],"replies":[{"embeddable":true,"href":"https:\/\/www.lasrosas.com.ar\/portal\/wp-json\/wp\/v2\/comments?post=2956"}],"version-history":[{"count":0,"href":"https:\/\/www.lasrosas.com.ar\/portal\/wp-json\/wp\/v2\/posts\/2956\/revisions"}],"wp:featuredmedia":[{"embeddable":true,"href":"https:\/\/www.lasrosas.com.ar\/portal\/wp-json\/wp\/v2\/media\/2961"}],"wp:attachment":[{"href":"https:\/\/www.lasrosas.com.ar\/portal\/wp-json\/wp\/v2\/media?parent=2956"}],"wp:term":[{"taxonomy":"category","embeddable":true,"href":"https:\/\/www.lasrosas.com.ar\/portal\/wp-json\/wp\/v2\/categories?post=2956"},{"taxonomy":"post_tag","embeddable":true,"href":"https:\/\/www.lasrosas.com.ar\/portal\/wp-json\/wp\/v2\/tags?post=2956"}],"curies":[{"name":"wp","href":"https:\/\/api.w.org\/{rel}","templated":true}]}}