{"id":29524,"date":"2020-09-28T16:19:19","date_gmt":"2020-09-28T19:19:19","guid":{"rendered":"https:\/\/www.lasrosas.com.ar\/portal\/?p=29524"},"modified":"2020-09-28T16:19:19","modified_gmt":"2020-09-28T19:19:19","slug":"lali-esposito-le-puso-fin-a-su-relacion","status":"publish","type":"post","link":"https:\/\/www.lasrosas.com.ar\/portal\/lali-esposito-le-puso-fin-a-su-relacion\/","title":{"rendered":"LALI ESPOSITO LE PUSO FIN A SU RELACI\u00d3N!"},"content":{"rendered":"<p><strong><em>La artista argentina que se encuentra en este momento en Espa\u00f1a, le comunic\u00f3 la noticia a sus fans a trav\u00e9s de la red social, Twitter.<\/em><\/strong><\/p>\n<p><em>\u00abQuiero contarles de mi boca, para evitar cualquier mal entendido o desinformaci\u00f3n, que\u00a0con Santi decidimos separarnos.\u00a0Nos amamos y respetamos profundamente. Esta es nuestra decisi\u00f3n hoy\u00bb<\/em>&#8211; fue lo que poste\u00f3 la cantante para evitar que existan malos rumores. La noticia sorprendi\u00f3 tristemente a todo el entorno de Lali ya que hace unas semanas atr\u00e1s hab\u00eda confesado que la relaci\u00f3n que ambos ten\u00edan era de amor absoluto y que proyectaban una vida juntos. Lo cierto es que si bien no dieron a conocer en profundidad los detalles de la separaci\u00f3n, el distanciamiento habr\u00eda sido una de las principales razones por las cuales no siguieron en pareja.<\/p>\n<p>La artista llevaba de novia con Santiago Mocorrea m\u00e1s de tres a\u00f1os de noviazgo y parec\u00eda que la relaci\u00f3n iba a durar para siempre luego de la ruptura con su ex pareja, Mariano Martinez con el cual hab\u00eda tenido muchas diferencias.\u00a0<em>\u201c\u00c9l (Santiago) trabaja mucho, as\u00ed que est\u00e1 en una parte de mi casa. Y yo tambi\u00e9n estoy haciendo mis cosas, porque estoy en pleno disco y me arm\u00e9 un estudio casero para seguir en movimiento con lo m\u00edo.\u00a0Hay peque\u00f1os momentos de cortocircuitos naturales, donde hay que respirar un poquito y pasarlos, porque estamos todos compartiendo este momento.\u00a0Pero despu\u00e9s es lindo. No te voy a mentir que hay momentos de conexi\u00f3n bonita, digamos\u201d<\/em> &#8211; hab\u00eda dicho Esposito en PH (Podemos Hablar) cuando Andy Kusnetzoff le pregunt\u00f3 c\u00f3mo llevaban la cuarentena juntos.<\/p>\n<p>&nbsp;<\/p>\n<blockquote class=\"twitter-tweet\">\n<p dir=\"ltr\" lang=\"es\">Quiero contarles de mi boca,para evitar cualquier mal entendido o desinformaci\u00f3n,que con santi decidimos separarnos. Nos amamos y respetamos profundamente. Esta es nuestra decision hoy&#x2764;<\/p>\n<p>\u2014 Lali (@lalioficial) <a href=\"https:\/\/twitter.com\/lalioficial\/status\/1310579011437895681?ref_src=twsrc%5Etfw\">September 28, 2020<\/a><\/p><\/blockquote>\n<p><script async src=\"https:\/\/platform.twitter.com\/widgets.js\" charset=\"utf-8\"><\/script><\/p>\n<!-- AddThis Advanced Settings generic via filter on the_content --><!-- AddThis Share Buttons generic via filter on the_content -->","protected":false},"excerpt":{"rendered":"<p>La artista argentina que se encuentra en este momento en Espa\u00f1a, le comunic\u00f3 la noticia a sus fans a trav\u00e9s de la red social, Twitter. \u00abQuiero contarles de mi boca, para evitar cualquier mal entendido o desinformaci\u00f3n, que\u00a0con Santi decidimos separarnos.\u00a0Nos amamos y respetamos profundamente. Esta es nuestra decisi\u00f3n hoy\u00bb&#8211; fue lo que poste\u00f3 la [&hellip;]<!-- AddThis Advanced Settings generic via filter on get_the_excerpt --><!-- AddThis Share Buttons generic via filter on get_the_excerpt --><\/p>\n","protected":false},"author":6,"featured_media":29525,"comment_status":"closed","ping_status":"open","sticky":false,"template":"","format":"standard","meta":{"_acf_changed":false,"om_disable_all_campaigns":false,"_monsterinsights_skip_tracking":false,"_monsterinsights_sitenote_active":false,"_monsterinsights_sitenote_note":"","_monsterinsights_sitenote_category":0,"_uf_show_specific_survey":0,"_uf_disable_surveys":false,"footnotes":""},"categories":[234,100],"tags":[],"class_list":["post-29524","post","type-post","status-publish","format-standard","has-post-thumbnail","hentry","category-trend","category-noticias"],"acf":[],"aioseo_notices":[],"_links":{"self":[{"href":"https:\/\/www.lasrosas.com.ar\/portal\/wp-json\/wp\/v2\/posts\/29524","targetHints":{"allow":["GET"]}}],"collection":[{"href":"https:\/\/www.lasrosas.com.ar\/portal\/wp-json\/wp\/v2\/posts"}],"about":[{"href":"https:\/\/www.lasrosas.com.ar\/portal\/wp-json\/wp\/v2\/types\/post"}],"author":[{"embeddable":true,"href":"https:\/\/www.lasrosas.com.ar\/portal\/wp-json\/wp\/v2\/users\/6"}],"replies":[{"embeddable":true,"href":"https:\/\/www.lasrosas.com.ar\/portal\/wp-json\/wp\/v2\/comments?post=29524"}],"version-history":[{"count":0,"href":"https:\/\/www.lasrosas.com.ar\/portal\/wp-json\/wp\/v2\/posts\/29524\/revisions"}],"wp:featuredmedia":[{"embeddable":true,"href":"https:\/\/www.lasrosas.com.ar\/portal\/wp-json\/wp\/v2\/media\/29525"}],"wp:attachment":[{"href":"https:\/\/www.lasrosas.com.ar\/portal\/wp-json\/wp\/v2\/media?parent=29524"}],"wp:term":[{"taxonomy":"category","embeddable":true,"href":"https:\/\/www.lasrosas.com.ar\/portal\/wp-json\/wp\/v2\/categories?post=29524"},{"taxonomy":"post_tag","embeddable":true,"href":"https:\/\/www.lasrosas.com.ar\/portal\/wp-json\/wp\/v2\/tags?post=29524"}],"curies":[{"name":"wp","href":"https:\/\/api.w.org\/{rel}","templated":true}]}}