{"id":29511,"date":"2020-09-25T16:06:32","date_gmt":"2020-09-25T19:06:32","guid":{"rendered":"https:\/\/www.lasrosas.com.ar\/portal\/?p=29511"},"modified":"2020-09-25T16:06:32","modified_gmt":"2020-09-25T19:06:32","slug":"corona-la-cerveza-que-por-primera-vez-en-la-historia-se-fabrica-en-argentina","status":"publish","type":"post","link":"https:\/\/www.lasrosas.com.ar\/portal\/corona-la-cerveza-que-por-primera-vez-en-la-historia-se-fabrica-en-argentina\/","title":{"rendered":"CORONA, LA CERVEZA QUE POR PRIMERA VEZ EN LA HISTORIA SE FABRICA EN ARGENTINA"},"content":{"rendered":"<div class=\"content\">\n<div class=\"description\">\n<p><strong><em>Se ubica en la posici\u00f3n\u00a0N\u00ba 79\u00a0del ranking de\u00a0Interbrand, por su valoraci\u00f3n de US$ 6.369 millones, un 15% mayor que el valor obtenido en el informe previo.\u00a0<\/em><\/strong><\/p>\n<p>C<strong>orona Extra\u00a0<\/strong>es la cerveza m\u00e1s vendida en M\u00e9xico y disfrutada en m\u00e1s de 120 pa\u00edses en todo el mundo, nacida en el a\u00f1o 1925.\u00a0<strong>Corona Extra<\/strong>\u00a0es producida por\u00a0<strong>Anheuser-Busch InBev<\/strong>\u00a0en M\u00e9xico para distribuci\u00f3n nacional y exportaci\u00f3n a todos los dem\u00e1s pa\u00edses adem\u00e1s de Estados Unidos.<\/p>\n<p>Hace poco tiempo se conoci\u00f3 la noticia del programa de inversi\u00f3n de $ 5.000 millones que present\u00f3\u00a0<strong>Quilmes\u00a0<\/strong>en Argentina, inversi\u00f3n que en parte est\u00e1 destinada a la producci\u00f3n de la reconocida marca mexicana en el pa\u00eds.<\/p>\n<p>LE\u00c9 LA NOTA COMPLETA EN<span style=\"color: #0000ff;\"><a style=\"color: #0000ff;\" href=\"https:\/\/infonegocios.info\/top-100-brands\/corona-la-cerveza-que-por-primera-vez-en-la-historia-se-fabrica-en-argentina\"> INFONEGOCIOS<\/a><\/span><\/p>\n<\/div>\n<\/div>\n<div class=\"row\">\n<div class=\"col-sm-8\">\n<div id=\"carousel-post\" class=\"owl-carousel owl-theme owl-loaded owl-drag\">\n<div class=\"owl-stage-outer\">\n<div class=\"owl-stage\" data-pswp-uid=\"1\">\n<div class=\"owl-item active\"><\/div>\n<\/div>\n<\/div>\n<\/div>\n<section class=\"body\"><\/section>\n<\/div>\n<\/div>\n<!-- AddThis Advanced Settings generic via filter on the_content --><!-- AddThis Share Buttons generic via filter on the_content -->","protected":false},"excerpt":{"rendered":"<p>Se ubica en la posici\u00f3n\u00a0N\u00ba 79\u00a0del ranking de\u00a0Interbrand, por su valoraci\u00f3n de US$ 6.369 millones, un 15% mayor que el valor obtenido en el informe previo.\u00a0 Corona Extra\u00a0es la cerveza m\u00e1s vendida en M\u00e9xico y disfrutada en m\u00e1s de 120 pa\u00edses en todo el mundo, nacida en el a\u00f1o 1925.\u00a0Corona Extra\u00a0es producida por\u00a0Anheuser-Busch InBev\u00a0en M\u00e9xico [&hellip;]<!-- AddThis Advanced Settings generic via filter on get_the_excerpt --><!-- AddThis Share Buttons generic via filter on get_the_excerpt --><\/p>\n","protected":false},"author":6,"featured_media":29512,"comment_status":"closed","ping_status":"open","sticky":false,"template":"","format":"standard","meta":{"_acf_changed":false,"om_disable_all_campaigns":false,"_monsterinsights_skip_tracking":false,"_monsterinsights_sitenote_active":false,"_monsterinsights_sitenote_note":"","_monsterinsights_sitenote_category":0,"_uf_show_specific_survey":0,"_uf_disable_surveys":false,"footnotes":""},"categories":[375],"tags":[],"class_list":["post-29511","post","type-post","status-publish","format-standard","has-post-thumbnail","hentry","category-infonegocios"],"acf":[],"aioseo_notices":[],"_links":{"self":[{"href":"https:\/\/www.lasrosas.com.ar\/portal\/wp-json\/wp\/v2\/posts\/29511","targetHints":{"allow":["GET"]}}],"collection":[{"href":"https:\/\/www.lasrosas.com.ar\/portal\/wp-json\/wp\/v2\/posts"}],"about":[{"href":"https:\/\/www.lasrosas.com.ar\/portal\/wp-json\/wp\/v2\/types\/post"}],"author":[{"embeddable":true,"href":"https:\/\/www.lasrosas.com.ar\/portal\/wp-json\/wp\/v2\/users\/6"}],"replies":[{"embeddable":true,"href":"https:\/\/www.lasrosas.com.ar\/portal\/wp-json\/wp\/v2\/comments?post=29511"}],"version-history":[{"count":0,"href":"https:\/\/www.lasrosas.com.ar\/portal\/wp-json\/wp\/v2\/posts\/29511\/revisions"}],"wp:featuredmedia":[{"embeddable":true,"href":"https:\/\/www.lasrosas.com.ar\/portal\/wp-json\/wp\/v2\/media\/29512"}],"wp:attachment":[{"href":"https:\/\/www.lasrosas.com.ar\/portal\/wp-json\/wp\/v2\/media?parent=29511"}],"wp:term":[{"taxonomy":"category","embeddable":true,"href":"https:\/\/www.lasrosas.com.ar\/portal\/wp-json\/wp\/v2\/categories?post=29511"},{"taxonomy":"post_tag","embeddable":true,"href":"https:\/\/www.lasrosas.com.ar\/portal\/wp-json\/wp\/v2\/tags?post=29511"}],"curies":[{"name":"wp","href":"https:\/\/api.w.org\/{rel}","templated":true}]}}