{"id":29476,"date":"2020-09-23T16:49:58","date_gmt":"2020-09-23T19:49:58","guid":{"rendered":"https:\/\/www.lasrosas.com.ar\/portal\/?p=29476"},"modified":"2020-09-23T16:49:58","modified_gmt":"2020-09-23T19:49:58","slug":"que-pasa-entre-tini-y-danna-paola","status":"publish","type":"post","link":"https:\/\/www.lasrosas.com.ar\/portal\/que-pasa-entre-tini-y-danna-paola\/","title":{"rendered":"QU\u00c9 PASA ENTRE TINI Y DANNA PAOLA?"},"content":{"rendered":"<p><strong><em>Ya es bastante conocido el rumor que entre la cantante argentina y la mexicana no hay buena relaci\u00f3n pero nuevamente dieron que hablar.<\/em><\/strong><\/p>\n<p>Tini subi\u00f3 un tweet en donde r\u00e1pidamente los fan\u00e1ticos reaccionaron y lo relacionaron con Danna Paola ya que la frase fue\u00a0<em>\u201cAhora ya entiendo su mala fama&#8230; pero el que la hace tarde o temprano la paga #Duele\u201d<\/em>. \u00abMala Fama\u00bb se relaciona con una canci\u00f3n de Paola y en donde siempre ella ironiza con esa frase.<\/p>\n<p><em>\u201cDicen que tengo mala fama. Que me enamoro por la noche y se me pasa por la ma\u00f1ana.. Lo siento, no tengo la culpa. Que no me den lo suficiente. Yo soy exigente y los nenes se asustan\u00bb- <\/em>dice parte de la canci\u00f3n de la artista mexicana. La mala relaci\u00f3n entre ellas se supone que viene por los rumores de acercamiento de Danna con el ex novio de Tini. Sin embargo, ninguna de las dos asegur\u00f3 que tienen mala relaci\u00f3n.<\/p>\n<blockquote class=\"twitter-tweet\">\n<p dir=\"ltr\" lang=\"es\">ahora ya entiendo su mala fama..pero el q la hace tarde o temprano la paga <a href=\"https:\/\/twitter.com\/hashtag\/Duele?src=hash&amp;ref_src=twsrc%5Etfw\">#Duele<\/a><\/p>\n<p>\u2014 TINI (@TiniStoessel) <a href=\"https:\/\/twitter.com\/TiniStoessel\/status\/1308578519501471744?ref_src=twsrc%5Etfw\">September 23, 2020<\/a><\/p><\/blockquote>\n<p><script async src=\"https:\/\/platform.twitter.com\/widgets.js\" charset=\"utf-8\"><\/script><\/p>\n<!-- AddThis Advanced Settings generic via filter on the_content --><!-- AddThis Share Buttons generic via filter on the_content -->","protected":false},"excerpt":{"rendered":"<p>Ya es bastante conocido el rumor que entre la cantante argentina y la mexicana no hay buena relaci\u00f3n pero nuevamente dieron que hablar. Tini subi\u00f3 un tweet en donde r\u00e1pidamente los fan\u00e1ticos reaccionaron y lo relacionaron con Danna Paola ya que la frase fue\u00a0\u201cAhora ya entiendo su mala fama&#8230; pero el que la hace tarde [&hellip;]<!-- AddThis Advanced Settings generic via filter on get_the_excerpt --><!-- AddThis Share Buttons generic via filter on get_the_excerpt --><\/p>\n","protected":false},"author":6,"featured_media":29477,"comment_status":"closed","ping_status":"open","sticky":false,"template":"","format":"standard","meta":{"_acf_changed":false,"om_disable_all_campaigns":false,"_monsterinsights_skip_tracking":false,"_monsterinsights_sitenote_active":false,"_monsterinsights_sitenote_note":"","_monsterinsights_sitenote_category":0,"_uf_show_specific_survey":0,"_uf_disable_surveys":false,"footnotes":""},"categories":[234,100],"tags":[],"class_list":["post-29476","post","type-post","status-publish","format-standard","has-post-thumbnail","hentry","category-trend","category-noticias"],"acf":[],"aioseo_notices":[],"_links":{"self":[{"href":"https:\/\/www.lasrosas.com.ar\/portal\/wp-json\/wp\/v2\/posts\/29476","targetHints":{"allow":["GET"]}}],"collection":[{"href":"https:\/\/www.lasrosas.com.ar\/portal\/wp-json\/wp\/v2\/posts"}],"about":[{"href":"https:\/\/www.lasrosas.com.ar\/portal\/wp-json\/wp\/v2\/types\/post"}],"author":[{"embeddable":true,"href":"https:\/\/www.lasrosas.com.ar\/portal\/wp-json\/wp\/v2\/users\/6"}],"replies":[{"embeddable":true,"href":"https:\/\/www.lasrosas.com.ar\/portal\/wp-json\/wp\/v2\/comments?post=29476"}],"version-history":[{"count":0,"href":"https:\/\/www.lasrosas.com.ar\/portal\/wp-json\/wp\/v2\/posts\/29476\/revisions"}],"wp:featuredmedia":[{"embeddable":true,"href":"https:\/\/www.lasrosas.com.ar\/portal\/wp-json\/wp\/v2\/media\/29477"}],"wp:attachment":[{"href":"https:\/\/www.lasrosas.com.ar\/portal\/wp-json\/wp\/v2\/media?parent=29476"}],"wp:term":[{"taxonomy":"category","embeddable":true,"href":"https:\/\/www.lasrosas.com.ar\/portal\/wp-json\/wp\/v2\/categories?post=29476"},{"taxonomy":"post_tag","embeddable":true,"href":"https:\/\/www.lasrosas.com.ar\/portal\/wp-json\/wp\/v2\/tags?post=29476"}],"curies":[{"name":"wp","href":"https:\/\/api.w.org\/{rel}","templated":true}]}}