{"id":29286,"date":"2020-09-11T14:00:56","date_gmt":"2020-09-11T17:00:56","guid":{"rendered":"https:\/\/www.lasrosas.com.ar\/portal\/?p=29286"},"modified":"2020-09-11T14:00:56","modified_gmt":"2020-09-11T17:00:56","slug":"experiencia-cordobacordoba-turismo-invita-a-prestadores-para-trabajar-de-cara-al-verano","status":"publish","type":"post","link":"https:\/\/www.lasrosas.com.ar\/portal\/experiencia-cordobacordoba-turismo-invita-a-prestadores-para-trabajar-de-cara-al-verano\/","title":{"rendered":"\u201cEXPERIENCIA C\u00d3RDOBA\u201dC\u00d3RDOBA TURISMO INVITA A PRESTADORES PARA TRABAJAR DE CARA AL VERANO"},"content":{"rendered":"<p>POR: Marcelo Lopez- @marcelolopezcba<\/p>\n<p><em><strong>Se trata de un plan ambicioso de fortalecimiento comercial del sector donde el estado trabaja junto a los prestadores privados y las c\u00e1maras profesionales.<\/strong><\/em><\/p>\n<p>La reactivaci\u00f3n del turismo no comenzar\u00e1 de un d\u00eda para el otro, apenas la pandemia pase al olvido, exista una vacuna o las condiciones sanitarias permitan retomar los viajes en una \u201cnueva normalidad\u201d.<\/p>\n<p>\u201cLa salida de la crisis necesita de un trabajo en el que m\u00e1s que nunca los sectores p\u00fablicos y privados trabajen conjuntamente en soluciones de corto, mediano y largo plazo\u201d, destac\u00f3 el presidente de la Agencia C\u00f3rdoba Turismo, Esteban Avil\u00e9s.<\/p>\n<p>En la b\u00fasqueda de que la situaci\u00f3n del sector mejore, a pesar del contexto en el que lleva m\u00e1s de seis meses ya, la Agencia C\u00f3rdoba Turismo ha elaborado estos meses diversas l\u00edneas de proyectos para poner en marcha el sector, desde las herramientas de capacitaci\u00f3n, apoyos econ\u00f3micos o programas de fortalecimiento de la actividad, pensados de modo escalonado.<\/p>\n<p>En los pr\u00f3ximos d\u00edas se presentar\u00e1 el Cat\u00e1logo de Experiencias Tur\u00edsticas, propuesta que re\u00fane al estado con los prestadores formalmente inscriptos de C\u00f3rdoba, las c\u00e1maras del sector y los agentes de viaje.<\/p>\n\r\n\t\t<style type='text\/css'>\r\n\t\t\t#gallery-1 {\r\n\t\t\t\tmargin: auto;\r\n\t\t\t}\r\n\t\t\t#gallery-1 .gallery-item {\r\n\t\t\t\tfloat: left;\r\n\t\t\t\tmargin-top: 10px;\r\n\t\t\t\ttext-align: center;\r\n\t\t\t\twidth: 50%;\r\n\t\t\t}\r\n\t\t\t#gallery-1 img {\r\n\t\t\t\tborder: 2px solid #cfcfcf;\r\n\t\t\t}\r\n\t\t\t#gallery-1 .gallery-caption {\r\n\t\t\t\tmargin-left: 0;\r\n\t\t\t}\r\n\t\t<\/style>\r\n\t\t<!-- see gallery_shortcode() in wp-includes\/media.php -->\n\t\t<div id='gallery-1' class='gallery galleryid-29286 gallery-columns-2 gallery-size-medium gallery1'><script type=\"text\/javascript\">\r\n\/\/ <![CDATA[\r\n\tjQuery(document).ready(function () {\r\n\t\tjQuery(\".gallery1 a\").attr(\"rel\",\"gallery1\");\t\r\n\t\tjQuery('a[rel=\"gallery1\"]').colorbox({maxWidth:\"95%\", maxHeight:\"95%\",title: function(){ return jQuery(this).children().attr(\"alt\"); }, });\r\n\t});\r\n\/\/ ]]>\r\n<\/script>\n<dl class=\"gallery-item\">\n<dt class=\"gallery-icon\">\r\n<a href=\"https:\/\/www.lasrosas.com.ar\/portal\/wp-content\/uploads\/La-cumbre-1920x1285.jpg\" title=\"\" rel=\"gallery1\"><img decoding=\"async\" data-src=\"https:\/\/www.lasrosas.com.ar\/portal\/wp-content\/uploads\/La-cumbre-960x643.jpg\" width=\"960\" height=\"643\" alt=\"\" src=\"data:image\/svg+xml;base64,PHN2ZyB3aWR0aD0iMSIgaGVpZ2h0PSIxIiB4bWxucz0iaHR0cDovL3d3dy53My5vcmcvMjAwMC9zdmciPjwvc3ZnPg==\" class=\"lazyload\" style=\"--smush-placeholder-width: 960px; --smush-placeholder-aspect-ratio: 960\/643;\" \/><\/a>\r\n<\/dt><\/dl><dl class=\"gallery-item\">\n<dt class=\"gallery-icon\">\r\n<a href=\"https:\/\/www.lasrosas.com.ar\/portal\/wp-content\/uploads\/Cuchi-Corral-1920x1286.jpg\" title=\"\" rel=\"gallery1\"><img decoding=\"async\" data-src=\"https:\/\/www.lasrosas.com.ar\/portal\/wp-content\/uploads\/Cuchi-Corral-960x643.jpg\" width=\"960\" height=\"643\" alt=\"\" src=\"data:image\/svg+xml;base64,PHN2ZyB3aWR0aD0iMSIgaGVpZ2h0PSIxIiB4bWxucz0iaHR0cDovL3d3dy53My5vcmcvMjAwMC9zdmciPjwvc3ZnPg==\" class=\"lazyload\" style=\"--smush-placeholder-width: 960px; --smush-placeholder-aspect-ratio: 960\/643;\" \/><\/a>\r\n<\/dt><\/dl><br style=\"clear: both\" \/>\r\n\t\t<\/div>\n\n<p>La idea es tener disponible este men\u00fa de experiencias a mediados de octubre, para que los compradores puedan aprovechara dem\u00e1s el sistema de preventa tur\u00edstica que implementar\u00e1 la Naci\u00f3n (actualmente en reglamentaci\u00f3n), tras la aprobaci\u00f3n de la Ley de Sostenimiento y Reactivaci\u00f3n del Turismo. Sobre el monto que un viajero invierta en turismo dentro del pa\u00eds, recibir\u00e1 un 50 por ciento adicional para volver a volcarlo dentro del sector.<\/p>\n<p>Desde la Agencia se invito a participar a todos los prestadores formales que la actividad tiene en C\u00f3rdoba para una mega ronda de negocios de la que tomaron parte alojamientos, agencias de viaje, estancias rurales, prestadores independientes, sector gastron\u00f3mico, entre otros, para construir paquetes de experiencias que se puedan ofrecer a los futuros viajeros.<\/p>\n<p>Aviles explic\u00f3 que \u201cel resultado de ese trabajo se convertir\u00e1 en un cat\u00e1logo de Experiencias Tur\u00edsticas en C\u00f3rdoba que se implementar\u00e1 a trav\u00e9s de una plataforma comercial de la C\u00e1mara de Turismo, con paquetes a la medida de los futuros viajeros\u201d.<\/p>\n<p>Por su parte el Director de Promoci\u00f3n y Marketing de la ACT, Alejandro Lastra, dio otros detalles del proyecto \u201cPrimero realizamos talleres, y actualmente estamos terminando rondas de negocios en las que se re\u00fanen operadores y agencias de viaje con prestadores de turismo, desde una gran estancia de lujo hasta gu\u00edas independientes\u201d.<\/p>\n<p><img decoding=\"async\" class=\"aligncenter size-thumbnail wp-image-29287 lazyload\" data-src=\"https:\/\/www.lasrosas.com.ar\/portal\/wp-content\/uploads\/cordoba-montana-640x480.jpg\" alt=\"\" width=\"640\" height=\"480\" src=\"data:image\/svg+xml;base64,PHN2ZyB3aWR0aD0iMSIgaGVpZ2h0PSIxIiB4bWxucz0iaHR0cDovL3d3dy53My5vcmcvMjAwMC9zdmciPjwvc3ZnPg==\" style=\"--smush-placeholder-width: 640px; --smush-placeholder-aspect-ratio: 640\/480;\" \/><\/p>\n<p><strong>Pensando en el verano<\/strong><\/p>\n<p>Las experiencias tur\u00edsticas benefician a toda la cadena, desde la agencia de viaje hasta el peque\u00f1o prestador,\u00a0 este ser\u00e1 un modo de acelerar el trabajo, con el objetivo de llegar bien parados a la temporada de verano.<\/p>\n<p>Si bien es imposible asegurar una fecha de reapertura tur\u00edstica en la provincia, se estima que durante la primavera realizar\u00edan pruebas por sectores, con todos los protocolos sanitarios para las distintas actividades. Las experiencias de provincias que abrieron antes de tener resuelta la situaci\u00f3n epidemiol\u00f3gica, no fueron buenas.<\/p>\n\r\n\t\t<style type='text\/css'>\r\n\t\t\t#gallery-2 {\r\n\t\t\t\tmargin: auto;\r\n\t\t\t}\r\n\t\t\t#gallery-2 .gallery-item {\r\n\t\t\t\tfloat: left;\r\n\t\t\t\tmargin-top: 10px;\r\n\t\t\t\ttext-align: center;\r\n\t\t\t\twidth: 50%;\r\n\t\t\t}\r\n\t\t\t#gallery-2 img {\r\n\t\t\t\tborder: 2px solid #cfcfcf;\r\n\t\t\t}\r\n\t\t\t#gallery-2 .gallery-caption {\r\n\t\t\t\tmargin-left: 0;\r\n\t\t\t}\r\n\t\t<\/style>\r\n\t\t<!-- see gallery_shortcode() in wp-includes\/media.php -->\n\t\t<div id='gallery-2' class='gallery galleryid-29286 gallery-columns-2 gallery-size-medium gallery1'><script type=\"text\/javascript\">\r\n\/\/ <![CDATA[\r\n\tjQuery(document).ready(function () {\r\n\t\tjQuery(\".gallery1 a\").attr(\"rel\",\"gallery1\");\t\r\n\t\tjQuery('a[rel=\"gallery1\"]').colorbox({maxWidth:\"95%\", maxHeight:\"95%\",title: function(){ return jQuery(this).children().attr(\"alt\"); }, });\r\n\t});\r\n\/\/ ]]>\r\n<\/script>\n<dl class=\"gallery-item\">\n<dt class=\"gallery-icon\">\r\n<a href=\"https:\/\/www.lasrosas.com.ar\/portal\/wp-content\/uploads\/Noroeste-Characato-1920x1285.jpg\" title=\"\" rel=\"gallery1\"><img decoding=\"async\" data-src=\"https:\/\/www.lasrosas.com.ar\/portal\/wp-content\/uploads\/Noroeste-Characato-960x643.jpg\" width=\"960\" height=\"643\" alt=\"\" src=\"data:image\/svg+xml;base64,PHN2ZyB3aWR0aD0iMSIgaGVpZ2h0PSIxIiB4bWxucz0iaHR0cDovL3d3dy53My5vcmcvMjAwMC9zdmciPjwvc3ZnPg==\" class=\"lazyload\" style=\"--smush-placeholder-width: 960px; --smush-placeholder-aspect-ratio: 960\/643;\" \/><\/a>\r\n<\/dt><\/dl><dl class=\"gallery-item\">\n<dt class=\"gallery-icon\">\r\n<a href=\"https:\/\/www.lasrosas.com.ar\/portal\/wp-content\/uploads\/2-1-1-1920x1275.jpg\" title=\"\" rel=\"gallery1\"><img decoding=\"async\" data-src=\"https:\/\/www.lasrosas.com.ar\/portal\/wp-content\/uploads\/2-1-1-960x638.jpg\" width=\"960\" height=\"638\" alt=\"\" src=\"data:image\/svg+xml;base64,PHN2ZyB3aWR0aD0iMSIgaGVpZ2h0PSIxIiB4bWxucz0iaHR0cDovL3d3dy53My5vcmcvMjAwMC9zdmciPjwvc3ZnPg==\" class=\"lazyload\" style=\"--smush-placeholder-width: 960px; --smush-placeholder-aspect-ratio: 960\/638;\" \/><\/a>\r\n<\/dt><\/dl><br style=\"clear: both\" \/>\r\n\t\t<\/div>\n\n<p>Adem\u00e1s de los circuitos tradicionales en el catalogo de experiencias se busca apuntalar nuevos recorridos, nuevas modalidades de alojamiento, tanto en los destinos consolidados como en destinos emergentes.<\/p>\n<p>Aunque piensan este formato para ser aprovechado en una primera instancia por el turista cordob\u00e9s dentro de C\u00f3rdoba, si se produce la apertura de vuelos y de colectivos de media y larga distancia tambi\u00e9n podr\u00e1n comprar estos paquetes tur\u00edsticos desde cualquier lugar del pa\u00eds, para utilizarlos desde enero en adelante.<\/p>\n<!-- AddThis Advanced Settings generic via filter on the_content --><!-- AddThis Share Buttons generic via filter on the_content -->","protected":false},"excerpt":{"rendered":"<p>POR: Marcelo Lopez- @marcelolopezcba Se trata de un plan ambicioso de fortalecimiento comercial del sector donde el estado trabaja junto a los prestadores privados y las c\u00e1maras profesionales. La reactivaci\u00f3n del turismo no comenzar\u00e1 de un d\u00eda para el otro, apenas la pandemia pase al olvido, exista una vacuna o las condiciones sanitarias permitan retomar [&hellip;]<!-- AddThis Advanced Settings generic via filter on get_the_excerpt --><!-- AddThis Share Buttons generic via filter on get_the_excerpt --><\/p>\n","protected":false},"author":6,"featured_media":29295,"comment_status":"closed","ping_status":"open","sticky":false,"template":"","format":"standard","meta":{"_acf_changed":false,"om_disable_all_campaigns":false,"_monsterinsights_skip_tracking":false,"_monsterinsights_sitenote_active":false,"_monsterinsights_sitenote_note":"","_monsterinsights_sitenote_category":0,"_uf_show_specific_survey":0,"_uf_disable_surveys":false,"footnotes":""},"categories":[33],"tags":[],"class_list":["post-29286","post","type-post","status-publish","format-standard","has-post-thumbnail","hentry","category-las-rosas-trip"],"acf":[],"aioseo_notices":[],"_links":{"self":[{"href":"https:\/\/www.lasrosas.com.ar\/portal\/wp-json\/wp\/v2\/posts\/29286","targetHints":{"allow":["GET"]}}],"collection":[{"href":"https:\/\/www.lasrosas.com.ar\/portal\/wp-json\/wp\/v2\/posts"}],"about":[{"href":"https:\/\/www.lasrosas.com.ar\/portal\/wp-json\/wp\/v2\/types\/post"}],"author":[{"embeddable":true,"href":"https:\/\/www.lasrosas.com.ar\/portal\/wp-json\/wp\/v2\/users\/6"}],"replies":[{"embeddable":true,"href":"https:\/\/www.lasrosas.com.ar\/portal\/wp-json\/wp\/v2\/comments?post=29286"}],"version-history":[{"count":0,"href":"https:\/\/www.lasrosas.com.ar\/portal\/wp-json\/wp\/v2\/posts\/29286\/revisions"}],"wp:featuredmedia":[{"embeddable":true,"href":"https:\/\/www.lasrosas.com.ar\/portal\/wp-json\/wp\/v2\/media\/29295"}],"wp:attachment":[{"href":"https:\/\/www.lasrosas.com.ar\/portal\/wp-json\/wp\/v2\/media?parent=29286"}],"wp:term":[{"taxonomy":"category","embeddable":true,"href":"https:\/\/www.lasrosas.com.ar\/portal\/wp-json\/wp\/v2\/categories?post=29286"},{"taxonomy":"post_tag","embeddable":true,"href":"https:\/\/www.lasrosas.com.ar\/portal\/wp-json\/wp\/v2\/tags?post=29286"}],"curies":[{"name":"wp","href":"https:\/\/api.w.org\/{rel}","templated":true}]}}