{"id":29262,"date":"2020-09-09T15:46:12","date_gmt":"2020-09-09T18:46:12","guid":{"rendered":"https:\/\/www.lasrosas.com.ar\/portal\/?p=29262"},"modified":"2020-09-09T15:46:12","modified_gmt":"2020-09-09T18:46:12","slug":"shakira-shakira-el-romance-con-ale-sanz","status":"publish","type":"post","link":"https:\/\/www.lasrosas.com.ar\/portal\/shakira-shakira-el-romance-con-ale-sanz\/","title":{"rendered":"SHAKIRA SHAKIRA!!! EL ROMANCE CON ALE SANZ"},"content":{"rendered":"<p><strong><em>Siempre existi\u00f3 el rumor entre Shakira y Alejandro Sanz pero muchos s\u00f3lo quer\u00edan que fuera cierto por la \u00e9xitosa dupla que hac\u00edan.<\/em><\/strong><\/p>\n<p>Sin embargo, hace unas horas se viralizaron videos en donde se confirmar\u00eda la supuesta relaci\u00f3n que habr\u00edan tenido. Todo esto ocurr\u00eda entre los a\u00f1os en donde ellos lanzaron temas como \u00abLa Tortura\u00bb \u00abTe lo Agradezco,pero no\u00bb en 2005 y 2007. El rumor era tan fuerte que todos sus seguidores cre\u00edan que manten\u00edan el romance en secreto pero que la qu\u00edmica que ten\u00edan arriba del escenario, era demasiada obvia para negar un \u00abAffair\u00bb. Lo cierto es que despu\u00e9s de varios a\u00f1os, aparecieron unos videos en donde se los v\u00e9 muy cerca el uno del otro y los rumores regresaron para confirmar si hab\u00edan sido pareja o no. Los artistas no dieron declaraciones al respecto , pero sus fans se mueren por conocer la verdad.<\/p>\n<p>&nbsp;<\/p>\n<p><iframe data-src=\"https:\/\/www.youtube.com\/embed\/GD8fZFDkDV0\" width=\"560\" height=\"315\" frameborder=\"0\" allowfullscreen=\"allowfullscreen\" src=\"data:image\/svg+xml;base64,PHN2ZyB3aWR0aD0iMSIgaGVpZ2h0PSIxIiB4bWxucz0iaHR0cDovL3d3dy53My5vcmcvMjAwMC9zdmciPjwvc3ZnPg==\" class=\"lazyload\" data-load-mode=\"1\"><\/iframe><\/p>\n<!-- AddThis Advanced Settings generic via filter on the_content --><!-- AddThis Share Buttons generic via filter on the_content -->","protected":false},"excerpt":{"rendered":"<p>Siempre existi\u00f3 el rumor entre Shakira y Alejandro Sanz pero muchos s\u00f3lo quer\u00edan que fuera cierto por la \u00e9xitosa dupla que hac\u00edan. Sin embargo, hace unas horas se viralizaron videos en donde se confirmar\u00eda la supuesta relaci\u00f3n que habr\u00edan tenido. Todo esto ocurr\u00eda entre los a\u00f1os en donde ellos lanzaron temas como \u00abLa Tortura\u00bb \u00abTe [&hellip;]<!-- AddThis Advanced Settings generic via filter on get_the_excerpt --><!-- AddThis Share Buttons generic via filter on get_the_excerpt --><\/p>\n","protected":false},"author":6,"featured_media":29263,"comment_status":"closed","ping_status":"open","sticky":false,"template":"","format":"standard","meta":{"_acf_changed":false,"om_disable_all_campaigns":false,"_monsterinsights_skip_tracking":false,"_monsterinsights_sitenote_active":false,"_monsterinsights_sitenote_note":"","_monsterinsights_sitenote_category":0,"_uf_show_specific_survey":0,"_uf_disable_surveys":false,"footnotes":""},"categories":[234,100],"tags":[],"class_list":["post-29262","post","type-post","status-publish","format-standard","has-post-thumbnail","hentry","category-trend","category-noticias"],"acf":[],"aioseo_notices":[],"_links":{"self":[{"href":"https:\/\/www.lasrosas.com.ar\/portal\/wp-json\/wp\/v2\/posts\/29262","targetHints":{"allow":["GET"]}}],"collection":[{"href":"https:\/\/www.lasrosas.com.ar\/portal\/wp-json\/wp\/v2\/posts"}],"about":[{"href":"https:\/\/www.lasrosas.com.ar\/portal\/wp-json\/wp\/v2\/types\/post"}],"author":[{"embeddable":true,"href":"https:\/\/www.lasrosas.com.ar\/portal\/wp-json\/wp\/v2\/users\/6"}],"replies":[{"embeddable":true,"href":"https:\/\/www.lasrosas.com.ar\/portal\/wp-json\/wp\/v2\/comments?post=29262"}],"version-history":[{"count":0,"href":"https:\/\/www.lasrosas.com.ar\/portal\/wp-json\/wp\/v2\/posts\/29262\/revisions"}],"wp:featuredmedia":[{"embeddable":true,"href":"https:\/\/www.lasrosas.com.ar\/portal\/wp-json\/wp\/v2\/media\/29263"}],"wp:attachment":[{"href":"https:\/\/www.lasrosas.com.ar\/portal\/wp-json\/wp\/v2\/media?parent=29262"}],"wp:term":[{"taxonomy":"category","embeddable":true,"href":"https:\/\/www.lasrosas.com.ar\/portal\/wp-json\/wp\/v2\/categories?post=29262"},{"taxonomy":"post_tag","embeddable":true,"href":"https:\/\/www.lasrosas.com.ar\/portal\/wp-json\/wp\/v2\/tags?post=29262"}],"curies":[{"name":"wp","href":"https:\/\/api.w.org\/{rel}","templated":true}]}}