{"id":29186,"date":"2020-09-03T14:54:54","date_gmt":"2020-09-03T17:54:54","guid":{"rendered":"https:\/\/www.lasrosas.com.ar\/portal\/?p=29186"},"modified":"2020-09-03T14:54:54","modified_gmt":"2020-09-03T17:54:54","slug":"masterchef-celebrity-retrasado-por-coronavirus","status":"publish","type":"post","link":"https:\/\/www.lasrosas.com.ar\/portal\/masterchef-celebrity-retrasado-por-coronavirus\/","title":{"rendered":"MASTERCHEF CELEBRITY RETRASADO POR CORONAVIRUS"},"content":{"rendered":"<p><strong><em>El reality show de cocina m\u00e1s importante de argentina, debi\u00f3 postergarse debido al anuncio de Santiago Del Moro.<\/em><\/strong><\/p>\n<p>El joven periodista es el conductor del programa en donde participaran varias celebridades compitiendo por el gran premio de la cocina. La semana pasada ya habian comenzado con las grabaciones de la tira, pero debido a que Del Moro comunic\u00f3 que di\u00f3 positivo en Covid-19, debieron posponer las grabaciones.\u00a0<em>\u201cQuer\u00eda simplemente contarles que me llegaron los resultados del hisopado y soy COVID positivo totalmente asintom\u00e1tico.\u00a0\u00a1Todos en casa estamos muy bien! \u00a1Gracias! Les recuerdo que seguir\u00e9 transmitiendo mi programa de radio desde casa hasta tener el alta m\u00e9dica\u201d<\/em>&#8211; public\u00f3 el conductor a trav\u00e9s de su cuenta de Twitter.<\/p>\n<p>Quienes participaran en el reality show ser\u00e1n: Iliana Calabr\u00f3, Georgina Barbarrossa, Federico Bal, Roberto Moldavsky, El Polaco, Anal\u00eda Franch\u00edn, Claudia Villafa\u00f1e, Patricia Sosa, El Mono de Kapanga, Boy Olmi, el Turco Garc\u00eda. Desde la producci\u00f3n esperan que Santiago est\u00e9 recuperado para el 10 de septiembre para poder comenzar el programa el d\u00eda 14 de septiembre.<\/p>\n<blockquote class=\"instagram-media\" style=\"background: #FFF; border: 0; border-radius: 3px; box-shadow: 0 0 1px 0 rgba(0,0,0,0.5),0 1px 10px 0 rgba(0,0,0,0.15); margin: 1px; max-width: 540px; min-width: 326px; padding: 0; width: calc(100% - 2px);\" data-instgrm-captioned=\"\" data-instgrm-permalink=\"https:\/\/www.instagram.com\/p\/CEp5kfvDuSM\/?utm_source=ig_embed&amp;utm_campaign=loading\" data-instgrm-version=\"12\">\n<div style=\"padding: 16px;\">\n<p>&nbsp;<\/p>\n<div style=\"display: flex; flex-direction: row; align-items: center;\">\n<div style=\"background-color: #f4f4f4; border-radius: 50%; flex-grow: 0; height: 40px; margin-right: 14px; width: 40px;\"><\/div>\n<div style=\"display: flex; flex-direction: column; flex-grow: 1; justify-content: center;\">\n<div style=\"background-color: #f4f4f4; border-radius: 4px; flex-grow: 0; height: 14px; margin-bottom: 6px; width: 100px;\"><\/div>\n<div style=\"background-color: #f4f4f4; border-radius: 4px; flex-grow: 0; height: 14px; width: 60px;\"><\/div>\n<\/div>\n<\/div>\n<div style=\"padding: 19% 0;\"><\/div>\n<div style=\"display: block; height: 50px; margin: 0 auto 12px; width: 50px;\"><\/div>\n<div style=\"padding-top: 8px;\">\n<div style=\"color: #3897f0; font-family: Arial,sans-serif; font-size: 14px; font-style: normal; font-weight: 550; line-height: 18px;\">Ver esta publicaci\u00f3n en Instagram<\/div>\n<\/div>\n<div style=\"padding: 12.5% 0;\"><\/div>\n<div style=\"display: flex; flex-direction: row; margin-bottom: 14px; align-items: center;\">\n<div>\n<div style=\"background-color: #f4f4f4; border-radius: 50%; height: 12.5px; width: 12.5px; transform: translateX(0px) translateY(7px);\"><\/div>\n<div style=\"background-color: #f4f4f4; height: 12.5px; transform: rotate(-45deg) translateX(3px) translateY(1px); width: 12.5px; flex-grow: 0; margin-right: 14px; margin-left: 2px;\"><\/div>\n<div style=\"background-color: #f4f4f4; border-radius: 50%; height: 12.5px; width: 12.5px; transform: translateX(9px) translateY(-18px);\"><\/div>\n<\/div>\n<div style=\"margin-left: 8px;\">\n<div style=\"background-color: #f4f4f4; border-radius: 50%; flex-grow: 0; height: 20px; width: 20px;\"><\/div>\n<div style=\"width: 0; height: 0; border-top: 2px solid transparent; border-left: 6px solid #f4f4f4; border-bottom: 2px solid transparent; transform: translateX(16px) translateY(-4px) rotate(30deg);\"><\/div>\n<\/div>\n<div style=\"margin-left: auto;\">\n<div style=\"width: 0px; border-top: 8px solid #F4F4F4; border-right: 8px solid transparent; transform: translateY(16px);\"><\/div>\n<div style=\"background-color: #f4f4f4; flex-grow: 0; height: 12px; width: 16px; transform: translateY(-4px);\"><\/div>\n<div style=\"width: 0; height: 0; border-top: 8px solid #F4F4F4; border-left: 8px solid transparent; transform: translateY(-4px) translateX(8px);\"><\/div>\n<\/div>\n<\/div>\n<p>&nbsp;<\/p>\n<p style=\"margin: 8px 0 0 0; padding: 0 4px;\"><a style=\"color: #000; font-family: Arial,sans-serif; font-size: 14px; font-style: normal; font-weight: normal; line-height: 17px; text-decoration: none; word-wrap: break-word;\" href=\"https:\/\/www.instagram.com\/p\/CEp5kfvDuSM\/?utm_source=ig_embed&amp;utm_campaign=loading\" target=\"_blank\" rel=\"noopener\">Comunicado de @santidelmoro ! Te mandamos un abrazo grande y que te mejores as\u00ed arranca #masterchefargentina ! &#x1f469;&#x200d;&#x1f373;&#x1f473;&#x1f1e6;&#x1f1f7;<\/a><\/p>\n<p style=\"color: #c9c8cd; font-family: Arial,sans-serif; font-size: 14px; line-height: 17px; margin-bottom: 0; margin-top: 8px; overflow: hidden; padding: 8px 0 7px; text-align: center; text-overflow: ellipsis; white-space: nowrap;\">Una publicaci\u00f3n compartida de <a style=\"color: #c9c8cd; font-family: Arial,sans-serif; font-size: 14px; font-style: normal; font-weight: normal; line-height: 17px;\" href=\"https:\/\/www.instagram.com\/masterchefcelebrityarg\/?utm_source=ig_embed&amp;utm_campaign=loading\" target=\"_blank\" rel=\"noopener\"> MasterChef Celebrity Argentina<\/a> (@masterchefcelebrityarg) el <time style=\"font-family: Arial,sans-serif; font-size: 14px; line-height: 17px;\" datetime=\"2020-09-03T00:42:58+00:00\">2 Sep, 2020 a las 5:42 PDT<\/time><\/p>\n<\/div>\n<\/blockquote>\n<p><script async src=\"\/\/www.instagram.com\/embed.js\"><\/script><\/p>\n<div class=\"inline | ad-wrapper display_flex align_items_center width_full justify_center\">\n<div class=\"dfpAd display_inline_block ad_margin_wrapper text--center\">\n<div id=\"infobae\/teleshow\/infoshow\/nota\/inline\" class=\"infobae\/teleshow\/infoshow\/nota\/inline arcad\" data-google-query-id=\"COzAq-vBzesCFXwyuQYdmRADxg\"><\/div>\n<\/div>\n<\/div>\n<!-- AddThis Advanced Settings generic via filter on the_content --><!-- AddThis Share Buttons generic via filter on the_content -->","protected":false},"excerpt":{"rendered":"<p>El reality show de cocina m\u00e1s importante de argentina, debi\u00f3 postergarse debido al anuncio de Santiago Del Moro. El joven periodista es el conductor del programa en donde participaran varias celebridades compitiendo por el gran premio de la cocina. La semana pasada ya habian comenzado con las grabaciones de la tira, pero debido a que [&hellip;]<!-- AddThis Advanced Settings generic via filter on get_the_excerpt --><!-- AddThis Share Buttons generic via filter on get_the_excerpt --><\/p>\n","protected":false},"author":6,"featured_media":29187,"comment_status":"closed","ping_status":"open","sticky":false,"template":"","format":"standard","meta":{"_acf_changed":false,"om_disable_all_campaigns":false,"_monsterinsights_skip_tracking":false,"_monsterinsights_sitenote_active":false,"_monsterinsights_sitenote_note":"","_monsterinsights_sitenote_category":0,"_uf_show_specific_survey":0,"_uf_disable_surveys":false,"footnotes":""},"categories":[100],"tags":[],"class_list":["post-29186","post","type-post","status-publish","format-standard","has-post-thumbnail","hentry","category-noticias"],"acf":[],"aioseo_notices":[],"_links":{"self":[{"href":"https:\/\/www.lasrosas.com.ar\/portal\/wp-json\/wp\/v2\/posts\/29186","targetHints":{"allow":["GET"]}}],"collection":[{"href":"https:\/\/www.lasrosas.com.ar\/portal\/wp-json\/wp\/v2\/posts"}],"about":[{"href":"https:\/\/www.lasrosas.com.ar\/portal\/wp-json\/wp\/v2\/types\/post"}],"author":[{"embeddable":true,"href":"https:\/\/www.lasrosas.com.ar\/portal\/wp-json\/wp\/v2\/users\/6"}],"replies":[{"embeddable":true,"href":"https:\/\/www.lasrosas.com.ar\/portal\/wp-json\/wp\/v2\/comments?post=29186"}],"version-history":[{"count":0,"href":"https:\/\/www.lasrosas.com.ar\/portal\/wp-json\/wp\/v2\/posts\/29186\/revisions"}],"wp:featuredmedia":[{"embeddable":true,"href":"https:\/\/www.lasrosas.com.ar\/portal\/wp-json\/wp\/v2\/media\/29187"}],"wp:attachment":[{"href":"https:\/\/www.lasrosas.com.ar\/portal\/wp-json\/wp\/v2\/media?parent=29186"}],"wp:term":[{"taxonomy":"category","embeddable":true,"href":"https:\/\/www.lasrosas.com.ar\/portal\/wp-json\/wp\/v2\/categories?post=29186"},{"taxonomy":"post_tag","embeddable":true,"href":"https:\/\/www.lasrosas.com.ar\/portal\/wp-json\/wp\/v2\/tags?post=29186"}],"curies":[{"name":"wp","href":"https:\/\/api.w.org\/{rel}","templated":true}]}}