{"id":29160,"date":"2020-09-02T16:46:20","date_gmt":"2020-09-02T19:46:20","guid":{"rendered":"https:\/\/www.lasrosas.com.ar\/portal\/?p=29160"},"modified":"2020-09-02T16:46:20","modified_gmt":"2020-09-02T19:46:20","slug":"emily-in-paris-la-nueva-serie-de-netflix-con-lili-collins","status":"publish","type":"post","link":"https:\/\/www.lasrosas.com.ar\/portal\/emily-in-paris-la-nueva-serie-de-netflix-con-lili-collins\/","title":{"rendered":"EMILY IN PARIS , LA NUEVA SERIE DE NETFLIX CON LILI COLLINS"},"content":{"rendered":"<p><strong><em>La protagonista de \u00abLove Rosie\u00bb interpretar\u00e1 el papel prinicipal en la nueva serie de NETFLIX, que estrenar\u00e1 el pr\u00f3ximo 2 de Octubre.<\/em><\/strong><\/p>\n<p>De los creadores de \u00abSex And The City\u00bb, llega \u00abEmily in Paris\u00bb. Cuenta la historia de una joven ejecutiva de marketing que se muda a Par\u00eds para comenzar con su nuevo trabajo so\u00f1ado. En el cambio, ella vive un gran cambio cultural en donde deber\u00e1 aprender a vivir su nueva realidad y adaptarse a sus nuevos colegas y amigos. Adem\u00e1s de tener el mismo equipo detr\u00e1s que la \u00e9xitosa tira \u00abSex And The City\u00bb, tendr\u00e1 a\u00a0<b>Patricia Field<\/b>, como dise\u00f1adora de vestuario, quien adem\u00e1s estuvo en la serie de Sarah Jessica Parker y\u00a0The Devil Wears Prada.<\/p>\n<div class=\"sidebar\">\n<aside class=\"BlocksArticleFirstItem-aside\" data-asidewell=\"\">\n<section class=\"BasicPromoList\" data-module=\"\">\n<div data-module-contents=\"\">\n<div class=\"StoryPromo\" data-promo-type=\"external\" data-module=\"\">\n<div class=\"StoryPromo-info\"><\/div>\n<\/div>\n<\/div>\n<\/section>\n<\/aside>\n<\/div>\n<blockquote class=\"instagram-media\" style=\"background: #FFF; border: 0; border-radius: 3px; box-shadow: 0 0 1px 0 rgba(0,0,0,0.5),0 1px 10px 0 rgba(0,0,0,0.15); margin: 1px; max-width: 540px; min-width: 326px; padding: 0; width: calc(100% - 2px);\" data-instgrm-captioned=\"\" data-instgrm-permalink=\"https:\/\/www.instagram.com\/p\/CEmSG6dnk7q\/?utm_source=ig_embed&amp;utm_campaign=loading\" data-instgrm-version=\"12\">\n<div style=\"padding: 16px;\">\n<p>&nbsp;<\/p>\n<div style=\"display: flex; flex-direction: row; align-items: center;\">\n<div style=\"background-color: #f4f4f4; border-radius: 50%; flex-grow: 0; height: 40px; margin-right: 14px; width: 40px;\"><\/div>\n<div style=\"display: flex; flex-direction: column; flex-grow: 1; justify-content: center;\">\n<div style=\"background-color: #f4f4f4; border-radius: 4px; flex-grow: 0; height: 14px; margin-bottom: 6px; width: 100px;\"><\/div>\n<div style=\"background-color: #f4f4f4; border-radius: 4px; flex-grow: 0; height: 14px; width: 60px;\"><\/div>\n<\/div>\n<\/div>\n<div style=\"padding: 19% 0;\"><\/div>\n<div style=\"display: block; height: 50px; margin: 0 auto 12px; width: 50px;\"><\/div>\n<div style=\"padding-top: 8px;\">\n<div style=\"color: #3897f0; font-family: Arial,sans-serif; font-size: 14px; font-style: normal; font-weight: 550; line-height: 18px;\">Ver esta publicaci\u00f3n en Instagram<\/div>\n<\/div>\n<div style=\"padding: 12.5% 0;\"><\/div>\n<div style=\"display: flex; flex-direction: row; margin-bottom: 14px; align-items: center;\">\n<div>\n<div style=\"background-color: #f4f4f4; border-radius: 50%; height: 12.5px; width: 12.5px; transform: translateX(0px) translateY(7px);\"><\/div>\n<div style=\"background-color: #f4f4f4; height: 12.5px; transform: rotate(-45deg) translateX(3px) translateY(1px); width: 12.5px; flex-grow: 0; margin-right: 14px; margin-left: 2px;\"><\/div>\n<div style=\"background-color: #f4f4f4; border-radius: 50%; height: 12.5px; width: 12.5px; transform: translateX(9px) translateY(-18px);\"><\/div>\n<\/div>\n<div style=\"margin-left: 8px;\">\n<div style=\"background-color: #f4f4f4; border-radius: 50%; flex-grow: 0; height: 20px; width: 20px;\"><\/div>\n<div style=\"width: 0; height: 0; border-top: 2px solid transparent; border-left: 6px solid #f4f4f4; border-bottom: 2px solid transparent; transform: translateX(16px) translateY(-4px) rotate(30deg);\"><\/div>\n<\/div>\n<div style=\"margin-left: auto;\">\n<div style=\"width: 0px; border-top: 8px solid #F4F4F4; border-right: 8px solid transparent; transform: translateY(16px);\"><\/div>\n<div style=\"background-color: #f4f4f4; flex-grow: 0; height: 12px; width: 16px; transform: translateY(-4px);\"><\/div>\n<div style=\"width: 0; height: 0; border-top: 8px solid #F4F4F4; border-left: 8px solid transparent; transform: translateY(-4px) translateX(8px);\"><\/div>\n<\/div>\n<\/div>\n<p>&nbsp;<\/p>\n<p style=\"margin: 8px 0 0 0; padding: 0 4px;\"><a style=\"color: #000; font-family: Arial,sans-serif; font-size: 14px; font-style: normal; font-weight: normal; line-height: 17px; text-decoration: none; word-wrap: break-word;\" href=\"https:\/\/www.instagram.com\/p\/CEmSG6dnk7q\/?utm_source=ig_embed&amp;utm_campaign=loading\" target=\"_blank\" rel=\"noopener\">Love. Beauty. Passion. Emily \u2014 Just a few of the things you\u2019ll find in Paris this fall. Emily in Paris, a new series from creator of Sex in the City, Darren Star, premieres October 2. Only on Netflix.<\/a><\/p>\n<p style=\"color: #c9c8cd; font-family: Arial,sans-serif; font-size: 14px; line-height: 17px; margin-bottom: 0; margin-top: 8px; overflow: hidden; padding: 8px 0 7px; text-align: center; text-overflow: ellipsis; white-space: nowrap;\">Una publicaci\u00f3n compartida de <a style=\"color: #c9c8cd; font-family: Arial,sans-serif; font-size: 14px; font-style: normal; font-weight: normal; line-height: 17px;\" href=\"https:\/\/www.instagram.com\/emilyinparis\/?utm_source=ig_embed&amp;utm_campaign=loading\" target=\"_blank\" rel=\"noopener\"> Emily In Paris<\/a> (@emilyinparis) el <time style=\"font-family: Arial,sans-serif; font-size: 14px; line-height: 17px;\" datetime=\"2020-09-01T15:03:08+00:00\">1 Sep, 2020 a las 8:03 PDT<\/time><\/p>\n<\/div>\n<\/blockquote>\n<p><script async src=\"\/\/www.instagram.com\/embed.js\"><\/script><\/p>\n<!-- AddThis Advanced Settings generic via filter on the_content --><!-- AddThis Share Buttons generic via filter on the_content -->","protected":false},"excerpt":{"rendered":"<p>La protagonista de \u00abLove Rosie\u00bb interpretar\u00e1 el papel prinicipal en la nueva serie de NETFLIX, que estrenar\u00e1 el pr\u00f3ximo 2 de Octubre. De los creadores de \u00abSex And The City\u00bb, llega \u00abEmily in Paris\u00bb. Cuenta la historia de una joven ejecutiva de marketing que se muda a Par\u00eds para comenzar con su nuevo trabajo so\u00f1ado. [&hellip;]<!-- AddThis Advanced Settings generic via filter on get_the_excerpt --><!-- AddThis Share Buttons generic via filter on get_the_excerpt --><\/p>\n","protected":false},"author":6,"featured_media":29161,"comment_status":"closed","ping_status":"open","sticky":false,"template":"","format":"standard","meta":{"_acf_changed":false,"om_disable_all_campaigns":false,"_monsterinsights_skip_tracking":false,"_monsterinsights_sitenote_active":false,"_monsterinsights_sitenote_note":"","_monsterinsights_sitenote_category":0,"_uf_show_specific_survey":0,"_uf_disable_surveys":false,"footnotes":""},"categories":[234,100],"tags":[],"class_list":["post-29160","post","type-post","status-publish","format-standard","has-post-thumbnail","hentry","category-trend","category-noticias"],"acf":[],"aioseo_notices":[],"_links":{"self":[{"href":"https:\/\/www.lasrosas.com.ar\/portal\/wp-json\/wp\/v2\/posts\/29160","targetHints":{"allow":["GET"]}}],"collection":[{"href":"https:\/\/www.lasrosas.com.ar\/portal\/wp-json\/wp\/v2\/posts"}],"about":[{"href":"https:\/\/www.lasrosas.com.ar\/portal\/wp-json\/wp\/v2\/types\/post"}],"author":[{"embeddable":true,"href":"https:\/\/www.lasrosas.com.ar\/portal\/wp-json\/wp\/v2\/users\/6"}],"replies":[{"embeddable":true,"href":"https:\/\/www.lasrosas.com.ar\/portal\/wp-json\/wp\/v2\/comments?post=29160"}],"version-history":[{"count":0,"href":"https:\/\/www.lasrosas.com.ar\/portal\/wp-json\/wp\/v2\/posts\/29160\/revisions"}],"wp:featuredmedia":[{"embeddable":true,"href":"https:\/\/www.lasrosas.com.ar\/portal\/wp-json\/wp\/v2\/media\/29161"}],"wp:attachment":[{"href":"https:\/\/www.lasrosas.com.ar\/portal\/wp-json\/wp\/v2\/media?parent=29160"}],"wp:term":[{"taxonomy":"category","embeddable":true,"href":"https:\/\/www.lasrosas.com.ar\/portal\/wp-json\/wp\/v2\/categories?post=29160"},{"taxonomy":"post_tag","embeddable":true,"href":"https:\/\/www.lasrosas.com.ar\/portal\/wp-json\/wp\/v2\/tags?post=29160"}],"curies":[{"name":"wp","href":"https:\/\/api.w.org\/{rel}","templated":true}]}}