{"id":29144,"date":"2020-09-01T14:18:09","date_gmt":"2020-09-01T17:18:09","guid":{"rendered":"https:\/\/www.lasrosas.com.ar\/portal\/?p=29144"},"modified":"2020-09-01T14:18:09","modified_gmt":"2020-09-01T17:18:09","slug":"la-opcion-de-compra-de-dolares-clavada-en-varias-apps-de-bancos","status":"publish","type":"post","link":"https:\/\/www.lasrosas.com.ar\/portal\/la-opcion-de-compra-de-dolares-clavada-en-varias-apps-de-bancos\/","title":{"rendered":"LA OPCI\u00d3N DE COMPRA DE D\u00d3LARES \u00abCLAVADA\u00bb EN VARIAS APPS DE BANCOS"},"content":{"rendered":"<p><em><strong>Inicia el mes y con \u00e9l se renueva la posibilidad de comprar US$ 200 por persona para atesoramiento. Puestos en la faena, tres personas vinculadas a\u00a0InfoNegocios\u00a0no pudieron acceder a esa opci\u00f3n en\u00a0Galicia,\u00a0Macro\u00a0y\u00a0Bancor. \u00bfM\u00e1s casos por ah\u00ed?<\/strong><\/em><\/p>\n<p>Mientras algunos c\u00e1lculos privados estiman que la venta de \u00abd\u00f3lar solidario\u00bb podr\u00eda costarle este mes unos US$ 1.000 millones al\u00a0<strong>BCRA<\/strong>, hoy al inicio de mes la operatoria v\u00eda home banking presenta restricciones, al menos en tres casos comprobados en\u00a0<strong>Banco Galicia<\/strong>,\u00a0<strong>Bancor\u00a0<\/strong>y\u00a0<strong>Macro<\/strong>.<\/p>\n<p>LE\u00c9 LA NOTA COMPLETA EN <span style=\"color: #0000ff;\"><a style=\"color: #0000ff;\" href=\"https:\/\/infonegocios.info\/que-esta-pasando\/ops-la-opcion-de-compra-de-dolares-clavada-en-galicia-macro-y-bancor-a-las-pruebas-me-remito\">INFONEGOCIOS<\/a><\/span><\/p>\n<!-- AddThis Advanced Settings generic via filter on the_content --><!-- AddThis Share Buttons generic via filter on the_content -->","protected":false},"excerpt":{"rendered":"<p>Inicia el mes y con \u00e9l se renueva la posibilidad de comprar US$ 200 por persona para atesoramiento. Puestos en la faena, tres personas vinculadas a\u00a0InfoNegocios\u00a0no pudieron acceder a esa opci\u00f3n en\u00a0Galicia,\u00a0Macro\u00a0y\u00a0Bancor. \u00bfM\u00e1s casos por ah\u00ed? Mientras algunos c\u00e1lculos privados estiman que la venta de \u00abd\u00f3lar solidario\u00bb podr\u00eda costarle este mes unos US$ 1.000 millones [&hellip;]<!-- AddThis Advanced Settings generic via filter on get_the_excerpt --><!-- AddThis Share Buttons generic via filter on get_the_excerpt --><\/p>\n","protected":false},"author":6,"featured_media":29145,"comment_status":"closed","ping_status":"open","sticky":false,"template":"","format":"standard","meta":{"_acf_changed":false,"om_disable_all_campaigns":false,"_monsterinsights_skip_tracking":false,"_monsterinsights_sitenote_active":false,"_monsterinsights_sitenote_note":"","_monsterinsights_sitenote_category":0,"_uf_show_specific_survey":0,"_uf_disable_surveys":false,"footnotes":""},"categories":[375],"tags":[],"class_list":["post-29144","post","type-post","status-publish","format-standard","has-post-thumbnail","hentry","category-infonegocios"],"acf":[],"aioseo_notices":[],"_links":{"self":[{"href":"https:\/\/www.lasrosas.com.ar\/portal\/wp-json\/wp\/v2\/posts\/29144","targetHints":{"allow":["GET"]}}],"collection":[{"href":"https:\/\/www.lasrosas.com.ar\/portal\/wp-json\/wp\/v2\/posts"}],"about":[{"href":"https:\/\/www.lasrosas.com.ar\/portal\/wp-json\/wp\/v2\/types\/post"}],"author":[{"embeddable":true,"href":"https:\/\/www.lasrosas.com.ar\/portal\/wp-json\/wp\/v2\/users\/6"}],"replies":[{"embeddable":true,"href":"https:\/\/www.lasrosas.com.ar\/portal\/wp-json\/wp\/v2\/comments?post=29144"}],"version-history":[{"count":0,"href":"https:\/\/www.lasrosas.com.ar\/portal\/wp-json\/wp\/v2\/posts\/29144\/revisions"}],"wp:featuredmedia":[{"embeddable":true,"href":"https:\/\/www.lasrosas.com.ar\/portal\/wp-json\/wp\/v2\/media\/29145"}],"wp:attachment":[{"href":"https:\/\/www.lasrosas.com.ar\/portal\/wp-json\/wp\/v2\/media?parent=29144"}],"wp:term":[{"taxonomy":"category","embeddable":true,"href":"https:\/\/www.lasrosas.com.ar\/portal\/wp-json\/wp\/v2\/categories?post=29144"},{"taxonomy":"post_tag","embeddable":true,"href":"https:\/\/www.lasrosas.com.ar\/portal\/wp-json\/wp\/v2\/tags?post=29144"}],"curies":[{"name":"wp","href":"https:\/\/api.w.org\/{rel}","templated":true}]}}