{"id":29140,"date":"2020-09-01T14:13:56","date_gmt":"2020-09-01T17:13:56","guid":{"rendered":"https:\/\/www.lasrosas.com.ar\/portal\/?p=29140"},"modified":"2020-09-01T14:13:56","modified_gmt":"2020-09-01T17:13:56","slug":"el-tiempo","status":"publish","type":"post","link":"https:\/\/www.lasrosas.com.ar\/portal\/el-tiempo\/","title":{"rendered":"EL TIEMPO"},"content":{"rendered":"<p><em><strong>El tiempo es la \u00fanica unidad de medida de la existencia de materia. Sin tiempo no existimos. De hecho todos nosotros tenemos un tiempo de vida. Y la \u00fanica verdad absoluta que yo conozco es que ese tiempo tarde o temprano se nos termina y nos morimos. Todo lo dem\u00e1s es relativo y lo que hacemos con nuestro tiempo depende de nosotros mismos principalmente.<\/strong><\/em><\/p>\n<p>Con todo esto quiero referirme a que seamos consciente de nuestro tiempo y que no sea un enemigo sino m\u00e1s bien nuestro aliado. Nunca nos alcanza el tiempo para hacer todo lo que queremos. Pero todo es cuesti\u00f3n de organizarse y optimizar los momentos para lograr nuestros objetivos. Una hora al d\u00eda para mejorar ya sea f\u00edsicamente o mentalmente, es sumamente necesario. El d\u00eda tiene 24 hs y dormimos entre 6 y 8 hs. Supongamos que de 8hs nos quedan 16 hs despiertos. Trabajamos, estudiamos promedio 8 a 10hs, as\u00ed que nos quedar\u00edan 6hs libres. El transporte de 1 a 2 hs que viajamos diariamente. Solo nos quedan 4 hs libres para sociabilizar, compartir nuestro tiempo con amigos, familia o hacer lo que nos gusta. Y de esas 4 hs podr\u00edamos utilizar 1 hs a diario para sumar a nuestra calidad de vida, a nuestros objetivos. Esta hora solo representa un 4% de nuestro d\u00eda. \u00a1No es nada un 4%! Ese es el tiempo que podr\u00edamos invertir en mejorar nuestra salud, en nuestro futuro y hacer que el tiempo de vida que nos queda sea mucho m\u00e1s agradable. Nuestro cuerpo es lo \u00fanico que realmente tenemos en nuestra vida, f\u00edsicamente hablando, y nuestra salud est\u00e1 asociada directamente al trato y cuidado que nosotros le damos a \u00e9l.<br \/>\nNuestro futuro depende de nuestras decisiones y acciones del presente. Organizarnos diariamente para poder aprovechar esa hora haciendo actividad f\u00edsica ser\u00eda quiz\u00e1s una hora o un d\u00eda de vida que ganemos.<br \/>\nLa alimentaci\u00f3n est\u00e1 totalmente ligada a nuestro futuro y salud tambi\u00e9n. Como siempre nombramos nuestra frase en RELIFE: \u201cLA ALIMENTACI\u00d3N DE HOY ES LA SALUD DEL MA\u00d1ANA\u201d. Por lo tanto tambi\u00e9n tenemos que tener en cuenta este punto para poder tener un mejor y mayor tiempo de vida.<br \/>\nNosotros con nuestros productos te facilitamos ese tiempo que muchas veces no dispones para pensar que comprar, hacer las compras, cocinar, lavar platos. Con nuestros exquisitos alimentos ganas doble tiempo: Presente, porque no tenes nada que hacer, y Futuro porque est\u00e1s ganando m\u00e1s tiempo de vida y salud. Cada vez que vayas a quedarte sin tiempo acordate que nosotros te facilitamos dos tiempos!!! Tenemos desayunos, meriendas y colaciones con nuestras PROTTORTAS y Budines. Almuerzos y cenas con PROVVIANDA, BurguerLife y Rebozaditos. \u00a1DISFRUTA DE TU VIDA, NOSOTROS NOS OCUPAMOS DE TU TIEMPO!<\/p>\n<blockquote class=\"instagram-media\" style=\"background: #FFF; border: 0; border-radius: 3px; box-shadow: 0 0 1px 0 rgba(0,0,0,0.5),0 1px 10px 0 rgba(0,0,0,0.15); margin: 1px; max-width: 540px; min-width: 326px; padding: 0; width: calc(100% - 2px);\" data-instgrm-captioned=\"\" data-instgrm-permalink=\"https:\/\/www.instagram.com\/p\/CEIJ4ORJO5e\/?utm_source=ig_embed&amp;utm_campaign=loading\" data-instgrm-version=\"12\">\n<div style=\"padding: 16px;\">\n<p>&nbsp;<\/p>\n<div style=\"display: flex; flex-direction: row; align-items: center;\">\n<div style=\"background-color: #f4f4f4; border-radius: 50%; flex-grow: 0; height: 40px; margin-right: 14px; width: 40px;\"><\/div>\n<div style=\"display: flex; flex-direction: column; flex-grow: 1; justify-content: center;\">\n<div style=\"background-color: #f4f4f4; border-radius: 4px; flex-grow: 0; height: 14px; margin-bottom: 6px; width: 100px;\"><\/div>\n<div style=\"background-color: #f4f4f4; border-radius: 4px; flex-grow: 0; height: 14px; width: 60px;\"><\/div>\n<\/div>\n<\/div>\n<div style=\"padding: 19% 0;\"><\/div>\n<div style=\"display: block; height: 50px; margin: 0 auto 12px; width: 50px;\"><\/div>\n<div style=\"padding-top: 8px;\">\n<div style=\"color: #3897f0; font-family: Arial,sans-serif; font-size: 14px; font-style: normal; font-weight: 550; line-height: 18px;\">Ver esta publicaci\u00f3n en Instagram<\/div>\n<\/div>\n<div style=\"padding: 12.5% 0;\"><\/div>\n<div style=\"display: flex; flex-direction: row; margin-bottom: 14px; align-items: center;\">\n<div>\n<div style=\"background-color: #f4f4f4; border-radius: 50%; height: 12.5px; width: 12.5px; transform: translateX(0px) translateY(7px);\"><\/div>\n<div style=\"background-color: #f4f4f4; height: 12.5px; transform: rotate(-45deg) translateX(3px) translateY(1px); width: 12.5px; flex-grow: 0; margin-right: 14px; margin-left: 2px;\"><\/div>\n<div style=\"background-color: #f4f4f4; border-radius: 50%; height: 12.5px; width: 12.5px; transform: translateX(9px) translateY(-18px);\"><\/div>\n<\/div>\n<div style=\"margin-left: 8px;\">\n<div style=\"background-color: #f4f4f4; border-radius: 50%; flex-grow: 0; height: 20px; width: 20px;\"><\/div>\n<div style=\"width: 0; height: 0; border-top: 2px solid transparent; border-left: 6px solid #f4f4f4; border-bottom: 2px solid transparent; transform: translateX(16px) translateY(-4px) rotate(30deg);\"><\/div>\n<\/div>\n<div style=\"margin-left: auto;\">\n<div style=\"width: 0px; border-top: 8px solid #F4F4F4; border-right: 8px solid transparent; transform: translateY(16px);\"><\/div>\n<div style=\"background-color: #f4f4f4; flex-grow: 0; height: 12px; width: 16px; transform: translateY(-4px);\"><\/div>\n<div style=\"width: 0; height: 0; border-top: 8px solid #F4F4F4; border-left: 8px solid transparent; transform: translateY(-4px) translateX(8px);\"><\/div>\n<\/div>\n<\/div>\n<p>&nbsp;<\/p>\n<p style=\"margin: 8px 0 0 0; padding: 0 4px;\"><a style=\"color: #000; font-family: Arial,sans-serif; font-size: 14px; font-style: normal; font-weight: normal; line-height: 17px; text-decoration: none; word-wrap: break-word;\" href=\"https:\/\/www.instagram.com\/p\/CEIJ4ORJO5e\/?utm_source=ig_embed&amp;utm_campaign=loading\" target=\"_blank\" rel=\"noopener\">Para tus Desayunos, Brunch o Meriendas. Prottorta salada combinada con palta, huevo y cherris. C\u00f3rtalas a la mitad o en rodajas! Tambi\u00e9n podes tostarlas y son un &#x1f525; &#x2705;0% Grasas trans &#x2705;0% Azucar &#x2705;0% Harina HACEMOS ENV\u00cdOS A DOMICILIO GRATIS Hace tu pedido al 3516643929 LA ALIMENTACI\u00d3N DE HOY ES LA SALUD DEL MA\u00d1ANA #buenaalimentacion #salud #saludable #buenoshabitos #habito #consciencia #conscienciaalimentar #nutricion #fitness #fitnessmotivation<\/a><\/p>\n<p style=\"color: #c9c8cd; font-family: Arial,sans-serif; font-size: 14px; line-height: 17px; margin-bottom: 0; margin-top: 8px; overflow: hidden; padding: 8px 0 7px; text-align: center; text-overflow: ellipsis; white-space: nowrap;\">Una publicaci\u00f3n compartida de <a style=\"color: #c9c8cd; font-family: Arial,sans-serif; font-size: 14px; font-style: normal; font-weight: normal; line-height: 17px;\" href=\"https:\/\/www.instagram.com\/prottorta.relife\/?utm_source=ig_embed&amp;utm_campaign=loading\" target=\"_blank\" rel=\"noopener\"> Prottorta Relife<\/a> (@prottorta.relife) el <time style=\"font-family: Arial,sans-serif; font-size: 14px; line-height: 17px;\" datetime=\"2020-08-20T22:11:17+00:00\">20 Ago, 2020 a las 3:11 PDT<\/time><\/p>\n<\/div>\n<\/blockquote>\n<p><script async src=\"\/\/www.instagram.com\/embed.js\"><\/script><\/p>\n<!-- AddThis Advanced Settings generic via filter on the_content --><!-- AddThis Share Buttons generic via filter on the_content -->","protected":false},"excerpt":{"rendered":"<p>El tiempo es la \u00fanica unidad de medida de la existencia de materia. Sin tiempo no existimos. De hecho todos nosotros tenemos un tiempo de vida. Y la \u00fanica verdad absoluta que yo conozco es que ese tiempo tarde o temprano se nos termina y nos morimos. Todo lo dem\u00e1s es relativo y lo que [&hellip;]<!-- AddThis Advanced Settings generic via filter on get_the_excerpt --><!-- AddThis Share Buttons generic via filter on get_the_excerpt --><\/p>\n","protected":false},"author":6,"featured_media":29141,"comment_status":"closed","ping_status":"open","sticky":false,"template":"","format":"standard","meta":{"_acf_changed":false,"om_disable_all_campaigns":false,"_monsterinsights_skip_tracking":false,"_monsterinsights_sitenote_active":false,"_monsterinsights_sitenote_note":"","_monsterinsights_sitenote_category":0,"_uf_show_specific_survey":0,"_uf_disable_surveys":false,"footnotes":""},"categories":[376],"tags":[],"class_list":["post-29140","post","type-post","status-publish","format-standard","has-post-thumbnail","hentry","category-lifestyle"],"acf":[],"aioseo_notices":[],"_links":{"self":[{"href":"https:\/\/www.lasrosas.com.ar\/portal\/wp-json\/wp\/v2\/posts\/29140","targetHints":{"allow":["GET"]}}],"collection":[{"href":"https:\/\/www.lasrosas.com.ar\/portal\/wp-json\/wp\/v2\/posts"}],"about":[{"href":"https:\/\/www.lasrosas.com.ar\/portal\/wp-json\/wp\/v2\/types\/post"}],"author":[{"embeddable":true,"href":"https:\/\/www.lasrosas.com.ar\/portal\/wp-json\/wp\/v2\/users\/6"}],"replies":[{"embeddable":true,"href":"https:\/\/www.lasrosas.com.ar\/portal\/wp-json\/wp\/v2\/comments?post=29140"}],"version-history":[{"count":0,"href":"https:\/\/www.lasrosas.com.ar\/portal\/wp-json\/wp\/v2\/posts\/29140\/revisions"}],"wp:featuredmedia":[{"embeddable":true,"href":"https:\/\/www.lasrosas.com.ar\/portal\/wp-json\/wp\/v2\/media\/29141"}],"wp:attachment":[{"href":"https:\/\/www.lasrosas.com.ar\/portal\/wp-json\/wp\/v2\/media?parent=29140"}],"wp:term":[{"taxonomy":"category","embeddable":true,"href":"https:\/\/www.lasrosas.com.ar\/portal\/wp-json\/wp\/v2\/categories?post=29140"},{"taxonomy":"post_tag","embeddable":true,"href":"https:\/\/www.lasrosas.com.ar\/portal\/wp-json\/wp\/v2\/tags?post=29140"}],"curies":[{"name":"wp","href":"https:\/\/api.w.org\/{rel}","templated":true}]}}