{"id":29129,"date":"2020-08-31T16:32:18","date_gmt":"2020-08-31T19:32:18","guid":{"rendered":"https:\/\/www.lasrosas.com.ar\/portal\/?p=29129"},"modified":"2020-08-31T16:32:18","modified_gmt":"2020-08-31T19:32:18","slug":"catherine-fulop-y-su-familia-positivo-en-coronavirus","status":"publish","type":"post","link":"https:\/\/www.lasrosas.com.ar\/portal\/catherine-fulop-y-su-familia-positivo-en-coronavirus\/","title":{"rendered":"CATHERINE FULOP Y SU FAMILIA, POSITIVO EN CORONAVIRUS"},"content":{"rendered":"<p><strong><em>Lo comunic\u00f3 la conductora a trav\u00e9s de sus redes sociales.\u00a0\u201cRecen para que no haya ninguna complicaci\u00f3n. Yo tambi\u00e9n estoy rezando, al igual que mi familia y mis amigos\u201d- expres\u00f3 Cathy.<\/em><\/strong><\/p>\n<p><em>\u201cEstamos todos bien, gracias a Dios. Con los s\u00edntomas normales, algo de fiebre, dolor de garganta, dolor de cuerpo, sensaciones raras en la boca. Agradezco a todos los que se han preocupado\u201d- <\/em>contaba la actriz en su cuenta de Instagram. Luego de tener s\u00edntomas compatibles con el covid-19, Catherine decidi\u00f3 hisoparse y ah\u00ed fue que se enter\u00f3 que hab\u00eda contra\u00eddo el virus ella y su familia. Ademas cont\u00f3 que fue internada en el Instituto Argentino de Diagn\u00f3stico y Tratamiento\u00a0el fin de semana por la falta de oxigeno que estaba teniendo pero actualmente ya se encuentra en mejor estado de salud:\u00a0<em>\u201cAhora no me falta el ox\u00edgeno pero tengo una sensaci\u00f3n rara. Ya no tengo fiebre, pero s\u00ed mucho dolor de cuerpo\u201d.<\/em><\/p>\n<blockquote class=\"instagram-media\" style=\"background: #FFF; border: 0; border-radius: 3px; box-shadow: 0 0 1px 0 rgba(0,0,0,0.5),0 1px 10px 0 rgba(0,0,0,0.15); margin: 1px; max-width: 540px; min-width: 326px; padding: 0; width: calc(100% - 2px);\" data-instgrm-captioned=\"\" data-instgrm-permalink=\"https:\/\/www.instagram.com\/p\/CEZmFLmHYur\/?utm_source=ig_embed&amp;utm_campaign=loading\" data-instgrm-version=\"12\">\n<div style=\"padding: 16px;\">\n<p>&nbsp;<\/p>\n<div style=\"display: flex; flex-direction: row; align-items: center;\">\n<div style=\"background-color: #f4f4f4; border-radius: 50%; flex-grow: 0; height: 40px; margin-right: 14px; width: 40px;\"><\/div>\n<div style=\"display: flex; flex-direction: column; flex-grow: 1; justify-content: center;\">\n<div style=\"background-color: #f4f4f4; border-radius: 4px; flex-grow: 0; height: 14px; margin-bottom: 6px; width: 100px;\"><\/div>\n<div style=\"background-color: #f4f4f4; border-radius: 4px; flex-grow: 0; height: 14px; width: 60px;\"><\/div>\n<\/div>\n<\/div>\n<div style=\"padding: 19% 0;\"><\/div>\n<div style=\"display: block; height: 50px; margin: 0 auto 12px; width: 50px;\"><\/div>\n<div style=\"padding-top: 8px;\">\n<div style=\"color: #3897f0; font-family: Arial,sans-serif; font-size: 14px; font-style: normal; font-weight: 550; line-height: 18px;\">Ver esta publicaci\u00f3n en Instagram<\/div>\n<\/div>\n<div style=\"padding: 12.5% 0;\"><\/div>\n<div style=\"display: flex; flex-direction: row; margin-bottom: 14px; align-items: center;\">\n<div>\n<div style=\"background-color: #f4f4f4; border-radius: 50%; height: 12.5px; width: 12.5px; transform: translateX(0px) translateY(7px);\"><\/div>\n<div style=\"background-color: #f4f4f4; height: 12.5px; transform: rotate(-45deg) translateX(3px) translateY(1px); width: 12.5px; flex-grow: 0; margin-right: 14px; margin-left: 2px;\"><\/div>\n<div style=\"background-color: #f4f4f4; border-radius: 50%; height: 12.5px; width: 12.5px; transform: translateX(9px) translateY(-18px);\"><\/div>\n<\/div>\n<div style=\"margin-left: 8px;\">\n<div style=\"background-color: #f4f4f4; border-radius: 50%; flex-grow: 0; height: 20px; width: 20px;\"><\/div>\n<div style=\"width: 0; height: 0; border-top: 2px solid transparent; border-left: 6px solid #f4f4f4; border-bottom: 2px solid transparent; transform: translateX(16px) translateY(-4px) rotate(30deg);\"><\/div>\n<\/div>\n<div style=\"margin-left: auto;\">\n<div style=\"width: 0px; border-top: 8px solid #F4F4F4; border-right: 8px solid transparent; transform: translateY(16px);\"><\/div>\n<div style=\"background-color: #f4f4f4; flex-grow: 0; height: 12px; width: 16px; transform: translateY(-4px);\"><\/div>\n<div style=\"width: 0; height: 0; border-top: 8px solid #F4F4F4; border-left: 8px solid transparent; transform: translateY(-4px) translateX(8px);\"><\/div>\n<\/div>\n<\/div>\n<p>&nbsp;<\/p>\n<p style=\"margin: 8px 0 0 0; padding: 0 4px;\"><a style=\"color: #000; font-family: Arial,sans-serif; font-size: 14px; font-style: normal; font-weight: normal; line-height: 17px; text-decoration: none; word-wrap: break-word;\" href=\"https:\/\/www.instagram.com\/p\/CEZmFLmHYur\/?utm_source=ig_embed&amp;utm_campaign=loading\" target=\"_blank\" rel=\"noopener\">Hoy se celebras 100 an\u0303os de la radio en Argentina desde que cuatro jo\u0301venes fueron conocidos como \u201clos locos de la azotea\u201d despue\u0301s que el 27 de agosto de 1920 realizaron la primera transmisio\u0301n radial aca\u0301 en Buenos Aires desde la terraza del Teatro Coliseo. Cuentan que menos de 100 personas escucharon esa primera transmisio\u0301n, que marco\u0301 un antes y un despue\u0301s para los argentinos, y para la radiofoni\u0301a mundial. Nunca de chica pude haber imaginado que iba a tener el privilegio de estar frente a un micro\u0301fono; desde mis despertares junto a #juanmanuellaguardia si no me equivoco en #radiocapital o los sa\u0301bados limpiando la casa donde vivia con mis padres, escuchar la radio y llamar para concursar o cantar junto a los locutores, muchas historias, muchos recuerdos, &#8230;la radio afecta a la gente de una forma muy i\u0301ntima, de tu\u0301 a tu\u0301, y ofrece todo un mundo de comunicacio\u0301n silenciosa entre el locutor y el oyente&#8230; asi es como mis grandes amigos de vida son locutores , operadores y productores de radio, lo digo con mucha emocio\u0301n y agradecimiento a todos los que me recibieron en este hermoso medio de comunicacio\u0301n y me permiten la experiencia. Hoy en dia ser parte de #elclubdelmoro es un honor. Gracias Gracias Gracias FELIZ DIA DE LA RADIO!!!!! #diadelaradio #radio #radiofonia<\/a><\/p>\n<p style=\"color: #c9c8cd; font-family: Arial,sans-serif; font-size: 14px; line-height: 17px; margin-bottom: 0; margin-top: 8px; overflow: hidden; padding: 8px 0 7px; text-align: center; text-overflow: ellipsis; white-space: nowrap;\">Una publicaci\u00f3n compartida de <a style=\"color: #c9c8cd; font-family: Arial,sans-serif; font-size: 14px; font-style: normal; font-weight: normal; line-height: 17px;\" href=\"https:\/\/www.instagram.com\/fulopcatherine\/?utm_source=ig_embed&amp;utm_campaign=loading\" target=\"_blank\" rel=\"noopener\"> Catherine Fulop<\/a> (@fulopcatherine) el <time style=\"font-family: Arial,sans-serif; font-size: 14px; line-height: 17px;\" datetime=\"2020-08-27T16:44:49+00:00\">27 Ago, 2020 a las 9:44 PDT<\/time><\/p>\n<\/div>\n<\/blockquote>\n<p><script async src=\"\/\/www.instagram.com\/embed.js\"><\/script><\/p>\n<!-- AddThis Advanced Settings generic via filter on the_content --><!-- AddThis Share Buttons generic via filter on the_content -->","protected":false},"excerpt":{"rendered":"<p>Lo comunic\u00f3 la conductora a trav\u00e9s de sus redes sociales.\u00a0\u201cRecen para que no haya ninguna complicaci\u00f3n. Yo tambi\u00e9n estoy rezando, al igual que mi familia y mis amigos\u201d- expres\u00f3 Cathy. \u201cEstamos todos bien, gracias a Dios. Con los s\u00edntomas normales, algo de fiebre, dolor de garganta, dolor de cuerpo, sensaciones raras en la boca. Agradezco [&hellip;]<!-- AddThis Advanced Settings generic via filter on get_the_excerpt --><!-- AddThis Share Buttons generic via filter on get_the_excerpt --><\/p>\n","protected":false},"author":6,"featured_media":29130,"comment_status":"closed","ping_status":"open","sticky":false,"template":"","format":"standard","meta":{"_acf_changed":false,"om_disable_all_campaigns":false,"_monsterinsights_skip_tracking":false,"_monsterinsights_sitenote_active":false,"_monsterinsights_sitenote_note":"","_monsterinsights_sitenote_category":0,"_uf_show_specific_survey":0,"_uf_disable_surveys":false,"footnotes":""},"categories":[234,100],"tags":[],"class_list":["post-29129","post","type-post","status-publish","format-standard","has-post-thumbnail","hentry","category-trend","category-noticias"],"acf":[],"aioseo_notices":[],"_links":{"self":[{"href":"https:\/\/www.lasrosas.com.ar\/portal\/wp-json\/wp\/v2\/posts\/29129","targetHints":{"allow":["GET"]}}],"collection":[{"href":"https:\/\/www.lasrosas.com.ar\/portal\/wp-json\/wp\/v2\/posts"}],"about":[{"href":"https:\/\/www.lasrosas.com.ar\/portal\/wp-json\/wp\/v2\/types\/post"}],"author":[{"embeddable":true,"href":"https:\/\/www.lasrosas.com.ar\/portal\/wp-json\/wp\/v2\/users\/6"}],"replies":[{"embeddable":true,"href":"https:\/\/www.lasrosas.com.ar\/portal\/wp-json\/wp\/v2\/comments?post=29129"}],"version-history":[{"count":0,"href":"https:\/\/www.lasrosas.com.ar\/portal\/wp-json\/wp\/v2\/posts\/29129\/revisions"}],"wp:featuredmedia":[{"embeddable":true,"href":"https:\/\/www.lasrosas.com.ar\/portal\/wp-json\/wp\/v2\/media\/29130"}],"wp:attachment":[{"href":"https:\/\/www.lasrosas.com.ar\/portal\/wp-json\/wp\/v2\/media?parent=29129"}],"wp:term":[{"taxonomy":"category","embeddable":true,"href":"https:\/\/www.lasrosas.com.ar\/portal\/wp-json\/wp\/v2\/categories?post=29129"},{"taxonomy":"post_tag","embeddable":true,"href":"https:\/\/www.lasrosas.com.ar\/portal\/wp-json\/wp\/v2\/tags?post=29129"}],"curies":[{"name":"wp","href":"https:\/\/api.w.org\/{rel}","templated":true}]}}