{"id":29109,"date":"2020-08-28T16:32:57","date_gmt":"2020-08-28T19:32:57","guid":{"rendered":"https:\/\/www.lasrosas.com.ar\/portal\/?p=29109"},"modified":"2020-08-28T16:32:57","modified_gmt":"2020-08-28T19:32:57","slug":"presentacion-de-una-agencia","status":"publish","type":"post","link":"https:\/\/www.lasrosas.com.ar\/portal\/presentacion-de-una-agencia\/","title":{"rendered":"PRESENTACI\u00d3N DE \u00abUNA AGENCIA \u00ab"},"content":{"rendered":"<p><strong><em>En tiempos donde se valoran las ideas, UNA Agencia las pone en acci\u00f3n. Un equipo coordinado por tres profesionales que convierte las intenciones en experiencias a trav\u00e9s de las observaciones, estudos, analisis, diagramas y transformaciones.<\/em><\/strong><\/p>\n<p>\u00abSomos UNA Agencia\u00bb naci\u00f3 durante el mes de abril de 2020, en plena pandemia mundial, porque coinsideraban que era el momento de aportar valor al marketing y a los eventos. Y sobretodo, ponerle coraz\u00f3n a las marcas o los servicios que buscan ser comunicados. Aportando as\u00ed ideas innovadoras y saber c\u00f3mo hacerlo.<\/p>\n<p><em><strong>Qui\u00e9nes son?<\/strong><\/em><\/p>\n<p><strong>\u00c1ngela \u201cAngie\u201d Altieri:<\/strong> Producci\u00f3n de eventos y manejo de cuentas. Se especializa en la organizaci\u00f3n y gesti\u00f3n de eventos. Es la cabeza tech y quien sabe de log\u00edstica.<\/p>\n<p><strong>Cecilia \u201cCe\u201d Bertarelli<\/strong>: Marketing y estrategia. Se especializa en los objetivos de las activaciones. Es la cabeza comercial y marketinera.<\/p>\n<p><strong>Emiliana \u201cMili\u201d Felizzia:<\/strong> Comunicaci\u00f3n y creatividad. Se especializa en las nuevas formas de interacci\u00f3n y en la innovaci\u00f3n de estilos.<\/p>\n<p><strong><em>Qu\u00e9 hacen?<\/em><\/strong><\/p>\n<ul>\n<li>Desarrollan estrategias y seguimiento de marcas en comunicaci\u00f3n digital (social media).<\/li>\n<li>Analizan marcas y proponen activaciones.<\/li>\n<li>Realizan eventos (f\u00edsicos y virtuales).<\/li>\n<li>Arman y desarrollan campa\u00f1as integrales on y off.<\/li>\n<li>Se destacan en las gestiones de prensa para eventos virtuales y presenciales.<\/li>\n<\/ul>\n<!-- AddThis Advanced Settings generic via filter on the_content --><!-- AddThis Share Buttons generic via filter on the_content -->","protected":false},"excerpt":{"rendered":"<p>En tiempos donde se valoran las ideas, UNA Agencia las pone en acci\u00f3n. Un equipo coordinado por tres profesionales que convierte las intenciones en experiencias a trav\u00e9s de las observaciones, estudos, analisis, diagramas y transformaciones. \u00abSomos UNA Agencia\u00bb naci\u00f3 durante el mes de abril de 2020, en plena pandemia mundial, porque coinsideraban que era el [&hellip;]<!-- AddThis Advanced Settings generic via filter on get_the_excerpt --><!-- AddThis Share Buttons generic via filter on get_the_excerpt --><\/p>\n","protected":false},"author":6,"featured_media":29110,"comment_status":"closed","ping_status":"open","sticky":false,"template":"","format":"standard","meta":{"_acf_changed":false,"om_disable_all_campaigns":false,"_monsterinsights_skip_tracking":false,"_monsterinsights_sitenote_active":false,"_monsterinsights_sitenote_note":"","_monsterinsights_sitenote_category":0,"_uf_show_specific_survey":0,"_uf_disable_surveys":false,"footnotes":""},"categories":[26],"tags":[],"class_list":["post-29109","post","type-post","status-publish","format-standard","has-post-thumbnail","hentry","category-negocios"],"acf":[],"aioseo_notices":[],"_links":{"self":[{"href":"https:\/\/www.lasrosas.com.ar\/portal\/wp-json\/wp\/v2\/posts\/29109","targetHints":{"allow":["GET"]}}],"collection":[{"href":"https:\/\/www.lasrosas.com.ar\/portal\/wp-json\/wp\/v2\/posts"}],"about":[{"href":"https:\/\/www.lasrosas.com.ar\/portal\/wp-json\/wp\/v2\/types\/post"}],"author":[{"embeddable":true,"href":"https:\/\/www.lasrosas.com.ar\/portal\/wp-json\/wp\/v2\/users\/6"}],"replies":[{"embeddable":true,"href":"https:\/\/www.lasrosas.com.ar\/portal\/wp-json\/wp\/v2\/comments?post=29109"}],"version-history":[{"count":0,"href":"https:\/\/www.lasrosas.com.ar\/portal\/wp-json\/wp\/v2\/posts\/29109\/revisions"}],"wp:featuredmedia":[{"embeddable":true,"href":"https:\/\/www.lasrosas.com.ar\/portal\/wp-json\/wp\/v2\/media\/29110"}],"wp:attachment":[{"href":"https:\/\/www.lasrosas.com.ar\/portal\/wp-json\/wp\/v2\/media?parent=29109"}],"wp:term":[{"taxonomy":"category","embeddable":true,"href":"https:\/\/www.lasrosas.com.ar\/portal\/wp-json\/wp\/v2\/categories?post=29109"},{"taxonomy":"post_tag","embeddable":true,"href":"https:\/\/www.lasrosas.com.ar\/portal\/wp-json\/wp\/v2\/tags?post=29109"}],"curies":[{"name":"wp","href":"https:\/\/api.w.org\/{rel}","templated":true}]}}