{"id":28961,"date":"2020-08-21T15:53:47","date_gmt":"2020-08-21T18:53:47","guid":{"rendered":"https:\/\/www.lasrosas.com.ar\/portal\/?p=28961"},"modified":"2020-08-21T15:53:47","modified_gmt":"2020-08-21T18:53:47","slug":"sebastian-yatra-presento-una-nueva-cancion","status":"publish","type":"post","link":"https:\/\/www.lasrosas.com.ar\/portal\/sebastian-yatra-presento-una-nueva-cancion\/","title":{"rendered":"SEBASTIAN YATRA PRESENT\u00d3 UNA NUEVA CANCI\u00d3N!"},"content":{"rendered":"<p><strong><em>El artista colombiano lanz\u00f3 este jueves un nuevo tema junto a\u00a0el cantante puertorrique\u00f1o \u00c1lvaro D\u00edaz. \u00abA Donde Van\u00bb es el titulo de la canci\u00f3n de estreno.<\/em><\/strong><\/p>\n<p>El tema es parte del nuevo disco que estrenar\u00e1 Sebastian Yatra a principios del a\u00f1o que viene ya que la pandemia afect\u00f3 en los proyectos que se ten\u00edan pensado.\u00a0<em>\u00abLa pandemia lo cambi\u00f3 todo. Por ahora no hay planes de retomar ese proyecto\u00bb<\/em>&#8211; expres\u00f3 el artista. Esta producci\u00f3n se llev\u00f3 a cabo durante la cuarentena y se compuso mediante videollamadas y reuniones privadas de zoom.\u00a0<em>\u00abMe encanta el resultado. Espero que tambi\u00e9n les guste a mis fans, pero en realidad ya me siento muy feliz con el trabajo que hicimos\u201d- <\/em>Agreg\u00f3 Sebas.<\/p>\n<p>La canci\u00f3n cuenta la historia de un desamor, de la famosa pregunta que se hacen cuando los besos se van de una relaci\u00f3n, cuando la pasi\u00f3n se pierde y el amor desaparece. \u00abA donde van\u00bb ya est\u00e1 disponible en las diferentes plataformas musicales y en el canal de YouTube ya super\u00f3 las 500 mil visualizaciones en menos de 24 horas.<\/p>\n<p><iframe data-src=\"https:\/\/www.youtube.com\/embed\/Mrj56WSTfxI\" width=\"560\" height=\"315\" frameborder=\"0\" allowfullscreen=\"allowfullscreen\" src=\"data:image\/svg+xml;base64,PHN2ZyB3aWR0aD0iMSIgaGVpZ2h0PSIxIiB4bWxucz0iaHR0cDovL3d3dy53My5vcmcvMjAwMC9zdmciPjwvc3ZnPg==\" class=\"lazyload\" data-load-mode=\"1\"><\/iframe><\/p>\n<!-- AddThis Advanced Settings generic via filter on the_content --><!-- AddThis Share Buttons generic via filter on the_content -->","protected":false},"excerpt":{"rendered":"<p>El artista colombiano lanz\u00f3 este jueves un nuevo tema junto a\u00a0el cantante puertorrique\u00f1o \u00c1lvaro D\u00edaz. \u00abA Donde Van\u00bb es el titulo de la canci\u00f3n de estreno. El tema es parte del nuevo disco que estrenar\u00e1 Sebastian Yatra a principios del a\u00f1o que viene ya que la pandemia afect\u00f3 en los proyectos que se ten\u00edan pensado.\u00a0\u00abLa [&hellip;]<!-- AddThis Advanced Settings generic via filter on get_the_excerpt --><!-- AddThis Share Buttons generic via filter on get_the_excerpt --><\/p>\n","protected":false},"author":6,"featured_media":28962,"comment_status":"closed","ping_status":"open","sticky":false,"template":"","format":"standard","meta":{"_acf_changed":false,"om_disable_all_campaigns":false,"_monsterinsights_skip_tracking":false,"_monsterinsights_sitenote_active":false,"_monsterinsights_sitenote_note":"","_monsterinsights_sitenote_category":0,"_uf_show_specific_survey":0,"_uf_disable_surveys":false,"footnotes":""},"categories":[234,100],"tags":[],"class_list":["post-28961","post","type-post","status-publish","format-standard","has-post-thumbnail","hentry","category-trend","category-noticias"],"acf":[],"aioseo_notices":[],"_links":{"self":[{"href":"https:\/\/www.lasrosas.com.ar\/portal\/wp-json\/wp\/v2\/posts\/28961","targetHints":{"allow":["GET"]}}],"collection":[{"href":"https:\/\/www.lasrosas.com.ar\/portal\/wp-json\/wp\/v2\/posts"}],"about":[{"href":"https:\/\/www.lasrosas.com.ar\/portal\/wp-json\/wp\/v2\/types\/post"}],"author":[{"embeddable":true,"href":"https:\/\/www.lasrosas.com.ar\/portal\/wp-json\/wp\/v2\/users\/6"}],"replies":[{"embeddable":true,"href":"https:\/\/www.lasrosas.com.ar\/portal\/wp-json\/wp\/v2\/comments?post=28961"}],"version-history":[{"count":0,"href":"https:\/\/www.lasrosas.com.ar\/portal\/wp-json\/wp\/v2\/posts\/28961\/revisions"}],"wp:featuredmedia":[{"embeddable":true,"href":"https:\/\/www.lasrosas.com.ar\/portal\/wp-json\/wp\/v2\/media\/28962"}],"wp:attachment":[{"href":"https:\/\/www.lasrosas.com.ar\/portal\/wp-json\/wp\/v2\/media?parent=28961"}],"wp:term":[{"taxonomy":"category","embeddable":true,"href":"https:\/\/www.lasrosas.com.ar\/portal\/wp-json\/wp\/v2\/categories?post=28961"},{"taxonomy":"post_tag","embeddable":true,"href":"https:\/\/www.lasrosas.com.ar\/portal\/wp-json\/wp\/v2\/tags?post=28961"}],"curies":[{"name":"wp","href":"https:\/\/api.w.org\/{rel}","templated":true}]}}