{"id":28935,"date":"2020-08-19T18:11:52","date_gmt":"2020-08-19T21:11:52","guid":{"rendered":"https:\/\/www.lasrosas.com.ar\/portal\/?p=28935"},"modified":"2020-08-20T13:25:30","modified_gmt":"2020-08-20T16:25:30","slug":"cercania-con-los-clientes-escuchar-y-brindar-soluciones-la-filosofia-de-avantrip-para-seguir-creciendo-2","status":"publish","type":"post","link":"https:\/\/www.lasrosas.com.ar\/portal\/cercania-con-los-clientes-escuchar-y-brindar-soluciones-la-filosofia-de-avantrip-para-seguir-creciendo-2\/","title":{"rendered":"LA JOYA QUE LOS EXTRANJEROS VIENEN A ADMIRAR. PARQUE NACIONAL IBERA"},"content":{"rendered":"<p><em>por Marcelo L\u00f3pez @marcelolopezcba<\/em><\/p>\n<p><em><strong>Marisi L\u00f3pez, Directora del Proyecto Ibera en la Fundaci\u00f3n Rewilding nos cuenta c\u00f3mo naci\u00f3 y como crece uno de los lugares m\u00e1s hermosos de nuestro pa\u00eds y uno de los mas renombrados a nivel mundial, el Parque Esteros del Iber\u00e1, meca mundial del turismo natural.<\/strong><\/em><\/p>\n<p>Contanos como es la composicion del parque Ibera en cuanto a las tierras, la extension, la propiedad y como se manejan en coordinacion con los diferentes Gobiernos.<\/p>\n<p>El Gran Parque Ibera, que as\u00ed lo llamamos porque est\u00e1 conformado por varias jurisdicciones. Se compone del Parque Nacional Ibera que est\u00e1 fundado sobre las tierras donadas por la Fundaci\u00f3n Rewilding ,al igual que la Reserva Nacional Ibera, que son alrededor de 200mil hect\u00e1reas, despu\u00e9s esta lo que es el Parque Provincial Ibera que son unas 500 hect\u00e1reas y la Reserva Provincial Ibera, lo que suma en total 1 mill\u00f3n 300 mil hect\u00e1reas. Todas son distintas \u201cfiguras\u201d de protecci\u00f3n. En el a\u00f1o 1983 sali\u00f3 la Ley Provincial que declaraba como \u00e1reas protegidas a 1 mill\u00f3n 300 mil hect\u00e1reas pero que abarcaba tierras fiscales y privadas, en 1993 se declara el \u201cParque\u201d sobre las tierras fiscales, en 1996 se ampl\u00eda ese parque provincial y en 2018 se crea el Parque Nacional y la Reserva Nacional con las tierras donadas por la Fundacion Rewilding. Luego se conforma el Comit\u00e9 Ibera que tiene representes del Gobierno Provincial, de la Fundaci\u00f3n y de Parques Nacionales donde se trabaja en conjunto; de hecho en 2019 se crearon los Planes de Gesti\u00f3n del Parque Ibera, tanto el Provincial como el Nacional y si bien son dos jurisdicciones distintas, la l\u00ednea de trabajo, los objetivos, proyectos y dem\u00e1s se consensuaron all\u00ed, atendi\u00e9ndose tambi\u00e9n algunos temas puntuales y particulares.<\/p>\n<p>\u00bf Que actividades realizan ustedes como fundaci\u00f3n all\u00ed?<\/p>\n<p>La fundaci\u00f3n tiene como objetivo combatir la sexta \u201ccrisis de extinci\u00f3n mundial\u201d Asi como hubo otras naturales (extinci\u00f3n de los Dinosaurios por ejemplo),\u00a0 esta es la primera provocada por el hombre, con cacer\u00edas, desmontes y dem\u00e1s. La Fundaci\u00f3n nace con ese objetivo y lleva adelante un modelo que se llama \u201cProducci\u00f3n de Naturaleza\u201d que naci\u00f3 precisamente en la Provincia de Corrientes en una \u201cbatalla\u201d donde la mayor\u00eda de la gente cre\u00eda que hab\u00eda un conflicto entre la protecci\u00f3n del medio ambiente y la producci\u00f3n econ\u00f3mica. Sin embargo es posible hacer ambas cosas y por eso este modelo se llama as\u00ed.<\/p>\n<p>La Producci\u00f3n de Naturaleza tiene 4\u00a0 pilares sobre los que se desarrolla:<\/p>\n<p>El Primero es la creaci\u00f3n de zonas protegidas (Parques, \u00c1reas, etc) que permiten mitigar amenazas de cacer\u00eda, desmonte y dem\u00e1s.<\/p>\n<p>El Segundo\u00a0 es el \u201crewilding\u201d que significa traer de nuevo especies que ya no se encuentran en el lugar pero son fundamentales para su equilibrio natural, por ejemplo en Ibera, eso significo traer de nuevo los osos hormigueros, yaguaret\u00e9s, tapires, pecar\u00edes, guacamayos rojos, entre otros.<\/p>\n<p>El Tercer pilar es el posicionamiento tur\u00edstico del lugar, en este caso el parque Ibera ha ido creciendo en reconocimiento a nivel local, nacional e internacional. Para que haya una nueva econom\u00eda y beneficios en este modelo hace falta generar recursos haciendo que el destino se posicione y se conozca y por eso se trabaja para que Ibera sea conocido como uno de los mejores destinos de Sudam\u00e9rica para el avistaje de fauna salvaje.<\/p>\n<p>El Cuarto y no menos importante es el trabajo con la Comunidad. Nada de lo anterior tiene sentido si la gente y las comunidades que viven all\u00ed y alrededor no pueden obtener un beneficio de tener ese parque vibrante y lleno de vida. Los turistas vienen al Ibera y contratan al gu\u00eda, el alojamiento, la comida, el transporte, las artesan\u00edas, generando toda una rueda vinculada al turismo.<\/p>\n<p><img decoding=\"async\" class=\"aligncenter size-thumbnail wp-image-28937 lazyload\" data-src=\"https:\/\/www.lasrosas.com.ar\/portal\/wp-content\/uploads\/PHOTO-2020-03-08-11-16-14-640x480.jpg\" alt=\"\" width=\"640\" height=\"480\" src=\"data:image\/svg+xml;base64,PHN2ZyB3aWR0aD0iMSIgaGVpZ2h0PSIxIiB4bWxucz0iaHR0cDovL3d3dy53My5vcmcvMjAwMC9zdmciPjwvc3ZnPg==\" style=\"--smush-placeholder-width: 640px; --smush-placeholder-aspect-ratio: 640\/480;\" \/><\/p>\n<p>\u00bf Cuales son los atractivos principales y porque es uno de los sitios elegidos para visitar en Argentina?<\/p>\n<p>Sin lugar a dudas el mayor atractivo es la fauna salvaje. Se pueden ver cada vez con m\u00e1s facilidad yacar\u00e9s, carpinchos, m\u00e1s de 350 variedades de aves, la mayor\u00eda de gran tama\u00f1o. No solo hay variedad sino cantidad. Por eso es muy elegido por fot\u00f3grafos de naturaleza.<\/p>\n<p>\u00bf Desde el punto de vista tur\u00edstico Ibera viene creciendo a\u00f1o a a\u00f1o. Ustedes tambi\u00e9n lo perciben as\u00ed?<\/p>\n<p>Si se percibe con datos concretos y cantidad de visitantes y m\u00e1s all\u00e1 de eso se percibe un crecimiento econ\u00f3mico en la comunidad alrededor de Ibera. Los hospedajes por ejemplo, se incrementaron mucho. El n\u00famero creciente de gente que se inscribe y se certifica como gu\u00eda, los cocineros que se van formando, hay una nueva econom\u00eda. Un ejemplo concreto de todo esto puede ser el pueblo de Concepcion\/Yaguarete Cor\u00e1, cercano al Ibera donde hasta hace 5 a\u00f1os su registro de turistas era cero mientras que en 2019 cerr\u00f3 el a\u00f1o con 6 mil visitantes. Hoy ah\u00ed se contratan gu\u00edas, grupos folcl\u00f3ricos, alojamiento y mucho m\u00e1s. Adem\u00e1s de todo eso hay un crecimiento social, antes los j\u00f3venes de esos pueblos deb\u00edan emigrar por falta de oportunidades\u00a0 y hoy pueden elegir quedarse porque hay capacitaciones, oficios, recuperaci\u00f3n de trabajos, cursos de ingl\u00e9s y otras cosas que les permiten permanecer en sus pueblos\u00a0 y conseguir un trabajo.<\/p>\n<p>\u00bf Cual es la propuesta a nivel turismo que ofrece Ibera? En quienes est\u00e1 enfocada o si tiene diferentes p\u00fablicos objetivo por as\u00ed decirlo? Internacionalmente cu\u00e1l es su posicionamiento?<\/p>\n<p>Ibera ofrece fauna en gran cantidad, libre y con un nivel de mansedumbre que permite que se la vea caminando, en canoa o un veh\u00edculo. Adem\u00e1s al tener varios accesos o \u201cportales\u201d posibles hace que no haya acumulaci\u00f3n de gente. Actualmente hay 6 portales y se est\u00e1 trabajando para llegar a los 10. Cada uno de esos portales tiene \u201cdiferencias\u201d en infraestructura, costumbres, formas de acceso y capacidad. Por ejemplo el portal San Antonio esta sobre ruta asfaltada lo que lo hace ideal para grupos grandes, hay portales pensados para el acceso con canoa, otros donde se puede navegar en lancha, est\u00e1n los enfocados en safari tur\u00edstico en veh\u00edculos, los que proponen actividades como canoa tirada por caballo (algo muy t\u00edpico de Ibera), el nado con caballos que est\u00e1 presente en otro de los portales y es algo que le gusta mucho a la gente, snorkel, caminatas con diversos tipos de complejidad, todo est\u00e1 pensado para distintos tipos de p\u00fablico e intereses<\/p>\n<p>\u00bf Las propuestas de alojamiento y excursiones y dem\u00e1s, si bien son privadas, son coordinadas por ustedes?<\/p>\n<p>No, la Fundaci\u00f3n no coordina estas actividades, solo Rinc\u00f3n del Socorro es propiedad nuestra. Desde el\u00a0 Comit\u00e9 Ibera, que es un ente mixto, se nuclean, organizan y coordinan las actividades de los privados<\/p>\n<p>\u00bf Hasta la aparici\u00f3n del COVID19 como estaba comport\u00e1ndose el n\u00famero de visitantes al parque? Con que origen o de d\u00f3nde proven\u00edan?<\/p>\n<p>EL Parque estaba recibiendo muchos visitantes nacionales, de diversas provincias y, como algo para destacar, cada vez m\u00e1s Correntinos, que curiosamente, antes no iban. Los extranjeros vienen principalmente de Inglaterra, Usa y\u00a0 Alemania, siempre con preeminencia de los europeos y casi todos ellos enfocados en el avistaje de aves.<\/p>\n<p>\u00bf Cual era la expectativa, en ese camino, para esta 2020?<\/p>\n<p>Era muy buena, ven\u00edamos progresando en cantidad de visitantes, hab\u00eda muchas reservas, tambi\u00e9n la prensa se estaba haciendo eco de nuestra propuesta ya que tuvimos en el Parque a gente de NY Times, PBS de USA, fuimos parte del documental \u201cLast Wild Places\u201d de National Geographic que nos incluy\u00f3 dentro una lista de 7 lugares del mundo, siendo uno de los 4 que se mostr\u00f3 en formato audiovisual, pero toda la repercusi\u00f3n del trabajo se detuvo. Si hubo consultas, comentarios y repercusiones de todo lo generado pero, obviamente,\u00a0 se postergo el impacto que supon\u00edamos iba a tener todo.<\/p>\n<p>\u00bf Hay una fecha estimada de apertura nuevamente?<\/p>\n<p>Depende de los Gobiernos Provincial y Nacional, Se hab\u00eda estimado el 1 de julio pero se pospuso hasta fin de ese mes.<\/p>\n<p>\u00bf Los alojamientos y dem\u00e1s servicios tienen ya alg\u00fan protocolo de trabajo para una futura apertura?<\/p>\n<p>S\u00ed. EL parque, los pueblos de alrededor, los prestadores, todos tienen un protocolo que implica m\u00e1s que nada reducir la cantidad de gente en cada lugar, restaurantes y lanchas por ejemplo, acotar las excursiones solo a grupos familiares, sin mezclar gente de diferente procedencia. Controles de temperatura y dem\u00e1s.<\/p>\n<p><img decoding=\"async\" class=\"aligncenter size-thumbnail wp-image-28938 lazyload\" data-src=\"https:\/\/www.lasrosas.com.ar\/portal\/wp-content\/uploads\/Marisi-Lo\u0301pez-640x480.jpeg\" alt=\"\" width=\"640\" height=\"480\" src=\"data:image\/svg+xml;base64,PHN2ZyB3aWR0aD0iMSIgaGVpZ2h0PSIxIiB4bWxucz0iaHR0cDovL3d3dy53My5vcmcvMjAwMC9zdmciPjwvc3ZnPg==\" style=\"--smush-placeholder-width: 640px; --smush-placeholder-aspect-ratio: 640\/480;\" \/><\/p>\n<p>Creo que en un primer momento post pandemia los sitios al aire libre, en contacto con la naturaleza y no masivos ser\u00e1n los \u00abganadores\u00bb. \u00bfUstedes que posici\u00f3n tienen y como se preparan?<\/p>\n<p>Creo que los destinos al aire libre, con fauna silvestre son los que m\u00e1s ventajas tienen. La gente est\u00e1 pidiendo sentirse \u201clibre\u201d otra vez y lugares como Ibera, donde no hay concentraciones de gente, no es masivo, son los que m\u00e1s se van a posicionar<\/p>\n<p>El alojamiento en Ibera tiene tarifas \u00abaltas\u00bb podr\u00edamos decir. Esto es consecuencia de un posicionamiento o de una situaci\u00f3n especial?<\/p>\n<p>Es cierto que comenz\u00f3 siendo as\u00ed, se posiciono (por decirlo de alguna forma con ese perfil) pero hoy ya hay una variedad amplia de tarifas, hay Lodges de 5 estrellas y tambi\u00e9n hay alojamientos m\u00e1s econ\u00f3micos, que van desde Hostales hasta casas de familia. Precisamente ese segmento creo un programa llamado \u201cBienvenido a nuestra casa\u201d ,que son familias alrededor del Ibera que se capacitaron en hoteler\u00eda, en como armar una cama, como limpiar, como preparar un alojamiento, un ba\u00f1o, una habitaci\u00f3n y reciben turistas que buscan compartir el \u201cd\u00eda a d\u00eda\u201d con la gente del lugar, para lograr otra experiencia, con los est\u00e1ndares de un hotel.<\/p>\n<p>\u00bf Si tuvieras que planificar una estad\u00eda \u00abperfecta\u00bb en Ibera cual ser\u00eda?<\/p>\n<p>Una estad\u00eda perfecta para mi incluye la visita a varios portales y no solo al parque, porque lo que tiene Ibera es la complejidad del lugar lo que le brinda un atractivo especial que va m\u00e1s all\u00e1 de la naturaleza para mezclarse con lo cultural, que es la esencia de Corrientes, por ejemplo en el portal Carambola que tiene mucha historia y tradici\u00f3n, se puede ver a los gauchos del lugar, visitar sus casas, conocer sus costumbres y compartir con ellos. Tampoco hay que perderse la canoa tirada por caballos que es algo \u00fanico de los esteros, llegar a los refugios en ese medio de transporte y estar en contacto con la gente que vive all\u00ed; hacer safaris fotogr\u00e1ficos en veh\u00edculos o caminando\u2026 en definitiva poder unir la cultura, la gente y la naturaleza para tener una experiencia \u00fanica e integral de Ibera.<\/p>\n<p>\u00bfCual es el diferencial de este parque con los otros del pa\u00eds?<\/p>\n<p>Es el \u00fanico de Argentina donde se puede ver tanta fauna mansa y accesible, es el \u00fanico en Sudam\u00e9rica con proyectos de reintroducci\u00f3n a gran escala, es la \u00fanica provincia del pa\u00eds con Guacamayos rojos en estado silvestre, adem\u00e1s de lo que dijimos antes de abundante fauna y cultura en un mismo lugar. Esto es porque Corrientes como provincia tomo como pol\u00edtica de estado la conservaci\u00f3n y la re introducci\u00f3n de especies. En ese camino la del Yaguarete es una de las experiencias m\u00e1s importantes con 5 ejemplares que pueden ser el comienzo de la poblaci\u00f3n inicial de Yaguaretes libres del Ibera, esta misma pol\u00edtica trajo de vuelta la Nutria Gigante o Lobo Gargantilla que estaba extinto en todo el pa\u00eds. Esto es resultado del trabajo conjunto de Parques Nacionales, La Provincia de Corrientes y la Fundaci\u00f3n, que hacen posible crear y llevar adelante un proyecto integral y diferente.<\/p>\n<p><img decoding=\"async\" class=\"aligncenter size-thumbnail wp-image-28939 lazyload\" data-src=\"https:\/\/www.lasrosas.com.ar\/portal\/wp-content\/uploads\/PHOTO-2020-03-08-11-16-13-640x480.jpg\" alt=\"\" width=\"640\" height=\"480\" src=\"data:image\/svg+xml;base64,PHN2ZyB3aWR0aD0iMSIgaGVpZ2h0PSIxIiB4bWxucz0iaHR0cDovL3d3dy53My5vcmcvMjAwMC9zdmciPjwvc3ZnPg==\" style=\"--smush-placeholder-width: 640px; --smush-placeholder-aspect-ratio: 640\/480;\" \/><\/p>\n<p>\u00bfLa crisis del Coronavirus paralizo o puso en pausa las actividades en el Parque?<\/p>\n<p>No, de hecho la Fundaci\u00f3n tiene gente en cada una de las estancias y lugares de trabajo por lo cual a\u00fan durante la pandemia y la etapa de aislamiento se pudo seguir trabajando y por ejemplo se liberaron 5 guacamayos rojos, generando una nueva poblaci\u00f3n, se llevaron Osos hormigueros, Nutrias, se hicieron pasarelas nuevas, se inaugur\u00f3 el camping\u2026 se sigue trabajando para cuando llegue el momento de abrir las puertas al publico<\/p>\n<p>\u00bf Finalmente cuales son las perspectivas para lo que resta de 2020 y cu\u00e1les son los planes a futuro?<\/p>\n<p>Las expectativas iniciales son las de recibir al p\u00fablico de Corrientes ni bien se abra el turismo,\u00a0 con eso comenzar a dar los primeros pasos como para ver c\u00f3mo funciona todo en esta nueva \u201crealidad y prepararnos para lo que viene.<\/p>\n<!-- AddThis Advanced Settings generic via filter on the_content --><!-- AddThis Share Buttons generic via filter on the_content -->","protected":false},"excerpt":{"rendered":"<p>por Marcelo L\u00f3pez @marcelolopezcba Marisi L\u00f3pez, Directora del Proyecto Ibera en la Fundaci\u00f3n Rewilding nos cuenta c\u00f3mo naci\u00f3 y como crece uno de los lugares m\u00e1s hermosos de nuestro pa\u00eds y uno de los mas renombrados a nivel mundial, el Parque Esteros del Iber\u00e1, meca mundial del turismo natural. Contanos como es la composicion del [&hellip;]<!-- AddThis Advanced Settings generic via filter on get_the_excerpt --><!-- AddThis Share Buttons generic via filter on get_the_excerpt --><\/p>\n","protected":false},"author":6,"featured_media":28936,"comment_status":"closed","ping_status":"open","sticky":false,"template":"","format":"standard","meta":{"_acf_changed":false,"om_disable_all_campaigns":false,"_monsterinsights_skip_tracking":false,"_monsterinsights_sitenote_active":false,"_monsterinsights_sitenote_note":"","_monsterinsights_sitenote_category":0,"_uf_show_specific_survey":0,"_uf_disable_surveys":false,"footnotes":""},"categories":[33],"tags":[],"class_list":["post-28935","post","type-post","status-publish","format-standard","has-post-thumbnail","hentry","category-las-rosas-trip"],"acf":[],"aioseo_notices":[],"_links":{"self":[{"href":"https:\/\/www.lasrosas.com.ar\/portal\/wp-json\/wp\/v2\/posts\/28935","targetHints":{"allow":["GET"]}}],"collection":[{"href":"https:\/\/www.lasrosas.com.ar\/portal\/wp-json\/wp\/v2\/posts"}],"about":[{"href":"https:\/\/www.lasrosas.com.ar\/portal\/wp-json\/wp\/v2\/types\/post"}],"author":[{"embeddable":true,"href":"https:\/\/www.lasrosas.com.ar\/portal\/wp-json\/wp\/v2\/users\/6"}],"replies":[{"embeddable":true,"href":"https:\/\/www.lasrosas.com.ar\/portal\/wp-json\/wp\/v2\/comments?post=28935"}],"version-history":[{"count":0,"href":"https:\/\/www.lasrosas.com.ar\/portal\/wp-json\/wp\/v2\/posts\/28935\/revisions"}],"wp:featuredmedia":[{"embeddable":true,"href":"https:\/\/www.lasrosas.com.ar\/portal\/wp-json\/wp\/v2\/media\/28936"}],"wp:attachment":[{"href":"https:\/\/www.lasrosas.com.ar\/portal\/wp-json\/wp\/v2\/media?parent=28935"}],"wp:term":[{"taxonomy":"category","embeddable":true,"href":"https:\/\/www.lasrosas.com.ar\/portal\/wp-json\/wp\/v2\/categories?post=28935"},{"taxonomy":"post_tag","embeddable":true,"href":"https:\/\/www.lasrosas.com.ar\/portal\/wp-json\/wp\/v2\/tags?post=28935"}],"curies":[{"name":"wp","href":"https:\/\/api.w.org\/{rel}","templated":true}]}}