{"id":28907,"date":"2020-08-18T18:18:58","date_gmt":"2020-08-18T21:18:58","guid":{"rendered":"https:\/\/www.lasrosas.com.ar\/portal\/?p=28907"},"modified":"2020-08-18T18:18:58","modified_gmt":"2020-08-18T21:18:58","slug":"sobrepeso-en-pandemia","status":"publish","type":"post","link":"https:\/\/www.lasrosas.com.ar\/portal\/sobrepeso-en-pandemia\/","title":{"rendered":"SOBREPESO EN PANDEMIA"},"content":{"rendered":"<p><em><strong>Esta sigue siendo una gran preocupaci\u00f3n en la mayor\u00eda de las personas. Como ya hemos hablado en varias ocasiones, esta pandemia que a\u00fan contin\u00faa, a m\u00e1s de uno de nosotros nos hizo incrementar de peso. A causa de la ansiedad, la incertidumbre, el miedo, el estr\u00e9s, y tantas razones m\u00e1s, hemos estado comiendo mucho m\u00e1s de lo habitual y con el aislamiento social, el cese de actividades y todos los factores que lograron en nuestras vidas un gran sedentarismo, provoc\u00f3 que toda esa energ\u00eda que consumimos de m\u00e1s, quedara almacenada en nuestro cuerpo sin poder gastarla.<\/strong><\/em><\/p>\n<p>Hoy 18 de Agosto, despu\u00e9s de 5 meses de haber cerrado los gimnasios y centros de actividades f\u00edsicas, nos encontramos con la hermosa noticia de que vuelven a abrir! Por fin tenemos la posibilidad de volver a entrenar y retomar los buenos h\u00e1bitos. Todos abren con sus respectivas normativas, en tiempos reducidos y con mucha precauci\u00f3n para el cuidado de todos.<br \/>\nQuiero aprovechar para decirles que aquellos que se anoten en el gimnasio o cualquier actividad f\u00edsica para poder bajar de peso, tiene que tener en cuenta, muy en cuenta, que la alimentaci\u00f3n tiene una gran importancia frente a este objetivo. El solo hecho de efectuar alguna actividad f\u00edsica, nos va a ayudar much\u00edsimo a poder consumir esta energ\u00eda que hemos almacenado en nuestros cuerpos, pero es de suma importancia tambi\u00e9n mejorar nuestros h\u00e1bitos alimenticios para optimizar los resultados. Tomar conciencia con la reducci\u00f3n de grasas, harinas, az\u00facar, alcohol, productos procesados y ultraprocesados; y buscar incrementar el consumo de frutas, verduras, legumbres, cereales integrales, carnes magras y huevos.<\/p>\n<blockquote class=\"instagram-media\" style=\"background: #FFF; border: 0; border-radius: 3px; box-shadow: 0 0 1px 0 rgba(0,0,0,0.5),0 1px 10px 0 rgba(0,0,0,0.15); margin: 1px; max-width: 540px; min-width: 326px; padding: 0; width: calc(100% - 2px);\" data-instgrm-captioned=\"\" data-instgrm-permalink=\"https:\/\/www.instagram.com\/p\/CDhuCrHJ9Q_\/?utm_source=ig_embed&amp;utm_campaign=loading\" data-instgrm-version=\"12\">\n<div style=\"padding: 16px;\">\n<p>&nbsp;<\/p>\n<div style=\"display: flex; flex-direction: row; align-items: center;\">\n<div style=\"background-color: #f4f4f4; border-radius: 50%; flex-grow: 0; height: 40px; margin-right: 14px; width: 40px;\"><\/div>\n<div style=\"display: flex; flex-direction: column; flex-grow: 1; justify-content: center;\">\n<div style=\"background-color: #f4f4f4; border-radius: 4px; flex-grow: 0; height: 14px; margin-bottom: 6px; width: 100px;\"><\/div>\n<div style=\"background-color: #f4f4f4; border-radius: 4px; flex-grow: 0; height: 14px; width: 60px;\"><\/div>\n<\/div>\n<\/div>\n<div style=\"padding: 19% 0;\"><\/div>\n<div style=\"display: block; height: 50px; margin: 0 auto 12px; width: 50px;\"><\/div>\n<div style=\"padding-top: 8px;\">\n<div style=\"color: #3897f0; font-family: Arial,sans-serif; font-size: 14px; font-style: normal; font-weight: 550; line-height: 18px;\">Ver esta publicaci\u00f3n en Instagram<\/div>\n<\/div>\n<div style=\"padding: 12.5% 0;\"><\/div>\n<div style=\"display: flex; flex-direction: row; margin-bottom: 14px; align-items: center;\">\n<div>\n<div style=\"background-color: #f4f4f4; border-radius: 50%; height: 12.5px; width: 12.5px; transform: translateX(0px) translateY(7px);\"><\/div>\n<div style=\"background-color: #f4f4f4; height: 12.5px; transform: rotate(-45deg) translateX(3px) translateY(1px); width: 12.5px; flex-grow: 0; margin-right: 14px; margin-left: 2px;\"><\/div>\n<div style=\"background-color: #f4f4f4; border-radius: 50%; height: 12.5px; width: 12.5px; transform: translateX(9px) translateY(-18px);\"><\/div>\n<\/div>\n<div style=\"margin-left: 8px;\">\n<div style=\"background-color: #f4f4f4; border-radius: 50%; flex-grow: 0; height: 20px; width: 20px;\"><\/div>\n<div style=\"width: 0; height: 0; border-top: 2px solid transparent; border-left: 6px solid #f4f4f4; border-bottom: 2px solid transparent; transform: translateX(16px) translateY(-4px) rotate(30deg);\"><\/div>\n<\/div>\n<div style=\"margin-left: auto;\">\n<div style=\"width: 0px; border-top: 8px solid #F4F4F4; border-right: 8px solid transparent; transform: translateY(16px);\"><\/div>\n<div style=\"background-color: #f4f4f4; flex-grow: 0; height: 12px; width: 16px; transform: translateY(-4px);\"><\/div>\n<div style=\"width: 0; height: 0; border-top: 8px solid #F4F4F4; border-left: 8px solid transparent; transform: translateY(-4px) translateX(8px);\"><\/div>\n<\/div>\n<\/div>\n<p>&nbsp;<\/p>\n<p style=\"margin: 8px 0 0 0; padding: 0 4px;\"><a style=\"color: #000; font-family: Arial,sans-serif; font-size: 14px; font-style: normal; font-weight: normal; line-height: 17px; text-decoration: none; word-wrap: break-word;\" href=\"https:\/\/www.instagram.com\/p\/CDhuCrHJ9Q_\/?utm_source=ig_embed&amp;utm_campaign=loading\" target=\"_blank\" rel=\"noopener\">Co\u0301mo Alimentarnos CONSCIENTEMENTE Alimentarse conscientemente es una FORMA DE VIDA. Proponemos los siguientes consejos para llevarla a cabo: &#x2705;La primera pregunta que debemos hacernos es: \u00bfTenemos hambre o es ansiedad? \u00bfO aburrimiento? \u00bfO capricho? Si a lo largo del di\u0301a (exceptuando las comidas esenciales) las respuestas a estas preguntas son afirmativas, entonces estamos haciendo algo mal. Sugerencia: podemos beber un vaso de agua, o salir a caminar, etc., es decir, distraernos para eliminar esa ingesta de alimentos innecesaria. &#x2705;La hora de comer. Es fundamental que la hora de comer sea la hora de comer. No la hora de adelantar trabajo, ni de consultar el telefono. Debemos CENTRARNOS en lo que estamos COMIENDO, en las SENSACIONES que nos producen los alimentos que tenemos en la mesa. Comer conscientemente es fundamental para una BUENA SALUD. Y como todos sabemos, la salud es lo primero. Comer de manera consciente ayudara\u0301 a nuestro cuerpo y a nuestra mente a relajarse y a DISFRUTAR DEL MOMENTO, porque la vida esta\u0301 hecha, simplemente, de momentos. #alimentacionconsciente #alimentacionsaludable #salud #saludable #estilodevida #estilodevidasaludable #nutricionsaludable #cuidadopersonal #motivacion #vidasana<\/a><\/p>\n<p style=\"color: #c9c8cd; font-family: Arial,sans-serif; font-size: 14px; line-height: 17px; margin-bottom: 0; margin-top: 8px; overflow: hidden; padding: 8px 0 7px; text-align: center; text-overflow: ellipsis; white-space: nowrap;\">Una publicaci\u00f3n compartida de <a style=\"color: #c9c8cd; font-family: Arial,sans-serif; font-size: 14px; font-style: normal; font-weight: normal; line-height: 17px;\" href=\"https:\/\/www.instagram.com\/prottorta.relife\/?utm_source=ig_embed&amp;utm_campaign=loading\" target=\"_blank\" rel=\"noopener\"> Prottorta Relife<\/a> (@prottorta.relife) el <time style=\"font-family: Arial,sans-serif; font-size: 14px; line-height: 17px;\" datetime=\"2020-08-05T23:56:55+00:00\">5 Ago, 2020 a las 4:56 PDT<\/time><\/p>\n<\/div>\n<\/blockquote>\n<p><script async src=\"\/\/www.instagram.com\/embed.js\"><\/script><br \/>\nSi empezamos una actividad f\u00edsica y optimizamos la energ\u00eda que ingerimos, otorg\u00e1ndole a nuestro cuerpo una mejora calidad, no solo que vamos a reducir esos kilos de m\u00e1s sino que tambi\u00e9n nos vamos a sentir mucho mejor f\u00edsica y an\u00edmicamente. Ya casi estamos volviendo a la normalidad y la gran mayor\u00eda vuelve a tener su rutina diaria. Para aquellos que no disponen del tiempo para cocinarse, hacer compras, pensar que comer, colas del supermercado, etc. Nosotros tenemos la soluci\u00f3n para poder mejorar su alimentaci\u00f3n. Con nuestros exquisitos productos saludables, s\u00faper pr\u00e1cticos y listos para consumir podemos cubrir todas las comidas del dia: Desayunos, meriendas y colaciones con PROTTORTAS, Budines y Mix energ\u00e9ticos. Almuerzos y cenas con PROVVIANDAS, BurgerLife y Rebozaditos.<\/p>\n<p>Nuestra modalidad de venta propone un mejor precio por cantidad, por lo cual recomiendo por ah\u00ed que se junten dos amigas\/os o con familiares para realizar la compra aprovechando nuestros packs y promos a mejor precio.<\/p>\n<!-- AddThis Advanced Settings generic via filter on the_content --><!-- AddThis Share Buttons generic via filter on the_content -->","protected":false},"excerpt":{"rendered":"<p>Esta sigue siendo una gran preocupaci\u00f3n en la mayor\u00eda de las personas. Como ya hemos hablado en varias ocasiones, esta pandemia que a\u00fan contin\u00faa, a m\u00e1s de uno de nosotros nos hizo incrementar de peso. A causa de la ansiedad, la incertidumbre, el miedo, el estr\u00e9s, y tantas razones m\u00e1s, hemos estado comiendo mucho m\u00e1s [&hellip;]<!-- AddThis Advanced Settings generic via filter on get_the_excerpt --><!-- AddThis Share Buttons generic via filter on get_the_excerpt --><\/p>\n","protected":false},"author":6,"featured_media":28908,"comment_status":"closed","ping_status":"open","sticky":false,"template":"","format":"standard","meta":{"_acf_changed":false,"om_disable_all_campaigns":false,"_monsterinsights_skip_tracking":false,"_monsterinsights_sitenote_active":false,"_monsterinsights_sitenote_note":"","_monsterinsights_sitenote_category":0,"_uf_show_specific_survey":0,"_uf_disable_surveys":false,"footnotes":""},"categories":[376],"tags":[],"class_list":["post-28907","post","type-post","status-publish","format-standard","has-post-thumbnail","hentry","category-lifestyle"],"acf":[],"aioseo_notices":[],"_links":{"self":[{"href":"https:\/\/www.lasrosas.com.ar\/portal\/wp-json\/wp\/v2\/posts\/28907","targetHints":{"allow":["GET"]}}],"collection":[{"href":"https:\/\/www.lasrosas.com.ar\/portal\/wp-json\/wp\/v2\/posts"}],"about":[{"href":"https:\/\/www.lasrosas.com.ar\/portal\/wp-json\/wp\/v2\/types\/post"}],"author":[{"embeddable":true,"href":"https:\/\/www.lasrosas.com.ar\/portal\/wp-json\/wp\/v2\/users\/6"}],"replies":[{"embeddable":true,"href":"https:\/\/www.lasrosas.com.ar\/portal\/wp-json\/wp\/v2\/comments?post=28907"}],"version-history":[{"count":0,"href":"https:\/\/www.lasrosas.com.ar\/portal\/wp-json\/wp\/v2\/posts\/28907\/revisions"}],"wp:featuredmedia":[{"embeddable":true,"href":"https:\/\/www.lasrosas.com.ar\/portal\/wp-json\/wp\/v2\/media\/28908"}],"wp:attachment":[{"href":"https:\/\/www.lasrosas.com.ar\/portal\/wp-json\/wp\/v2\/media?parent=28907"}],"wp:term":[{"taxonomy":"category","embeddable":true,"href":"https:\/\/www.lasrosas.com.ar\/portal\/wp-json\/wp\/v2\/categories?post=28907"},{"taxonomy":"post_tag","embeddable":true,"href":"https:\/\/www.lasrosas.com.ar\/portal\/wp-json\/wp\/v2\/tags?post=28907"}],"curies":[{"name":"wp","href":"https:\/\/api.w.org\/{rel}","templated":true}]}}