{"id":28873,"date":"2020-08-16T15:05:03","date_gmt":"2020-08-16T18:05:03","guid":{"rendered":"https:\/\/www.lasrosas.com.ar\/portal\/?p=28873"},"modified":"2020-08-16T15:05:03","modified_gmt":"2020-08-16T18:05:03","slug":"cuba-hoy-mas-que-nunca-es-sol-playas-y-seguridad","status":"publish","type":"post","link":"https:\/\/www.lasrosas.com.ar\/portal\/cuba-hoy-mas-que-nunca-es-sol-playas-y-seguridad\/","title":{"rendered":"CUBA HOY M\u00c1S QUE NUNCA ES SOL, PLAYAS Y SEGURIDAD"},"content":{"rendered":"<p>por Marcelo L\u00f3pez @marcelolopezcba<\/p>\n<p><strong><em>Cuba abri\u00f3 sus fronteras el 1 de Julio y especialmente al turismo toda la regi\u00f3n de los cayos, Cayo Santa Mar\u00eda, Cayo Guillermo, Cayos Largos del Sur, Cayo Coco y Cayo Cruz.<\/em><\/strong><\/p>\n<p>Esta m\u00e1gica zona del Caribe est\u00e1 recibiendo turistas ya de manera fluida debido al buen manejo que se hizo de la Pandemia de Covid19 en la isla. <em>\u201cQuiz\u00e1s una de las razones para que se haya logrado un resultado tan positivo de esta crisis de salud en Cuba se deba a que el sistema de salud es muy completo, que est\u00e1 entre los primeros del mundo por el nivel de sus profesionales y tambi\u00e9n porque la isla est\u00e1 acostumbrada a lidiar con cat\u00e1strofes naturales como huracanes y dem\u00e1s que hacen que tenga r\u00e1pidos reflejos en la forma de actuar y en las soluciones a este tipo de problemas\u201d<\/em> nos cuenta Janet Ayala Diaz, Consejera de la Oficina de Turismo de Cuba.<\/p>\n<p><img decoding=\"async\" class=\"aligncenter size-full wp-image-28875 lazyload\" data-src=\"https:\/\/www.lasrosas.com.ar\/portal\/wp-content\/uploads\/janet-ayala-diaz.jpg\" alt=\"\" width=\"200\" height=\"200\" src=\"data:image\/svg+xml;base64,PHN2ZyB3aWR0aD0iMSIgaGVpZ2h0PSIxIiB4bWxucz0iaHR0cDovL3d3dy53My5vcmcvMjAwMC9zdmciPjwvc3ZnPg==\" style=\"--smush-placeholder-width: 200px; --smush-placeholder-aspect-ratio: 200\/200;\" \/><br \/>\nPara ofrecer la seguridad sanitaria que corresponde y para garantizar que las vacaciones de cada persona que llegue a la isla sean placenteras y confiables se han seguido todos los protocolos especificados por la OMS, se hace un test a cada pasajero que arriba a la isla, se hacen controles de temperatura en cada contexto, se hace hincapi\u00e9 en el distanciamiento social, incluso en las playas y cada uno de los establecimientos hoteleros cuenta con un equipo m\u00e9dico las 24 horas, nos agrega.<\/p>\n<p><img decoding=\"async\" class=\"aligncenter size-thumbnail wp-image-28876 lazyload\" data-src=\"https:\/\/www.lasrosas.com.ar\/portal\/wp-content\/uploads\/gaviotas-640x480.jpg\" alt=\"\" width=\"640\" height=\"480\" src=\"data:image\/svg+xml;base64,PHN2ZyB3aWR0aD0iMSIgaGVpZ2h0PSIxIiB4bWxucz0iaHR0cDovL3d3dy53My5vcmcvMjAwMC9zdmciPjwvc3ZnPg==\" style=\"--smush-placeholder-width: 640px; --smush-placeholder-aspect-ratio: 640\/480;\" \/><br \/>\nEn un contexto tan particular como el actual para la industria del turismo el contar con un destino donde el problema del Coronavirus no est\u00e1 presente es un punto important\u00edsimo para la reactivaci\u00f3n. Si a eso le sumamos algunas de las playas m\u00e1s hermosas del mundo, la calidez de su gente y hoteler\u00eda de primer nivel tendremos un combo muy tentador que de hecho ya est\u00e1 mostrando sus resultados en las ventas a futuro que se vienen concretando, siendo el Caribe y especialmente Cuba uno de los m\u00e1s elegidos en el hot sale pasado.<\/p>\n<p><img decoding=\"async\" class=\"aligncenter size-thumbnail wp-image-28878 lazyload\" data-src=\"https:\/\/www.lasrosas.com.ar\/portal\/wp-content\/uploads\/selvas-1-640x480.jpg\" alt=\"\" width=\"640\" height=\"480\" src=\"data:image\/svg+xml;base64,PHN2ZyB3aWR0aD0iMSIgaGVpZ2h0PSIxIiB4bWxucz0iaHR0cDovL3d3dy53My5vcmcvMjAwMC9zdmciPjwvc3ZnPg==\" style=\"--smush-placeholder-width: 640px; --smush-placeholder-aspect-ratio: 640\/480;\" \/><br \/>\nSi bien el objetivo de la isla era llegar a los 5 millones de turistas en 2019 eso se vio \u201ctruncado\u201d de alguna manera por las restricciones \u00a0impuestas por USA en el endurecimiento de su bloqueo. Esto provoco que se suspendieran vuelos desde ese pa\u00eds y que incluso algunas l\u00edneas a\u00e9reas no norteamericanas pero con accionistas de esa nacionalidad (por caso Avianca) dejaron de volar hacia all\u00ed con el consiguiente achicamiento de los ingresos al pa\u00eds. Si bien se hab\u00edan sumado problemas las proyecciones para este a\u00f1o 2020 eran buenas pero esta crisis de alcance inusitado paralizo todo y ahora con esta nueva apertura (y a la espera de que los pa\u00edses emisores vayan abriendo sus fronteras, por caso nuestro pa\u00eds que es uno de los m\u00e1s importantes, despu\u00e9s de M\u00e9xico,\u00a0 or\u00edgenes de turismo latinoamericano en Cuba, vayan llegando) se est\u00e1n retomando los arribos, sobretodo desde Canada el pa\u00eds n\u00famero 1 en visitantes a la isla caribe\u00f1a.<\/p>\n<p><img decoding=\"async\" class=\"aligncenter size-thumbnail wp-image-28877 lazyload\" data-src=\"https:\/\/www.lasrosas.com.ar\/portal\/wp-content\/uploads\/havana-640x480.jpg\" alt=\"\" width=\"640\" height=\"480\" src=\"data:image\/svg+xml;base64,PHN2ZyB3aWR0aD0iMSIgaGVpZ2h0PSIxIiB4bWxucz0iaHR0cDovL3d3dy53My5vcmcvMjAwMC9zdmciPjwvc3ZnPg==\" style=\"--smush-placeholder-width: 640px; --smush-placeholder-aspect-ratio: 640\/480;\" \/><br \/>\nElegida por su seguridad,\u00a0 Cuba es uno de los destinos de turismo m\u00e1s seguros del mundo, y me atrevo a asegurar el m\u00e1s seguro de Centroam\u00e9rica y el Caribe, ahora puede sumar la seguridad y la confianza de su sistema de salud y la preservaci\u00f3n de sus visitantes en zonas libres de virus.<br \/>\nPrepara tus reservas, alista tus valijas porque el Caribe est\u00e1 m\u00e1s cerca y m\u00e1s seguro de lo que imaginas. Cuba es un destino \u00fanico sin lugar a dudas porque combina naturaleza y una cultura muy potente y personal.<br \/>\nPara mas informaci\u00f3n <a href=\"https:\/\/www.facebook.com\/MinturCuba.conosur\">https:\/\/www.facebook.com\/MinturCuba.conosur<\/a><br \/>\nInstagram @minturcuba<\/p>\n<p>Janet Ayala Diaz<\/p>\n<p>Consejera de la Oficina de Turismo de Cuba<\/p>\n<!-- AddThis Advanced Settings generic via filter on the_content --><!-- AddThis Share Buttons generic via filter on the_content -->","protected":false},"excerpt":{"rendered":"<p>por Marcelo L\u00f3pez @marcelolopezcba Cuba abri\u00f3 sus fronteras el 1 de Julio y especialmente al turismo toda la regi\u00f3n de los cayos, Cayo Santa Mar\u00eda, Cayo Guillermo, Cayos Largos del Sur, Cayo Coco y Cayo Cruz. Esta m\u00e1gica zona del Caribe est\u00e1 recibiendo turistas ya de manera fluida debido al buen manejo que se hizo [&hellip;]<!-- AddThis Advanced Settings generic via filter on get_the_excerpt --><!-- AddThis Share Buttons generic via filter on get_the_excerpt --><\/p>\n","protected":false},"author":6,"featured_media":28874,"comment_status":"closed","ping_status":"open","sticky":false,"template":"","format":"standard","meta":{"_acf_changed":false,"om_disable_all_campaigns":false,"_monsterinsights_skip_tracking":false,"_monsterinsights_sitenote_active":false,"_monsterinsights_sitenote_note":"","_monsterinsights_sitenote_category":0,"_uf_show_specific_survey":0,"_uf_disable_surveys":false,"footnotes":""},"categories":[33],"tags":[],"class_list":["post-28873","post","type-post","status-publish","format-standard","has-post-thumbnail","hentry","category-las-rosas-trip"],"acf":[],"aioseo_notices":[],"_links":{"self":[{"href":"https:\/\/www.lasrosas.com.ar\/portal\/wp-json\/wp\/v2\/posts\/28873","targetHints":{"allow":["GET"]}}],"collection":[{"href":"https:\/\/www.lasrosas.com.ar\/portal\/wp-json\/wp\/v2\/posts"}],"about":[{"href":"https:\/\/www.lasrosas.com.ar\/portal\/wp-json\/wp\/v2\/types\/post"}],"author":[{"embeddable":true,"href":"https:\/\/www.lasrosas.com.ar\/portal\/wp-json\/wp\/v2\/users\/6"}],"replies":[{"embeddable":true,"href":"https:\/\/www.lasrosas.com.ar\/portal\/wp-json\/wp\/v2\/comments?post=28873"}],"version-history":[{"count":0,"href":"https:\/\/www.lasrosas.com.ar\/portal\/wp-json\/wp\/v2\/posts\/28873\/revisions"}],"wp:featuredmedia":[{"embeddable":true,"href":"https:\/\/www.lasrosas.com.ar\/portal\/wp-json\/wp\/v2\/media\/28874"}],"wp:attachment":[{"href":"https:\/\/www.lasrosas.com.ar\/portal\/wp-json\/wp\/v2\/media?parent=28873"}],"wp:term":[{"taxonomy":"category","embeddable":true,"href":"https:\/\/www.lasrosas.com.ar\/portal\/wp-json\/wp\/v2\/categories?post=28873"},{"taxonomy":"post_tag","embeddable":true,"href":"https:\/\/www.lasrosas.com.ar\/portal\/wp-json\/wp\/v2\/tags?post=28873"}],"curies":[{"name":"wp","href":"https:\/\/api.w.org\/{rel}","templated":true}]}}